{"id":999,"date":"2016-03-19T09:23:00","date_gmt":"2016-03-19T08:23:00","guid":{"rendered":"https:\/\/lavoiedessansvoix.fr\/lavoie\/2016\/03\/19\/archive-le-mepris-est-une-injure-augmentation-du-salaire-des-fonctionnaires\/"},"modified":"2026-04-26T21:57:28","modified_gmt":"2026-04-26T19:57:28","slug":"archive-le-mepris-est-une-injure-augmentation-du-salaire-des-fonctionnaires","status":"publish","type":"post","link":"https:\/\/lavoiedessansvoix.fr\/lavoie\/2016\/03\/19\/archive-le-mepris-est-une-injure-augmentation-du-salaire-des-fonctionnaires\/","title":{"rendered":"LE M\u00c9PRIS EST UNE INJURE  Augmentation du salaire des fonctionnaires."},"content":{"rendered":"<p>LE M\u00c9PRIS EST UNE INJURE  A propos de l&rsquo;augmentation du salaire des fonctionnaires.  Alors qu\u2019un million deux cent soixante-dix mille Fran\u00e7ais ont sign\u00e9 la p\u00e9tition \u00e9lectronique de Caroline de Haas exigeant le retrait de \u00ab la loi travail \u00bb.   Alors que des manifestations nombreuses ont d\u00e9j\u00e0 \u00e0 deux reprises battues les pav\u00e9s de nos villes et que d\u2019autres journ\u00e9es de mobilisation sont programm\u00e9es pour les jours prochains.    Alors que la jeunesse, \u00e9tudiants et lyc\u00e9ens, s\u2019insurge contre ce projet de loi.   Alors que les syndicats de salari\u00e9s, \u00e0 l\u2019exception de la CFDT \u00ab officine maison \u00bb aux ordres du gouvernement et des patrons, exigent aussi le retrait pur et simple de la loi \u00ab Khomri.   Le trio Hollande Valls Macron, colport\u00e9 par l\u2019\u00e9cho des m\u00e9dias serviles, nous annonce \u00e0 sons de trompe une augmentation, des salaires des fonctionnaires.  Apr\u00e8s dix ann\u00e9es de blocage qui ont provoqu\u00e9 \u00e0 hauteur de quelque 18 % depuis 2005 leur d\u00e9valorisation, les trois comp\u00e8res nous annoncent une augmentation royale : 1,2 % du point d\u2019indice. Mais attention, pas trop \u00e0 la fois, tous ces sous leur ferait perdre la t\u00eate aux braves gens. L\u2019augmentation se fera en deux fois, et encore pas tout de suite, la premi\u00e8re moiti\u00e9 ne prendra effet qu\u2019en juillet 2016 et l\u2019autre apr\u00e8s l\u2019\u00e9lection du successeur de Fran\u00e7ois Hollande \u00e0 l\u2019\u00c9lys\u00e9e.  Le compte n\u2019y est pas, ont remarqu\u00e9 les syndicats. En effet, loin s\u2019en faut. L\u2019astuce avec laquelle le gouvernement voulait convaincre, c\u2019est qu\u2019il ne s\u2019agit pas l\u00e0 d\u2019une quelconque prime mais d\u2019une augmentation \u00ab du point d\u2019indice \u00bb, c\u2019est-\u00e0-dire une v\u00e9ritable augmentation permanente, que les personnels concern\u00e9s pourraient peut-\u00eatre interpr\u00e9ter de mani\u00e8re \u00ab optimiste \u00bb comme un signal de \u00ab FIN \u00bb de la politique de blocage.   En fait cette annonce qui survient dans le contexte que l\u2019on sait n\u2019est qu\u2019une \u00ab mesurette \u00bb de diversion, et une man\u0153uvre grossi\u00e8re et insultante. Il s\u2019agit, au sens de l\u2019\u00e9quipe ex\u00e9cutive, de mettre un peu de baume sur les plaies afin que les personnels de la fonction publique ne rejoignent pas massivement la contestation. La jeunesse s\u2019\u00e9poumone \u00e0 le dire dans ses AG et le scande dans ses manifestations, La loi khomri, est une loi de \u00ab pr\u00e9carisation g\u00e9n\u00e9ralis\u00e9e du travail \u00bb. Mais les fonctionnaires eux, ne sont-ils pas prot\u00e9g\u00e9s par leur statut ? Ne peuvent-ils pas au moins le croire et se d\u00e9solidariser du reste des salari\u00e9s ? Certes, c\u2019est faire peu de cas du bon sens des personnels de la fonction publique. Comme si ceux-l\u00e0 ne savaient pas que le Code du travail fondu s\u2019appliquera t\u00f4t ou tard \u00e0 eux-m\u00eames, comme si ceux-l\u00e0 ne savaient pas que des milliers d\u2019emplois de la fonction publique sont d\u00e9j\u00e0 pr\u00e9caris\u00e9s ou r\u00e9troc\u00e9d\u00e9s chaque ann\u00e9e au priv\u00e9, comme si ceux-l\u00e0 n\u2019avaient pas des parents, fr\u00e8res et s\u0153urs, et des enfants qui ne sont pas ou ne seront pas tous fonctionnaires.   Mais pourquoi voudriez-vous que ce gouvernement qui s\u2019est d\u00e9j\u00e0, \u00e0 maintes reprises illustr\u00e9 par sa morgue et son m\u00e9pris du peuple soit \u00e0 une injure pr\u00e8s ?  Le quinquennat de Fran\u00e7ois Hollande, nous l\u2019avions d\u00e9j\u00e0 \u00e9crit dans de pr\u00e9c\u00e9dents articles, restera dans les annales de la cinqui\u00e8me R\u00e9publique, comme celui du m\u00e9pris du peuple. De cette posture les manifestations auront \u00e9t\u00e9 nombreuses et auront \u00e9maill\u00e9 toute la dur\u00e9e de la mandature. (Nous en donnerons ce soir une liste non exhaustive en annexe de cet article.)  Bon, mais apr\u00e8s tout, dirons-nous en conclusion,  rien de vraiment surprenant \u00e0 cela. N\u2019est-il pas naturel que l\u2019on m\u00e9prise ceux dont on s\u2019est fait une profession de les tromper ? On les m\u00e9prise d\u2019autant plus et d\u2019autant plus longtemps qu\u2019ils sont dupes et tol\u00e8rent d\u2019\u00eatre dup\u00e9s.  Les fonctionnaires se feront ils abuser ? Le compte n\u2019y est pas, ont remarqu\u00e9 d\u2019abord les syndicats et la ficelle est bien trop grosse ajoutons-nous. La duperie pourrait ne pas durer toujours. D\u2019autant plus que dans le cas l\u2019esp\u00e8ce c\u2019est \u00e0 cr\u00e9dit que le gouvernement entend s\u2019acquitter de cet engagement    Lorsque vient la clart\u00e9 quand se dissipent enfin les brumes de l\u2019enfumage, c\u2019est fr\u00e9quemment la col\u00e8re l\u00e9gitime et terrible qui survient. Attention \u00e0 vos chemises Ministres int\u00e8gres\u00a0\u00bb!    Patrick Seignon. \u00ab lavoiedessansvoix.fr \u00bb. Samedi 19 mars 2016.  Annexes :  LES \u0152UFS POURRIS DU PR\u00c9SIDENTDepuis le salon Napol\u00e9on III de l\u2019\u00c9lys\u00e9e, qu\u2019il affectionne apparemment, Fran\u00e7ois Hollande a pr\u00e9sent\u00e9 ses v\u0153ux 2016 \u00e0 la Nation.1 Souffrances, lamentations et d\u00e9clamations.\u00a0\u00bb2015 fut une ann\u00e9e de souffrance et de r\u00e9sistance, alors faisons de 2016 une ann\u00e9e de vaillance et d\u2019esp\u00e9rance\u00a0\u00bb. De souffrance, sans nul doute pour les victimes des attaques Jihadistes sur le sol national, leurs parents, leurs proches, leurs amis, tous les fran\u00e7ais meurtris inquiets et solidaires ; Mais r\u00e9sistance ? En quoi est-ce une r\u00e9sistance de s\u2019indigner de souffrir et de pleurer ? V\u0153ux, volont\u00e9 de r\u00e9sistance certainement, mais pas r\u00e9sistance. Quant aux r\u00e9actions guerri\u00e8res de notre gouvernement, ce ne sont pas des actes de r\u00e9sistance, ils s\u2019inscrivent plut\u00f4t dans le contexte de la politique internationale agressive de notre pays, ils prolongent la volont\u00e9 d\u2019immixtion de la France dans les affaires du Moyen-Orient et creusent un peu plus le lit d\u2019une guerre r\u00e9gionale g\u00e9n\u00e9ralis\u00e9e.2 Des valeurs de la R\u00e9publique et de la fiert\u00e9 nationale\u00a0\u00bbMais, malgr\u00e9 le drame, la France n&rsquo;a pas c\u00e9d\u00e9. Malgr\u00e9 les larmes, elle s&rsquo;est tenue debout. Face \u00e0 la haine, elle a montr\u00e9 la force de ses valeurs. Celles de la R\u00e9publique\u00a0\u00bb.\u00a0\u00bbFran\u00e7aises, Fran\u00e7ais, je suis fier de vous\u00a0\u00bb A dit Fran\u00e7ois Hollande.Monsieur Hollande, lui r\u00e9pliquons-nous, nous ne sommes pas fiers du tout. Nous avons honte de vous et de l\u2019image que vous donnez de la France et de sa diplomatie belliciste : celle d\u2019un Pit-bull aux ordres de son maitre l\u2019oncle Sam.3 Le danger de la France\u00a0\u00bbLa France n&rsquo;en a pas termin\u00e9 avec le terrorisme la menace est toujours l\u00e0 et reste m\u00eame \u00e0 son plus haut niveau\u00a0\u00bb. \u00ab\u00a0Mon premier devoir, c&rsquo;est de vous prot\u00e9ger, Vous prot\u00e9ger, c&rsquo;est agir \u00e0 la racine du mal : en Syrie, en Irak. C&rsquo;est pourquoi, nous avons intensifi\u00e9 nos frappes contre Daech\u00a0\u00bbPour qui donc vous prenez-vos Monsieur ! Un homme a-t-il le pouvoir de prot\u00e9ger un peuple ? Une nation ? Il n\u2019y a pas plus de \u00ab protecteur \u00bb que de \u00ab sauveur \u00bb supr\u00eame. La France est bien assez grande pour se prot\u00e9ger elle-m\u00eame. D\u2019autant que, votre d\u00e9clamation torse bomb\u00e9 : \u00ab je suis l\u00e0 pour vous prot\u00e9ger \u00bb, parait avoir pour objet en v\u00e9rit\u00e9 d\u2019occulter cette v\u00e9rit\u00e9 bien plus grande et tangible que le danger actuel de \u00bb la France est le r\u00e9sultat de votre politique internationale d\u00e9sastreuse. Comment pourriez-vous bien en \u00eatre le protecteur vous qui en \u00eates le danger ?4 Une innommable mauvaise foi\u00abLes coups portent, les jihadistes reculent, alors nous continuerons autant que n\u00e9cessaire. \u00bbPas un mot pour remercier la Russie dont l\u2019intervention d\u00e9cisive au c\u00f4t\u00e9 du Pr\u00e9sident Assad et de l\u2019arm\u00e9e r\u00e9guli\u00e8re syrienne est la cause essentielle des reculs des djihadistes. La France qui a sustent\u00e9 le djihadisme, le \u00ab Front Al-Nosra \u00bb dont Laurent Fabius disait il y a pas si longtemps encore \u00ab qu\u2019il faisait du bon boulot \u00bb, a l\u2019outrecuidance \u00e0 pr\u00e9sent de tirer la couverture \u00e0 soi, comme si les revers de ses anciens alli\u00e9s \u00e9taient les r\u00e9sultats de sa seule action pourtant en v\u00e9rit\u00e9 si marginale.5 AutocratiePour \u00ab nous prot\u00e9ger \u00bb comme il en a la pr\u00e9tention, Fran\u00e7ois Hollande aurait pu, et m\u00eame du, annoncer que la France renon\u00e7ait illico au cours belliciste de sa politique internationale et \u00e0 l\u2019inf\u00e9odation de celle-ci aux desseins imp\u00e9rialistes des USA, laquelle politique est la cause premi\u00e8re de la mont\u00e9e du danger terroriste. Qu\u2019il allait travailler \u00e0 la mise en place d\u2019une nouvelle politique internationale \u00e9quilibr\u00e9e et respectueuse de la souverainet\u00e9 et de l\u2019ind\u00e9pendance des nations et du droit des peuples \u00e0 se d\u00e9terminer eux-m\u00eames, en commen\u00e7ant par le peuple syrien auquel il aurait reconnu le droit de d\u00e9finir ce que devait \u00eatre son avenir et celui du Pr\u00e9sident A1ssad.Au lieu de \u00e7a il persiste \u00e0 vouloir nous imposer la restriction des libert\u00e9s publiques, la \u00ab l\u00e9galisation \u00bb constitutionnelle d\u2019une d\u00e9rive autoritaire de l\u2019\u00c9tat : \u00ab\u00a0J\u2019ai annonc\u00e9 une r\u00e9vision de la Constitution pour donner un fondement incontestable au recours \u00e0 l\u2019\u00e9tat d\u2019urgence lorsqu\u2019un p\u00e9ril imminent nous fait face et pour d\u00e9choir de la nationalit\u00e9 fran\u00e7aise les individus condamn\u00e9s d\u00e9finitivement pour crime terroriste. Il revient d\u00e9sormais au Parlement de prendre ses responsabilit\u00e9s. Le d\u00e9bat est l\u00e9gitime\u00a0\u00bb mais la France \u00ab\u00a0doit prendre les bonnes d\u00e9cisions au-del\u00e0 des clivages partisans\u00a0\u00bb.Avant de se renier, son Mentor, Fran\u00e7ois Mitterrand avait caract\u00e9ris\u00e9 la constitution de la 5\u00e8me r\u00e9publique de \u00ab coup d\u2019\u00c9tat permanent \u00bb, lui se propose de la hisser au statut de \u00ab dictature constitutionnelle \u00bb.6 Professions de foi m\u00e9prisableFran\u00e7ois Hollande a affirm\u00e9 que la lutte contre le ch\u00f4mage restait sa \u00ab\u00a0premi\u00e8re priorit\u00e9\u00a0\u00bb et a d\u00e9voil\u00e9 le nombre des futures nouvelles formations qui seront mise en place pour ce faire : 500 000.Autre priorit\u00e9: l&rsquo;apprentissage, car \u00ab l&rsquo;effort en faveur de la g\u00e9n\u00e9ration qui vient, c&rsquo;est un devoir sacr\u00e9 \u00bb. \u00ab Je fixe l&rsquo;objectif qu&rsquo;aucun apprenti ne soit sans employeur et qu&rsquo;aucun employeur ne demeure sans apprenti. \u00bb Il a demand\u00e9 aussi au gouvernement d&rsquo;engager \u00ab\u00a0par \u00e9tapes\u00a0\u00bb, la \u00ab\u00a0g\u00e9n\u00e9ralisation\u00a0\u00bb du service civique.Des formations ! Des apprentis ! Pour occuper quels emplois ?Pour faire reculer le ch\u00f4mage il faut cr\u00e9er des emplois, il faut cesser de \u00ab d\u00e9localiser \u00bb, il faut r\u00e9industrialiser. Et l\u00e0 pas une seule proposition. Le discours de Fran\u00e7ois Hollande est en la mati\u00e8re un tissu de mensonge et de professions de foi m\u00e9prisables : Des formations, des apprentis, la g\u00e9n\u00e9ralisation du service civique pour masquer la progression r\u00e9elle du ch\u00f4mage, pour tronquer les chiffres et tromper les fran\u00e7ais.7 Fuite en avant budg\u00e9taireQuant au \u00ab programme de grands travaux\u00a0\u00bb pour la \u00ab\u00a0croissance verte\u00a0\u00bb, qu\u2019il annonce en se f\u00e9licitant de l&rsquo;accord conclu \u00e0 l&rsquo;issue de la COP21 qui s&rsquo;est tenue \u00e0 Paris. Il s\u2019agit de l\u2019une de ces vieilles recettes \u00e9cul\u00e9es que l\u2019on appelle \u00ab plan de relance \u00bb, un soutien artificiel \u00e0 l\u2019activit\u00e9 \u00e9conomique de nature \u00e0 creuser un peu plus les d\u00e9ficits des comptes publics.9 Et le retour aux vieilles \u00ab valeurs \u00bb qui furent cause de tant de sang vers\u00e9 et de tant de malheurs pour le peuple.Souvenez-vous, il n\u2019y a pas si longtemps, l\u2019Europe, l\u2019espace Schengen, la zone euros ! On bousculait les fronti\u00e8res, on abolissait les Patries et les Nations, on marchait vers une Europe supranationale, gage de paix et de prosp\u00e9rit\u00e9. C\u2019est avec ces arguments que l\u2019on a tromp\u00e9 la jeunesse d\u2019alors qui vota majoritairement pour l\u2019adoption du trait\u00e9 de Maastricht.Aujourd\u2019hui la majorit\u00e9 des pays de la zone euros sont accabl\u00e9s par la dette, par le ch\u00f4mage de masse et la g\u00e9n\u00e9ralisation de la pr\u00e9carit\u00e9 de l\u2019emploi. La guerre est \u00e0 nos portes, et l\u2019Europe est un vecteur puissant de l\u2019embrasement de nombreux conflits dans le monde, les flux migratoires mettent en p\u00e9ril la coh\u00e9sion sociale, et le danger terroriste grandit.Alors, les voil\u00e0 qui \u00ab changent leur fusil d\u2019\u00e9paule \u00bb, en reviennent aux vieilles recettes \u00e9cul\u00e9es de grand papa,pour la d\u00e9fense, ou la pr\u00e9tendue grandeur, desquelles furent vers\u00e9es tant de larmes et de sang. \u00ab\u00a0La patrie, c&rsquo;est le fil invisible qui nous relie tous\u00a0\u00bb, \u00ab\u00a0elle est au c\u0153ur de mon engagement\u00a0\u00bb, a poursuivi le pr\u00e9sident de la R\u00e9publique. Tient donc ! La R\u00e9publique, La la\u00efcit\u00e9, puis crescendo : La \u00ab Nation \u00bb, \u00ab la Patrie \u00bb, le drapeau tricolore, la Marseillaise, \u00ab la d\u00e9ch\u00e9ance de nationalit\u00e9 \u00bb,Et tant pis si reprenant \u00e0 leur compte ces antiennes qui sont du pain b\u00e9ni pour le Front National, ils contribuent sans \u00e9tats d\u2019\u00e2me \u00e0 d\u00e9rouler le tapis rouge sous les pas de Marine Le Pen.DES V\u0152UX ? \u00ab On-en-a pas fini avec le terrorisme. \u00bb Fran\u00e7ois Hollande creuse un peu plus le lit de la guerre et promet les souffrances in\u00e9vitables qui l\u2019accompagnent. Il promet une R\u00e9publique autoritaire, des emplois fictifs pour masquer le ch\u00f4mage end\u00e9mique, la poursuite de la politique \u00e9conomique antisociale et du d\u00e9 tricotage de tous les droits sociaux. Sans vergogne il creuse le lit du Front National. NON CE NE SONT PAS DES V\u0152UX, CE SONT DES \u0152UFS POURRIS qu\u2019il offre aux Fran\u00e7ais.Patrick Seignon. \u00ab lavoiedessansvoix.fr \u00bb. Dimanche 3 janvier 2016. L\u2019HOMMAGE ET LE M\u00c9PRIS Fran\u00e7ois Hollande \u00e9tait aujourd\u2019hui \u00ab aux Invalides \u00bb pour rendre hommage aux neuf militaires Fran\u00e7ais, morts lors d\u2019un exercice, sur la base d\u2019Albacete en Espagne.L\u2019accident est survenu au centre de formation de pilotes d\u2019\u00e9lite de l\u2019Otan. Neuf hommes, jeunes, sont morts, et bien s\u00fbr, atteints par la sid\u00e9ration que provoque la mort des \u00eatres humains, nous nous inclinons sur leurs d\u00e9pouilles et partageons la douleur de leurs proches.Mais, nous nous interrogeons tout de m\u00eame, un \u00ab Hommage de la Nation, aux Invalides \u00bb ? Pourquoi donc ?Ces hommes sont morts, non dans un combat path\u00e9tique de l\u2019Histoire o\u00f9 est en jeu la survie m\u00eame de la \u00ab Nation \u00bb. Ils sont morts, pas m\u00eame dans un de ces combats coloniaux o\u00f9 \u00ab n\u00e9ocoloniaux \u00bb maudits, pour le capital et le profits, que \u00ab les responsables politiques \u00bb appellent \u00ab les int\u00e9r\u00eats de la France \u00bb, et qu\u2019ils assimilent \u00e0 pr\u00e9sent aux \u00ab morts pour la Patrie \u00bb. Non, ces hommes sont morts dans un quelconque accident du travail. Comme cela arrive \u00e0 des dizaines, voire des centaines de techniciens, ouvriers ou employ\u00e9s qui meurent eux aussi chaque ann\u00e9e, victimes d\u2019accidents ou de maladie du travail, survenus ou contract\u00e9es, \u00ab dans l\u2019exercice de leurs fonctions \u00bb Il ne me souviens pas par exemple que l\u2019on ait rendu un hommage \u00e9quivalent aux Invalides, ou \u00e0 d\u00e9faut \u00e0 la Bourse du travail aux employ\u00e9s d\u2019AZF et autres travailleurs pr\u00e9sent sur le site, morts le 21 septembre 2001 dans l\u2019explosion de l\u2019usine de Toulouse, En se livrant ainsi \u00e0 un hommage appuy\u00e9 et ostentatoire, mais non moins d\u00e9plac\u00e9, aux victimes militaires d\u2019un accident du travail, Fran\u00e7ois Hollande d\u2019une certaine mani\u00e8re ne fait-il pas offense aux victimes civiles d\u2019accidents du travail, bien plus nombreuses chaque ann\u00e9e. A trop vouloir valoriser ceux qui ont pour mission de d\u00e9fendre les int\u00e9r\u00eats capitalistes de la France \u00e0 l\u2019\u00e9tranger, le Pr\u00e9sident de la r\u00e9publique ne signale-t-il pas (encore une fois) son m\u00e9pris pour ceux qui par leur labeur produisent les richesses de la nation ?Mais l\u00e0 n\u2019est peut-\u00eatre pas l\u2019essentiel. Pourquoi cet hommage national &#8211; au seul fait que ce sont des militaires &#8211; \u00e0 ces militaires morts ?1 &#8211; Parce que Fran\u00e7ois Hollande a voulu saisir cette occasion pour en rajouter une couche sur le th\u00e8me de \u00ab l\u2019unit\u00e9 nationale \u00bb, qui sert si bien le pouvoir en place.2 \u2013 Parce qu\u2019il a voulu saisir cette occasion aussi de faire \u00ab l\u2019article \u00bb pour l\u2019arm\u00e9e et de justifier \u00ab l\u2019interventionnisme et la politique ext\u00e9rieure agressive de la France. \u00ab Il faut battre le fer quand il est chaud \u00bb. Le chef de l\u2019\u00c9tat, chef des arm\u00e9es, entend profiter encore un peu de l\u2019\u00e9motion suscit\u00e9e par l\u2018attaque terroriste du d\u00e9but janvier, qui rend l\u2019opinion plus r\u00e9ceptive \u00e0 son discours guerrier, pour la convaincre de la \u00ab justesse \u00bb de cette politique inique.Mardi 3 f\u00e9vrier 2015.LA PR\u00c9SIDENCE DU M\u00c9PRISR\u00e9agissant \u00e0 la parution au journal officiel, de d\u00e9cret d\u2019application de la r\u00e9forme du coll\u00e8ge, le lendemain de la journ\u00e9e de mobilisation des enseignants, Bruno Lemaire a qualifi\u00e9 de \u00ab m\u00e9pris \u00bb l\u2019attitude du gouvernement.D\u2019autres depuis ont utilis\u00e9 le m\u00eame mot pour s\u2019indigner de la m\u00eame chose.Sur ce point au moins, tous ceux-l\u00e0 ont raison. Le \u00ab M\u00e9pris \u00bb, du suffrage universel, des \u00e9lecteurs, des ch\u00f4meurs, des m\u00e9decins, des enseignants, des travailleurs, des salari\u00e9s, de la v\u00e9rit\u00e9, des \u00ab nations subalternes \u00bb, et de leur souverainet\u00e9 proclam\u00e9e, \u00ab lavoiedessansvoix \u00bb l\u2019avait d\u00e9j\u00e0 caract\u00e9ris\u00e9 et d\u00e9nonc\u00e9 maintes fois \u00e0 propos de nombreuses r\u00e9actions de ce gouvernement et du Pr\u00e9sident de la r\u00e9publique, dans diverses situations et configurations. Ils ont franchi le Rubicon ces derni\u00e8res semaines. A la veille des \u00e9lections cantonales Fran\u00e7ois Hollande a os\u00e9 se fiche de nous en affirmant qu\u2019il ne tiendrait aucun compte des r\u00e9sultats du scrutin, c\u2019est \u00e0 coup de \u00ab 49-3 \u00bb qu\u2019ils imposent en force la \u00ab loi Macron \u00bb, voil\u00e0 donc \u00e0 pr\u00e9sent, nouveau passage en force, qu\u2019ils s\u2019efforcent de prendre la contestation de vitesse en publiant un d\u00e9cret d\u2019application au journal officiel, et, cerise sur leur p\u00e2tisserie \u00e9c\u0153urante, ils mettent en place, dans le m\u00eame temps, un contr\u00f4le humiliant des ch\u00f4meurs, (une offre d\u2019emploi pour douze ch\u00f4meurs) plut\u00f4t que de cr\u00e9er des emplois.La nomination de Manuel Valls \u00e0 Matignon, le couple ex\u00e9cutif qu\u2019ils forment avec Fran\u00e7ois Hollande, n\u2019a fait qu\u2019accroitre la propension naturelle du Pr\u00e9sident, \u00e0 m\u00e9priser ses concitoyens. .Avec cette nouvelle affaire il n\u2019est pas exag\u00e9r\u00e9 de dire que le \u00ab m\u00e9pris \u00bb restera dans l\u2019histoire de la 5\u00e8me r\u00e9publique comme la caract\u00e9ristique de la gouvernance de Fran\u00e7ois Hollande. Mais prenez garde monsieur. C\u2019est un juste retour des choses. On est promptement m\u00e9pris\u00e9 par ceux que l\u2019on m\u00e9prise.Patrick Seignon. \u00ab lavoiedessansvoix.fr \u00bb. Vendredi 22 mai 2015.LE M\u00c9PRIS *Nous n\u2019avons pas lu, vous vous en doutez le livre de Val\u00e9rie Trierweiler, et nous ne le lirons pas. Il est de la m\u00eame veine orduri\u00e8re que celui, ant\u00e9rieur de Marcella Iacub. Pas plus que les pi\u00e8ges sexuels pour extorquer des confidences, les sales petites vengeances de l\u2019\u00e9go bless\u00e9 et des affaires sentimentales n\u2019ont \u00e0 faire dans la vie publique. Les uns et les unes insultent plus leurs auteurs que leur cible d\u00e9sign\u00e9e.Toutefois, comme tout un chacun, nous n\u2019avons pu \u00e9chapper au tapage m\u00e9diatique qui a accompagn\u00e9 la sortie de ce \u00ab livre \u00bb et avons retenu quelques assertions souvent cit\u00e9es que l\u2019auteur pr\u00eate \u00e0 son ancien concubin. Nous pensons \u00e0 ce fameux \u00ab bon mot \u00bb, \u00ab les sans dents \u00bb, par lequel Fran\u00e7ois hollande est suppos\u00e9 d\u00e9signer les pauvres. Cette \u00ab plaisanterie \u00bb priv\u00e9e, devenue publique, cens\u00e9e illustrer le m\u00e9pris de l\u2019homme d\u2019\u00c9tat pour le peuple qu\u2019il gouverne rel\u00e8ve-t-elle de la r\u00e9alit\u00e9 ou du fantasme ? Sachant l\u2019humour parfois sarcastique que d\u2019aucun pr\u00eate au pr\u00e9sident, il n\u2019y a apr\u00e8s tout rien d\u2019impossible. Vrai ou faux, nous ne nous prononcerons pas, cela est de peu de cons\u00e9quence. Mais cela nous rappelle que nous avons-nous m\u00eame \u00e0 plusieurs reprises, dans un registre politique plus \u00e9lev\u00e9, signal\u00e9 ce que nous interpr\u00e9tions comme des marques de m\u00e9pris du Pr\u00e9sident de la r\u00e9publique \u00e0 l\u2019endroit \u00ab du populaire \u00bb. Ainsi avons-nous \u00e9crit par exemple \u00e0 propos du bilan des derni\u00e8res \u00e9lections municipales : \u00ab L\u2019intervention t\u00e9l\u00e9vis\u00e9e de Fran\u00e7ois Hollande, \u00e0 20 heures ce soir est un v\u00e9ritable crachat \u00e0 la face des \u00e9lecteurs m\u00e9contents. \u00bb (\u00ab 20 heures, le crachat \u00bb 31 mars 2014.) Ou plus r\u00e9cemment encore, c\u2019\u00e9tait \u00e0 la suite des d\u00e9clarations du ministre du travail qui d\u00e9j\u00e0 ciblaient les ch\u00f4meurs -Ils ont de la suite dans les id\u00e9es &#8211; \u00ab Le proc\u00e9d\u00e9 est terrible, honteux. Ignominieusement insultant, profond\u00e9ment d\u00e9go\u00fbtant. Ouvriers, techniciens, cadres, agriculteurs, commer\u00e7ants, employ\u00e9s, salari\u00e9s, et ch\u00f4meurs bien entendu, vous tous, mes fr\u00e8res, mes camarades, qui aspiraient simplement \u00e0 gagner honn\u00eatement et d\u00e9cemment vos vies par le salaire de votre travail, souvenez-vous \u00e0 jamais de l\u2019innommable m\u00e9pris pour le monde du travail, de ces gens qui se disent \u00ab sociaux-d\u00e9mocrates \u00bb ou plus fr\u00e9quemment de \u00ab Gauche \u00bb (\u00ab Toutes hontes bues \u00bb. Mercredi 3 septembre 2014.)Le petit tango catalan improvis\u00e9 par le trio Hollande Valls, Macron, \u00e0 propos des allocations ch\u00f4mage nous apparait comme une nouvelle marque de ce m\u00e9pris qui caract\u00e9rise ces hommes \u00e0 l\u2019endroit du peuple. Est-ce vraiment avec un tel stratag\u00e8me \u00e9cul\u00e9, et au moindre co\u00fbt que Fran\u00e7ois Hollande veut \u00ab gauchir \u00bb son image ? Mais pour qui donc nous prennent-ils ?Valls et son comp\u00e8re Macron veulent remettre en cause, au d\u00e9triment des victimes que sont les ch\u00f4meurs, les r\u00e8gles qui r\u00e9gissent l\u2019assurance ch\u00f4mage. Et Hollande \u00ab faux-cul \u00bb dit : \u00ab Non ! (\u00e7a fait chef) il n\u2019y aura pas de r\u00e9forme de l\u2019assurance ch\u00f4mage\u2026. Avant 2015. Mais pourquoi \u00ab non \u00bb en ce cas ? Il aurait pu tout aussi bien dire oui, il y aura une r\u00e9forme de l\u2019assurance ch\u00f4mage mais en 2015 seulement. Voil\u00e0 le tour de passe-passe langagier par lequel Hollande a l\u2019outrecuidance de pr\u00e9tendre tromper l\u2019opinion. N\u2019est-ce pas afficher beaucoup de m\u00e9pris \u00e0 leur endroit que de croire ses contemporains et concitoyens \u00ab pauvres \u00bb assez b\u00eates pour se laisser abuser par de telles illusions grossi\u00e8res avec leurs ficelles grosses comme des aussi\u00e8res ? \u00ab Sans dents \u00bb peut-\u00eatre mais non pas sans jugement.Bien entendu tout le monde n\u2019est pas dupe, ni \u00ab \u00e0 gauche \u00bb ni \u00ab \u00e0 droite \u00bb, pour preuve l\u2019article de C\u00e9cile Cornudet paru dans \u00ab Les \u00c9chos \u00bb le 12 octobre, et que nous publions ci-dessous.Lundi 13 octobre 2014.TOUTES HONTES BUESCeux d\u2019entre vous qui rendent r\u00e9guli\u00e8rement visite \u00e0 \u00ab la voie des sans voix \u00bb, le savent, nous sommes de ceux qui ne se faisaient aucune illusion sur \u00ab le retour de la gauche \u00bb en 2012, incarn\u00e9e par Fran\u00e7ois Hollande. Nous avons \u00e9crits de nombreux articles sur le sujet que nous nous garderons de citer une nouvelle fois. Libre \u00e0 vous d\u2019aller les consulter. Au regard des r\u00e9alit\u00e9s nous pourrions nous d\u00e9cerner des \u00ab Auto satisf\u00e9cits \u00bb : \u00ab Nous l\u2019avions dit ! \u00bb \u00ab Nous l\u2019avions pr\u00e9vu ! \u00bb \u00ab C\u2019\u00e9tait \u00e9crit ! \u00bb etc. Or, en tout premier lieu, nous n\u2019en avons pas le c\u0153ur. Comment se r\u00e9jouir quand les faits qui nous donnent raison provoque tant de mal-\u00eatre de mis\u00e8re et de malheur alentour ? Mais surtout, au-del\u00e0 des apparences qui disent tant notre perspicacit\u00e9, ne nous sommes-nous pas en v\u00e9rit\u00e9 tromp\u00e9 ? Ces gens-l\u00e0 qui se pr\u00e9tendent \u00ab la gauche \u00bb ne sont pas seulement les alter-egos de \u00ab la droite \u00bb, Hollande n\u2019est pas qu\u2019un clone de Sarkozy. Ils ne font pas seulement la m\u00eame politique avec un peu de vaseline. La vaseline \u00e0 pr\u00e9sent co\u00fbte trop cher \u00e0 leurs sens. Ils sont pires, ils sont odieux, ils ne se connaissent plus de limites dans l\u2019ignominie.Avec le remaniement minist\u00e9riel provoqu\u00e9 par les derni\u00e8res \u00ab sorties \u00bb du couple Montebourg\/Hamon, tout se passe comme si Hollande et Valls s\u2019\u00e9tant lib\u00e9r\u00e9 \u00ab des boulets \u00bb qui les entravaient encore avaient d\u00e9cid\u00e9s de l\u00e2cher la bonde de leur r\u00e9alit\u00e9 contenue. Les voil\u00e0 \u00ab nus \u00bb, plus vrai que nature, terriblement r\u00e9trogrades r\u00e9actionnaires et m\u00e9prisants. Valls, le lendemain du remaniement minist\u00e9riel est all\u00e9 se pavaner et se faire applaudir \u00e0 l\u2019universit\u00e9 d\u2019\u00e9t\u00e9 du Medef. Macron qui a dit lorsqu\u2019il n\u2019\u00e9tait pas encore ministre, mais d\u00e9j\u00e0 conseiller du pr\u00e9sident de la r\u00e9publique tout de m\u00eame, qu\u2019il allait falloir remettre en cause la loi des 35 heures, s\u2019empresse de r\u00e9it\u00e9rer sa proposition. Et voil\u00e0 que Fran\u00e7ois Rebsamen se met de la partie. Ils se l\u00e2chent vous dis-je. Plus de faux-semblants, plus de pudeur, plus de respect. Ils se croient tout permis. Ils n\u2019ont plus de retenue. Ils tombent le masque.Le Ministre du travail a lanc\u00e9 hier \u00ab mardi matin Sur i-T\u00e9l\u00e9, une nouvelle bombe politique. Il aurait demand\u00e9 \u00ab \u00e0 P\u00f4le emploi de renforcer les contr\u00f4les pour v\u00e9rifier que les gens cherchent bien un emploi\u00bb. Et quand \u00e7a n&rsquo;est pas vraiment le cas: \u00abIl faut qu&rsquo;il y ait, \u00e0 un moment, une sanction.\u00bb\u2026.. \u00ab Secr\u00e9taire d&rsquo;\u00c9tat \u00e0 la R\u00e9forme de l&rsquo;\u00c9tat et \u00e0 la Simplification, Thierry Mandon a tent\u00e9 de justifier ce midi sur RMC la sortie de son coll\u00e8gue. \u00abMettez-vous \u00e0 la place du ministre du Travail, qui voit le ch\u00f4mage augmenter, \u2026\u2026 \u00bb Oui, c\u2019est bien \u00e7a. Et Thierry Mandon en voulant le justifier ne r\u00e9ussit qu\u2019\u00e0 mettre en \u00e9vidence toute la perversit\u00e9 de son coll\u00e8gue et de cette \u00e9quipe qui constatant l\u2019\u00e9chec de sa politique tente de \u00ab botter en touche \u00bb en incriminant \u00ab les mauvais ch\u00f4meurs \u00bb.Fran\u00e7ois Hollande durant deux ans, niant les r\u00e9alit\u00e9s et insultant les faits, nonobstant cyniquement les r\u00e9sultats n\u00e9cessaires de sa politique, pr\u00e9tendait que \u00ab la courbe du ch\u00f4mage allait s\u2019inverser. Il mentait effront\u00e9ment. Sauf \u00e0 \u00eatre carr\u00e9ment idiot, il n\u2019en pouvait rien croire. Mais voil\u00e0, c\u2019est dans la nature du mensonge de devoir \u00eatre un jour d\u00e9couvert. Le temps vient toujours o\u00f9 la r\u00e9alit\u00e9 le rend impraticable. Il faut bien alors trouver une explication, allumer un contre feu pour disperser la critique, trouver des responsables \u00e0 l\u2019\u00e9chec devenu incontestable. Pas question bien entendu de remettre en cause la politique \u00ab r\u00e9cessionniste \u00bb de \u00ab d\u00e9flation \u00bb salariale, n\u2019est-ce pas celle-l\u00e0 m\u00eame qui est cens\u00e9 \u00ab am\u00e9liorer la comp\u00e9titivit\u00e9 des entreprises ? Pas question non plus de remettre en cause les orientations mondialistes de l\u2019\u00e9conomie et les d\u00e9localisations, n\u2019est-ce pas celle-ci qui justifie pr\u00e9cis\u00e9ment le \u00ab grand bond social en arri\u00e8re \u00bb au pr\u00e9texte de \u00ab la comp\u00e9titivit\u00e9 n\u00e9cessaire dans la jungle du march\u00e9 mondial ? Pas question non plus d\u2019incriminer les Patrons et les entreprises dans le temps o\u00f9 leur fait des d\u00e9clarations d\u2019amour dithyrambiques. Quand on affirme qu\u2019elles sont les garantes de l\u2019activit\u00e9 \u00e9conomique et la cl\u00e9 des emplois futurs. Alors, vieille recette r\u00e9actionnaire, ce sont les victimes qui seront d\u00e9sign\u00e9es responsables. Ceux qui ne prennent aucunes part aux d\u00e9cisions mais les subissent. Non, pas m\u00eame les salari\u00e9s qui bien qu\u2019affaiblis par le contexte et t\u00e9tanis\u00e9s par la peur du ch\u00f4mage, poss\u00e8dent encore un emploi, mais leurs fr\u00e8res et s\u0153urs les plus vuln\u00e9rables car priv\u00e9s d\u2019emploi et de salaire, les exclus du \u00ab droits au travail \u00bb, les \u00ab assist\u00e9s \u00bb, en un mot \u00ab les ch\u00f4meurs \u00bb Le proc\u00e9d\u00e9 est terrible, honteux. Ignominieusement insultant, profond\u00e9ment d\u00e9go\u00fbtant. Ouvriers, techniciens, cadres, agriculteurs, commer\u00e7ants, employ\u00e9s, salari\u00e9s, et ch\u00f4meurs bien entendu, vous tous, mes fr\u00e8res, mes camarades, qui aspiraient simplement \u00e0 gagner honn\u00eatement et d\u00e9cemment vos vies par le salaire de votre travail, souvenez-vous \u00e0 jamais de l\u2019innommable m\u00e9pris pour le monde du travail, de ces gens qui se disent \u00ab sociaux-d\u00e9mocrates \u00bb ou plus fr\u00e9quemment de \u00ab Gauche \u00bb Mercredi 3 septembre 2014.20 HEURES, LE CRACHAT La plupart des commentateurs cens\u00e9s avait exprim\u00e9 le v\u0153u que Fran\u00e7ois Hollande ne s\u2019en tiendrait pas \u00e0 un changement d\u2019\u00e9quipe, qu\u2019il y aurait aussi un changement de cap.Or, le Pr\u00e9sident de la R\u00e9publique change d\u2019\u00e9quipe et confirme le cap. Le pacte de responsabilit\u00e9 sera maintenu et m\u00eame acc\u00e9l\u00e9r\u00e9. \u00ab Il faut aider les entreprises car se sont-elles qui cr\u00e9ent les emplois \u00bb. Ce seul positionnement constitue en soi une injure au bon sens et \u00e0 la col\u00e8re des Fran\u00e7ais, \u00e0 l\u2019heure o\u00f9 les entreprises d\u00e9ciment les emplois par milliers. Mais lorsqu\u2019il nomme Manuel Valls \u00e0 Matignon, ce n\u2019est plus de simple insulte qu\u2019il s\u2019agit, mais de \u00ab glaviot \u00bb.Pensez un peu, Manuel Valls, \u00ab le p\u00e8re fouettard \u00bb, le socialiste le plus \u00e0 droite, plus \u00e0 droite que Fran\u00e7ois Cop\u00e9, l\u2019homme qui a dit que les Roms ne voulaient pas s\u2019int\u00e9grer, le Ministre de l\u2019int\u00e9rieur qui s\u2019est rendu coupable de la campagne liberticide contre l\u2019humoriste Dieudonn\u00e9, et n\u2019a pas craint de se livrer pour atteindre son but \u00e0 quelques manipulations frauduleuses du \u00ab Conseil d\u2019\u00c9tat \u00bbL\u2019intervention t\u00e9l\u00e9vis\u00e9e de Fran\u00e7ois Hollande, \u00e0 20 heures ce soir est un v\u00e9ritable crachat \u00e0 la face des \u00e9lecteurs m\u00e9contents.Lundi 31 mars 2014.HOLLANDE \/VALLS : IGNOMINIEUX OU IRRESPONSABLES ?\u00ab les deux mon G\u00e9n\u00e9ral \u00bbIls ont attendu le Weekend, premiers jours des vacances de la Toussaint, pour d\u00e9clencher une attaque hideuse, si l\u2019on en juge par ses moyens et ses m\u00e9thodes, contre L\u00e9onarda et sa famille et tous ceux qui les soutiennent et exigent leur retour.Ils auraient pu, eux qui se disent \u00ab r\u00e9publicains \u00bb, en r\u00e9f\u00e9rer tout autant aux valeurs de la R\u00e9publique : la France, terre d\u2019asile ; aux valeurs de la gauche \u00e0 laquelle ils pr\u00e9tendent appartenir. C\u2019eut d\u00fb-t-\u00eatre m\u00eame le mouvement naturel que la majorit\u00e9 de leur base et de leurs \u00e9lecteurs \u00e9tait en droit d\u2019attendre d\u2019eux. Ils ont pr\u00e9f\u00e9r\u00e9 s\u2019arcbouter pour leur contre-offensive sur des sondages d\u2019opinion favorables au ministre de l\u2019Int\u00e9rieur et hostile de mani\u00e8re g\u00e9n\u00e9rale \u00e0 l\u2019immigration des mis\u00e9rables.Mais ses sondages d\u2019opinions, \u00e0 consid\u00e9rer qu\u2019on puisse les prendre aux s\u00e9rieux, que disent-ils ? Ils disent la crispation s\u00e9curitaire d\u2019une population fragilis\u00e9e, exc\u00e9d\u00e9e par le ch\u00f4mage, la mis\u00e8re, les tracasseries de toutes sortes. Ils disent les phobies dangereuses d\u2019une population qui trouve dans la question \u00ab Roms \u00bb un exutoire \u00e0 sa souffrance exog\u00e8ne et \u00e0 ses col\u00e8res contenues. Tout mouvement d\u2019opinion, qu\u2019il fut convenu de pr\u00e9venir, de rassurer, de temporiser, voire de combattre si n\u00e9cessaire, parce qu\u2019ils se d\u00e9signent des cibles par d\u00e9faut socialement infond\u00e9es et de fa\u00e7on totalement injuste, et parce qu\u2019ils sont le terreau sur lequel prosp\u00e8re le Front national, dont les t\u00eates de l\u2019ex\u00e9cutif pr\u00e9tendent craindre la pouss\u00e9e \u00e9lectoraleMais c\u2019est pr\u00e9cis\u00e9ment tout le contraire qu\u2019ils ont fait. Ils n\u2019ont pas rechign\u00e9 \u00e0 instiller une dose suppl\u00e9mentaire de poisons dans les consciences. Le p\u00e8re de L\u00e9onarda a menti. Ses enfants sont n\u00e9s en Italie et non au Kosovo. L\u00e9onarda elle-m\u00eame n\u2019est peut-\u00eatre pas une \u00e9l\u00e8ve mod\u00e8le, elle s\u2019est signal\u00e9e par de nombreuses absences scolaires. Le p\u00e8re ne veux pas travailler \u00ab il dit qu\u2019il n\u2019est pas bien sans qu\u2019on puisse en savoir la raison \u00bb, et enfin, l\u2019argument qui cl\u00f4t toute discussion \u00ab il voulait s\u2019installer en France, car la France disait-il, me donnera de l\u2019argent \u00bb. Toute rh\u00e9torique ignominieuse, s\u2019agissant d\u2019une famille humili\u00e9e et ainsi stigmatis\u00e9e \u00ab en place de gr\u00e8ve \u00bb, et qui ne fait qu\u2019\u00e9tayer l\u2019argumentaire du FN et de la droite la plus radicale, apporter de l\u2019eau (croupie et naus\u00e9abonde) au moulin de la x\u00e9nophobie ambiante qui croit autour de la question \u00ab Roms \u00bb. Toute rh\u00e9torique ignominieuse \u00e0 laquelle les grands m\u00e9dias audiovisuels ont apport\u00e9 leur concours \u00ab malveillant \u00bb*, allant m\u00eame en Italie, sur les traces de la famille Dibrani, r\u00e9colter leur lot d\u2019insanit\u00e9s.Quels sont les buts poursuivis ? Faire cesser ou tout au moins fracturer le mouvement lyc\u00e9en, amorc\u00e9 peu de jours avant, qui exige le retour de L\u00e9onarda et de Khatchik. Pour atteindre ces objectifs, le pr\u00e9sident de la R\u00e9publique et le ministre de l\u2019Int\u00e9rieur, ne ce sont embarrass\u00e9s d\u2019aucunes pr\u00e9venances morales ni d&rsquo;aucunes clause de principes quel qu\u2019il soit, de \u00ab gauche \u00bb ou simplement humains. Ils n\u2019ont pas rechign\u00e9 \u00e0 recourir \u00e0 des proc\u00e9d\u00e9s ignobles. Ils sont, sondages \u00e0 la l\u2019appui all\u00e9 chercher asile parmi les fractions de l\u2019opinion favorable aux id\u00e9es de Marine Le Pen. Ont flatt\u00e9s les instincts les plus primaires, les jugements les plus lapidaires, donn\u00e9 foi et force, rendu toute leur vigueur op\u00e9rationnelle aux clich\u00e9s les plus \u00e9cul\u00e9s.En peu de mots, le positionnement, commun et solidaire, de Fran\u00e7ois Hollande et de Manuel Valls en cette affaire, sont totalement irresponsables et politiquement criminels. Il reste \u00e0 esp\u00e9rer \u00e0 pr\u00e9sent que la sanction politique s\u2019en fera sentir bient\u00f4t, dans toute sa rigueur. La poursuite et l\u2019\u00e9largissement du mouvement lyc\u00e9en, seuls, peuvent garantir cette issue.21 octobre 2013.\u00c0 PROPOS DE LA CONF\u00c9RENCE NATIONALE SUR LA PAUVRET\u00c9LE CYNISME COMME M\u00c9THODE DE GOUVERNEMENTConf\u00e9rence nationale sur la pauvret\u00e9. \u00ab SUR \u00bb bien s\u00fbr, et non pas \u00ab CONTRE \u00bb comme certains l\u2019ont \u00e9crit \u00e0 tort.Le premier ministre, Jean-Marc Eyrault et le pr\u00e9sident de la R\u00e9publique, Fran\u00e7ois Hollande, ont eu pourtant eux-m\u00eames, r\u00e9cemment, \u00e0 diverses occasions suscit\u00e9es tout expr\u00e8s, l\u2019audace de commettre cette incongruit\u00e9. Pr\u00e9tendre vouloir lutter contre la pauvret\u00e9. Eux les commis du capital, dont chacune des mesures et d\u00e9cisions (maintien de la r\u00e9forme des retraites de Sarkozy, augmentation de la TVA, all\u00e8gement des charges des entreprises au pr\u00e9texte de comp\u00e9titivit\u00e9 et d\u2019all\u00e8gement du co\u00fbt du travail, mesures en faveur de la flexibilit\u00e9 du travail\u2026\u2026.. ) ont pour objet de faire chuter le niveau des salaires et de la protection sociale, c&rsquo;est-\u00e0-dire de pr\u00e9cipiter vers la mis\u00e8re des cercles de plus en plus larges des masses salari\u00e9es.Voudrez-t-on v\u00e9ritablement lutter contre la pauvret\u00e9 ? Les mesures appropri\u00e9es tombent sous le sens, ce seraient une v\u00e9ritable politique de protection mettant fin aux d\u00e9localisations et rendant \u00e0 nouveau possible la cr\u00e9ation d\u2019emplois, particuli\u00e8rement industriels, la revalorisation des salaires et des pensions de retraite, un nouveau partage de la richesse \u00ab capital\/travail \u00bb plus \u00e9quitable, et donc une fiscalit\u00e9 r\u00e9\u00e9quilibr\u00e9e taxant plus largement les profits capitalistes. Or en la mati\u00e8re, il est de notori\u00e9t\u00e9 publique que c\u2019est tout le contraire qu\u2019ils font.Certes, pourrait-on nous objecter, en bons et loyaux serviteurs de leurs employeurs, les banques, la haute finance et les grands capitalistes, ces commis ne font que \u00ab leur Job \u00bb. En effet ! Gauche \u00ab ou \u00bb Droite ? Simple foutaise. Gauche \u00ab et \u00bb droite ne sont que les deux bras d\u2019un m\u00eame corps celui des gestionnaires patent\u00e9s des int\u00e9r\u00eats capitalistes, et ceux-l\u00e0 ne craignent pas de r\u00e9pandre la mis\u00e8re et la d\u00e9solation sur la plan\u00e8te, \u00e0 seule fin de faire croitre les profits et d\u2019accroitre la concentration capitaliste.Or, n\u2019est-ce pas, pour le premier ministre, consacrer \u00e0 l\u2019impudence que de d\u00e9clarer sans ciller : \u00ab Mon gouvernement n\u2019accepte pas et n\u2019acceptera jamais le cynisme\u2026. \u00bb. N\u2019est-ce pas m\u00eame une sorte d\u2019aveu de cynisme pleinement conscient et assum\u00e9 que de vouloir se pr\u00e9munir d\u2019une accusation que l\u2019on sait in\u00e9vitable ? De telle sorte que Jean-Marc Eyrault, en la circonstance, apparait non seulement cynique, mais en plus ind\u00e9cent.Que nous annoncent-ils en effet ?Plus 2% pour le RSA pendant cinq ans, soit, plus 50 euros en 2017.      Celui-ci passera \u00e0 485 euros en 2013.La cr\u00e9ation d\u2019un contrat sp\u00e9cifique jeune, que passeront les antennes      de \u00ab p\u00f4le emplois \u00bb (le mal nomm\u00e9) qui proposeront aux int\u00e9ress\u00e9s, soit      une formation soit un petit boulot r\u00e9mun\u00e9r\u00e9 \u00e0 peu pr\u00e8s au niveau du RSA.Le rel\u00e8vement du plafond de la CMEUn million d\u2019euros consacr\u00e9s \u00ab au logement \u00bb c&rsquo;est-\u00e0-dire      prioritairement \u00e0 la cr\u00e9ation de 10 000 places d\u2019urgences suppl\u00e9mentaires.Extension de la CMUAinsi, au total, affirment-ils, 1 \u00e0 2 milliards seront consacr\u00e9s \u00e0 la lutte contre la pauvret\u00e9. (?)Aucune de ces mesures en v\u00e9rit\u00e9 n\u2019a pour objets, de juguler la mis\u00e8re ni d\u2019en faire sortir quiconque. Comment d\u2019ailleurs cela se pourrait-il alors qu\u2019en v\u00e9rit\u00e9 on prend d\u2019autres mesures d\u2019aust\u00e9rit\u00e9 dont on sait pertinemment, que foin de sortir qui que ce soit de la pauvret\u00e9 elles vont au contraire y pr\u00e9cipiter des centaines de milliers d\u2019autres.Or, ils ne redoutent pas, les ignominieux, de nommer mensong\u00e8rement cela, \u00ab mesures de lutte contre la pauvret\u00e9 \u00bb quand il ne s\u2019agit en v\u00e9rit\u00e9 que de mesures de \u00ab gestion \u00bb et \u00ab d\u2019entretien \u00bb de celle-ci, de maintien des pauvres dans l\u2019indigence o\u00f9 ils sont, o\u00f9 ils les ont, eux ou leurs semblables, pr\u00e9cipit\u00e9s.\u00ab G\u00e9rer \u00bb la mis\u00e8re end\u00e9mique qui s\u2019empare de notre soci\u00e9t\u00e9 en \u00e9vitant autant que faire se peut, les risques de crises d\u2019\u00e9pilepsie ou de catalepsie sociale qui pourrait en r\u00e9sulter. Voil\u00e0 leur tr\u00e8s mal honorable mission en cette affaire et en v\u00e9rit\u00e9 leurs seules r\u00e9elles pr\u00e9tentions.Ces dispositions illustrent on ne peut mieux le propos de Karl Marx et Fiedrich Engels. Ne s\u2019agit-il pas en effet de \u00ab laisser d\u00e9choir son esclave au point de devoir le nourrir au lieu d\u2019\u00eatre nourri par lui \u00bb (voir la citation du manifeste du parti communiste de 1848, que nous avons publi\u00e9e hier).Le voil\u00e0 le paradoxe, br\u00fblant hurlant de v\u00e9rit\u00e9. Au plus le capitalisme s\u2019empare-t-il de toutes les sph\u00e8res de l\u2019activit\u00e9 humaine, plus grand est son potentiel productif et donc son aptitude th\u00e9orique \u00e0 satisfaire les besoins humains, et au plus, les grandes masses des peuples sont pr\u00e9cipit\u00e9es dans la mis\u00e8re et la pr\u00e9carit\u00e9 jusqu\u2019\u00e0 l\u2019exclusion et l\u2019indigence. Au plus l\u2019humanit\u00e9 est-elle riche et \u00e9conomiquement puissante et au plus les peuples sont asservis et indigents.La sentence de l\u2019histoire contre ce syst\u00e8me fou, d\u00e9coule tout enti\u00e8re de cette constatation et proclame, non pas le d\u00e9passement, mais au contraire l\u2019actualit\u00e9 br\u00fblante du \u00ab Manifeste communiste : \u00ab Le syst\u00e8me capitaliste \u00ab ne peut plus r\u00e9gner, car il est incapable d\u2019assurer l\u2019existence de ses esclaves dans le cadre de son esclavage \u00bb<\/p>\n","protected":false},"excerpt":{"rendered":"<p>LE M\u00c9PRIS EST UNE INJURE A propos de l&rsquo;augmentation du salaire des fonctionnaires. Alors qu\u2019un million deux cent soixante-dix mille [&hellip;]<\/p>\n","protected":false},"author":1,"featured_media":4619,"comment_status":"open","ping_status":"open","sticky":false,"template":"","format":"standard","meta":{"sfsi_plus_gutenberg_text_before_share":"","sfsi_plus_gutenberg_show_text_before_share":"","sfsi_plus_gutenberg_icon_type":"","sfsi_plus_gutenberg_icon_alignemt":"","sfsi_plus_gutenburg_max_per_row":"","site-sidebar-layout":"default","site-content-layout":"","ast-site-content-layout":"default","site-content-style":"default","site-sidebar-style":"default","ast-global-header-display":"","ast-banner-title-visibility":"","ast-main-header-display":"","ast-hfb-above-header-display":"","ast-hfb-below-header-display":"","ast-hfb-mobile-header-display":"","site-post-title":"","ast-breadcrumbs-content":"","ast-featured-img":"","footer-sml-layout":"","ast-disable-related-posts":"","theme-transparent-header-meta":"","adv-header-id-meta":"","stick-header-meta":"","header-above-stick-meta":"","header-main-stick-meta":"","header-below-stick-meta":"","astra-migrate-meta-layouts":"default","ast-page-background-enabled":"default","ast-page-background-meta":{"desktop":{"background-color":"var(--ast-global-color-4)","background-image":"","background-repeat":"repeat","background-position":"center center","background-size":"auto","background-attachment":"scroll","background-type":"","background-media":"","overlay-type":"","overlay-color":"","overlay-opacity":"","overlay-gradient":""},"tablet":{"background-color":"","background-image":"","background-repeat":"repeat","background-position":"center center","background-size":"auto","background-attachment":"scroll","background-type":"","background-media":"","overlay-type":"","overlay-color":"","overlay-opacity":"","overlay-gradient":""},"mobile":{"background-color":"","background-image":"","background-repeat":"repeat","background-position":"center center","background-size":"auto","background-attachment":"scroll","background-type":"","background-media":"","overlay-type":"","overlay-color":"","overlay-opacity":"","overlay-gradient":""}},"ast-content-background-meta":{"desktop":{"background-color":"var(--ast-global-color-5)","background-image":"","background-repeat":"repeat","background-position":"center center","background-size":"auto","background-attachment":"scroll","background-type":"","background-media":"","overlay-type":"","overlay-color":"","overlay-opacity":"","overlay-gradient":""},"tablet":{"background-color":"var(--ast-global-color-5)","background-image":"","background-repeat":"repeat","background-position":"center center","background-size":"auto","background-attachment":"scroll","background-type":"","background-media":"","overlay-type":"","overlay-color":"","overlay-opacity":"","overlay-gradient":""},"mobile":{"background-color":"var(--ast-global-color-5)","background-image":"","background-repeat":"repeat","background-position":"center center","background-size":"auto","background-attachment":"scroll","background-type":"","background-media":"","overlay-type":"","overlay-color":"","overlay-opacity":"","overlay-gradient":""}},"footnotes":""},"categories":[16],"tags":[],"class_list":["post-999","post","type-post","status-publish","format-standard","has-post-thumbnail","hentry","category-archives-cms"],"_links":{"self":[{"href":"https:\/\/lavoiedessansvoix.fr\/lavoie\/wp-json\/wp\/v2\/posts\/999","targetHints":{"allow":["GET"]}}],"collection":[{"href":"https:\/\/lavoiedessansvoix.fr\/lavoie\/wp-json\/wp\/v2\/posts"}],"about":[{"href":"https:\/\/lavoiedessansvoix.fr\/lavoie\/wp-json\/wp\/v2\/types\/post"}],"author":[{"embeddable":true,"href":"https:\/\/lavoiedessansvoix.fr\/lavoie\/wp-json\/wp\/v2\/users\/1"}],"replies":[{"embeddable":true,"href":"https:\/\/lavoiedessansvoix.fr\/lavoie\/wp-json\/wp\/v2\/comments?post=999"}],"version-history":[{"count":1,"href":"https:\/\/lavoiedessansvoix.fr\/lavoie\/wp-json\/wp\/v2\/posts\/999\/revisions"}],"predecessor-version":[{"id":4620,"href":"https:\/\/lavoiedessansvoix.fr\/lavoie\/wp-json\/wp\/v2\/posts\/999\/revisions\/4620"}],"wp:featuredmedia":[{"embeddable":true,"href":"https:\/\/lavoiedessansvoix.fr\/lavoie\/wp-json\/wp\/v2\/media\/4619"}],"wp:attachment":[{"href":"https:\/\/lavoiedessansvoix.fr\/lavoie\/wp-json\/wp\/v2\/media?parent=999"}],"wp:term":[{"taxonomy":"category","embeddable":true,"href":"https:\/\/lavoiedessansvoix.fr\/lavoie\/wp-json\/wp\/v2\/categories?post=999"},{"taxonomy":"post_tag","embeddable":true,"href":"https:\/\/lavoiedessansvoix.fr\/lavoie\/wp-json\/wp\/v2\/tags?post=999"}],"curies":[{"name":"wp","href":"https:\/\/api.w.org\/{rel}","templated":true}]}}