{"id":998,"date":"2016-03-21T10:28:00","date_gmt":"2016-03-21T09:28:00","guid":{"rendered":"https:\/\/lavoiedessansvoix.fr\/lavoie\/2016\/03\/21\/archive-la-valeur-du-silence\/"},"modified":"2026-04-26T21:57:18","modified_gmt":"2026-04-26T19:57:18","slug":"archive-la-valeur-du-silence","status":"publish","type":"post","link":"https:\/\/lavoiedessansvoix.fr\/lavoie\/2016\/03\/21\/archive-la-valeur-du-silence\/","title":{"rendered":"LA VALEUR DU SILENCE"},"content":{"rendered":"<p>LA VALEUR DU SILENCE   En musique le \u00ab silence \u00bb a une valeur. Mais qu\u2019elle est sa valeur, ou plus exactement son \u00ab sens \u00bb en politique et dans les sciences de la communication ?  Salah Abdeslam a \u00e9t\u00e9 appr\u00e9hend\u00e9 \u00e0 Bruxelles.   Barak Obama se pavane \u00e0 la Havane.  Malgr\u00e9 l\u2019accord l\u2019UE\/Turquie, des migrants continuent d\u2019arriver sur les iles grecques.  L\u2019UDI refuse de participer aux primaires de la droite  63 % des Fran\u00e7ais souhaitent la d\u00e9mission du Cardinal Barbarin.  14 morts dans un accident de bus en Espagne.  Ouverture du Proc\u00e8s de Sylvie Leclerc qui a tu\u00e9 son mari d\u2019un coup de fusil durant son sommeil.  Voil\u00e0 des informations que vous avez entendues. Pour certaines m\u00eames il eut fallu que vous soyez sourds et aveugles ou bien mort pour ne les entendre pas.  Mais les n\u00e9gociations de paix sur la Syrie en cours \u00e0 Gen\u00e8ve, en avez-vous entendu parler ?  Nos politiques et nos m\u00e9dias se lamentent parfois, ils ont m\u00eame r\u00e9it\u00e9r\u00e9 il y a quelques jours, \u00e0 propos des 5 ans de guerre, des 250 000 morts, des plusieurs millions de personnes d\u00e9plac\u00e9es, de Palmyre joyau antique du moyen Orient aux mains de \u00ab barbares \u00bb, des destructions massives, de la \u00ab crise migratoire \u00bb qui en a r\u00e9sult\u00e9. Larmes de crocodiles. Une nouvelle phase de n\u00e9gociations pour la paix et pour la recherche d\u2019une issue n\u00e9goci\u00e9e se d\u00e9roule actuellement \u00e0 Gen\u00e8ve. Fut-elle infime la chance donn\u00e9 \u00e0 la cessation des hostilit\u00e9s et \u00e0 la paix, eu \u00e9gard \u00e0 la gravit\u00e9 de la situation, est un \u00e9v\u00e8nement qui devrait les r\u00e9jouir et focaliser leur attention.  Mais silence !  Ils n\u2019en ont cure. Nos grands m\u00e9dias nationaux radio-t\u00e9l\u00e9vis\u00e9s n\u2019en \u00ab pipent \u00bb mot. L\u2019id\u00e9e de la paix en Syrie ne parait gu\u00e8re les enchanter.  Patrick Seignon. \u00ab lavoiedessansvoix.fr \u00bb. Lundi 21 mars 2016.<\/p>\n","protected":false},"excerpt":{"rendered":"<p>LA VALEUR DU SILENCE En musique le \u00ab silence \u00bb a une valeur. Mais qu\u2019elle est sa valeur, ou plus [&hellip;]<\/p>\n","protected":false},"author":1,"featured_media":4617,"comment_status":"open","ping_status":"open","sticky":false,"template":"","format":"standard","meta":{"sfsi_plus_gutenberg_text_before_share":"","sfsi_plus_gutenberg_show_text_before_share":"","sfsi_plus_gutenberg_icon_type":"","sfsi_plus_gutenberg_icon_alignemt":"","sfsi_plus_gutenburg_max_per_row":"","site-sidebar-layout":"default","site-content-layout":"","ast-site-content-layout":"default","site-content-style":"default","site-sidebar-style":"default","ast-global-header-display":"","ast-banner-title-visibility":"","ast-main-header-display":"","ast-hfb-above-header-display":"","ast-hfb-below-header-display":"","ast-hfb-mobile-header-display":"","site-post-title":"","ast-breadcrumbs-content":"","ast-featured-img":"","footer-sml-layout":"","ast-disable-related-posts":"","theme-transparent-header-meta":"","adv-header-id-meta":"","stick-header-meta":"","header-above-stick-meta":"","header-main-stick-meta":"","header-below-stick-meta":"","astra-migrate-meta-layouts":"default","ast-page-background-enabled":"default","ast-page-background-meta":{"desktop":{"background-color":"var(--ast-global-color-4)","background-image":"","background-repeat":"repeat","background-position":"center center","background-size":"auto","background-attachment":"scroll","background-type":"","background-media":"","overlay-type":"","overlay-color":"","overlay-opacity":"","overlay-gradient":""},"tablet":{"background-color":"","background-image":"","background-repeat":"repeat","background-position":"center center","background-size":"auto","background-attachment":"scroll","background-type":"","background-media":"","overlay-type":"","overlay-color":"","overlay-opacity":"","overlay-gradient":""},"mobile":{"background-color":"","background-image":"","background-repeat":"repeat","background-position":"center center","background-size":"auto","background-attachment":"scroll","background-type":"","background-media":"","overlay-type":"","overlay-color":"","overlay-opacity":"","overlay-gradient":""}},"ast-content-background-meta":{"desktop":{"background-color":"var(--ast-global-color-5)","background-image":"","background-repeat":"repeat","background-position":"center center","background-size":"auto","background-attachment":"scroll","background-type":"","background-media":"","overlay-type":"","overlay-color":"","overlay-opacity":"","overlay-gradient":""},"tablet":{"background-color":"var(--ast-global-color-5)","background-image":"","background-repeat":"repeat","background-position":"center center","background-size":"auto","background-attachment":"scroll","background-type":"","background-media":"","overlay-type":"","overlay-color":"","overlay-opacity":"","overlay-gradient":""},"mobile":{"background-color":"var(--ast-global-color-5)","background-image":"","background-repeat":"repeat","background-position":"center center","background-size":"auto","background-attachment":"scroll","background-type":"","background-media":"","overlay-type":"","overlay-color":"","overlay-opacity":"","overlay-gradient":""}},"footnotes":""},"categories":[16],"tags":[],"class_list":["post-998","post","type-post","status-publish","format-standard","has-post-thumbnail","hentry","category-archives-cms"],"_links":{"self":[{"href":"https:\/\/lavoiedessansvoix.fr\/lavoie\/wp-json\/wp\/v2\/posts\/998","targetHints":{"allow":["GET"]}}],"collection":[{"href":"https:\/\/lavoiedessansvoix.fr\/lavoie\/wp-json\/wp\/v2\/posts"}],"about":[{"href":"https:\/\/lavoiedessansvoix.fr\/lavoie\/wp-json\/wp\/v2\/types\/post"}],"author":[{"embeddable":true,"href":"https:\/\/lavoiedessansvoix.fr\/lavoie\/wp-json\/wp\/v2\/users\/1"}],"replies":[{"embeddable":true,"href":"https:\/\/lavoiedessansvoix.fr\/lavoie\/wp-json\/wp\/v2\/comments?post=998"}],"version-history":[{"count":1,"href":"https:\/\/lavoiedessansvoix.fr\/lavoie\/wp-json\/wp\/v2\/posts\/998\/revisions"}],"predecessor-version":[{"id":4618,"href":"https:\/\/lavoiedessansvoix.fr\/lavoie\/wp-json\/wp\/v2\/posts\/998\/revisions\/4618"}],"wp:featuredmedia":[{"embeddable":true,"href":"https:\/\/lavoiedessansvoix.fr\/lavoie\/wp-json\/wp\/v2\/media\/4617"}],"wp:attachment":[{"href":"https:\/\/lavoiedessansvoix.fr\/lavoie\/wp-json\/wp\/v2\/media?parent=998"}],"wp:term":[{"taxonomy":"category","embeddable":true,"href":"https:\/\/lavoiedessansvoix.fr\/lavoie\/wp-json\/wp\/v2\/categories?post=998"},{"taxonomy":"post_tag","embeddable":true,"href":"https:\/\/lavoiedessansvoix.fr\/lavoie\/wp-json\/wp\/v2\/tags?post=998"}],"curies":[{"name":"wp","href":"https:\/\/api.w.org\/{rel}","templated":true}]}}