{"id":997,"date":"2016-03-23T18:49:00","date_gmt":"2016-03-23T17:49:00","guid":{"rendered":"https:\/\/lavoiedessansvoix.fr\/lavoie\/2016\/03\/23\/archive-le-joker-kurde-d-obama\/"},"modified":"2026-04-26T21:57:10","modified_gmt":"2026-04-26T19:57:10","slug":"archive-le-joker-kurde-d-obama","status":"publish","type":"post","link":"https:\/\/lavoiedessansvoix.fr\/lavoie\/2016\/03\/23\/archive-le-joker-kurde-d-obama\/","title":{"rendered":"LE JOKER KURDE D\u2019OBAMA"},"content":{"rendered":"<p>LE JOKER KURDE D\u2019OBAMA   L\u2019intervention de la Russie en Syrie, a rebattu les cartes, nous l\u2019avons dit maintes fois. Elle les a rebattu m\u00eame si efficacement qu\u2019elle a sonn\u00e9 l\u2019heure de la d\u00e9b\u00e2cle de la politique occidentale au Moyen-Orient. Pour autant le cartel imp\u00e9rialiste (USA, France, RU) ne veut pas l\u00e2cher la proie. Il fait le dos rond et s\u2019affaire \u00e0 rechercher de nouveaux moyens de poursuivre son action pour atteindre les m\u00eames buts.  *  Nous avons \u00e9crit (21 mars) un article dans lequel nous nous \u00e9tonnions du silence des grands m\u00e9dias audio visuels fran\u00e7ais (nous ne savons pas pour les autres m\u00e9dias occidentaux) \u00e0 propos des n\u00e9gociations actuelles sur la paix en Syrie. Eu \u00e9gard aux souffrances inflig\u00e9es \u00e0 ce pauvre pays martyr, il nous apparaissait que la tentative, ses chances d\u2019aboutir fussent-elles t\u00e9nues,  d\u2019y r\u00e9tablir la paix et d\u2019y chercher une issue politique, constituait en soi un \u00e9v\u00e8nement majeur qui devait focaliser l\u2019attention des m\u00e9dias. Et nous nous indignions que ce ne soit pas le cas. \u00ab L\u2019id\u00e9e de la paix en Syrie ne parait gu\u00e8re les enchanter. \u00bb Telle \u00e9tait notre conclusion.  Alors, anxieux de savoir si nos craintes \u00e9taient fond\u00e9es nous avons \u00e9cout\u00e9 attentivement le lendemain plusieurs journaux t\u00e9l\u00e9vis\u00e9s de FR3 et France 2, plusieurs bulletins et flashs d\u2019informations de \u00ab France Inter \u00bb qui (n\u2019ont fait que les confirmer). Nous sommes venus interroger le Web o\u00f9 une plus grande diversit\u00e9 d\u2019expression donne \u00e0 esp\u00e9rer d\u2019y trouver quelques informations sur le sujet. Quasiment rien !  Nous avons tout de m\u00eame, le 22 mars,  trouv\u00e9 un article du \u00ab Monde.fr \u00bb du 14 mars, o\u00f9 l\u2019on apprend sous la plume d\u2019H\u00e9l\u00e8ne Sallon que \u00ab L\u2019\u00e9quation s\u2019annonce difficile \u00e0 r\u00e9soudre pour parvenir \u00e0 une solution sur la transition politique en Syrie. \u00bb. Or, John Kerry y apprend-on aussi a \u00ab fustig\u00e9 la tentative du r\u00e9gime de \u00ab faire d\u00e9railler le processus \u00bb, apr\u00e8s les d\u00e9clarations du ministre des affaires \u00e9trang\u00e8res syrien, qualifi\u00e9es de \u00ab provocation \u00bb par M. Ayrault. Samedi, le vice-premier ministre syrien Walid Al-Mouallem avait martel\u00e9 que le sort du pr\u00e9sident, Bachar Al-Assad, constituait \u00ab une ligne rouge \u00bb et que Staffan de Mistura ne pouvait se substituer au peuple syrien en parlant d\u2019\u00e9lection pr\u00e9sidentielle. \u00bb  En quoi donc cette d\u00e9claration de Mr Walid Al-Mouallem, constitue-t-elle une provocation ou peut-elle \u00eatre interpr\u00e9ter comme telle alors m\u00eame qu\u2019elle ne fait que r\u00e9it\u00e9rer pour la \u00e9ni\u00e8me fois ce qui n\u2019a cess\u00e9 d\u2019\u00eatre la position constante du r\u00e9gime l\u00e9gal syrien et de ses alli\u00e9s Russes et Iraniens ?  Ne peuvent voir l\u00e0 une provocation que ceux qui n\u2019ont aucune intention v\u00e9ritable de faire un pas sur le chemin de la paix et cherchent \u00e0 justifier leur refus par les positions de la partie adverse.  \u00ab Provocation \u00bb le terme, on le constatera en sus, a \u00e9t\u00e9 utilis\u00e9 par Jean-Marc Ayrault qui a remplac\u00e9 Laurent Fabius au minist\u00e8re des affaires \u00e9trang\u00e8res de la France. Force est d\u2019en d\u00e9duire que le changement de locataire au quai d\u2019Orsay ne constituait en aucun cas un signal d\u2019inflexion de la politique syrienne de la diplomatie Fran\u00e7aise. Ayrault, dans la lign\u00e9e de son pr\u00e9d\u00e9cesseur, et sous la conduite de Fran\u00e7ois Hollande, campe sur les positions hallucinantes qui sont celles de la France depuis l\u2019accession \u00e0 la pr\u00e9sidence de Fran\u00e7ois hollande, lequel, foin de la volont\u00e9 du peuple syrien a maintes fois  \u00ab ordonn\u00e9 \u00bb au pr\u00e9sident Assad de quitter le pouvoir.  \u00ab Fruit d\u2019un compromis entre les soutiens de l\u2019opposition, les \u00c9tats-Unis et l\u2019Arabie Saoudite en t\u00eate, et ceux du r\u00e9gime, Russie et Iran, cette r\u00e9solution (de l\u2019ONU du 18 d\u00e9cembre 2015 &#8211; NDLR) n\u2019\u00e9voque pas le sort du pr\u00e9sident Assad. Pour les premiers, le chef de l\u2019Etat syrien doit partir pendant la transition, M. Ayrault a d\u2019ailleurs r\u00e9p\u00e9t\u00e9 dimanche qu\u2019un \u00ab retour au statu quo ante \u00bb devait \u00eatre exclu. \u00bb (Le Monde.fr)  Prenant le contre-pied d\u2019un grand nombre d\u2019observateurs qui pensaient que l\u2019engagement de la France dans la lutte contre \u00ab Daesh \u00bb apr\u00e8s les attentats du 13 novembre \u00e0 Paris signifiait un changement de cap de sa politique Syrienne, nous l\u2019avions \u00e9crit dans plusieurs de nos articles : \u00ab Non la politique internationale de la France n\u2019a pas chang\u00e9 ! \u00bb (*)  Ainsi encourag\u00e9 par le soutien politique sans faille de leurs Mentor \u00ab Dans une surench\u00e8re peu propice \u00e0 l\u2019apaisement, Mohammed Allouche, le n\u00e9gociateur en chef de l\u2019opposition syrienne, dont les groupes-cl\u00e9s sont r\u00e9unis au sein du Haut Comit\u00e9 des n\u00e9gociations (HCN), a affirm\u00e9 samedi que la p\u00e9riode de transition devait commencer \u00ab avec la chute ou la mort de Bachar Al-Assad \u00bb.  Cet homme est un tenant de la n\u00e9gociation \u00e0 la \u00ab kalach \u00bb. Pourtant Monsieur Ayrault n\u2019a pas vu l\u00e0 la moindre provocation ?)  Dit \u00e0 renfort de locution latine ou avec le langage de la brutalit\u00e9, et bien qu\u2019avec l\u2019intervention russe l\u2019initiative leur ait un temps \u00e9chapp\u00e9,  ils poursuivent toujours obstin\u00e9ment les m\u00eames buts, la chute de Bachar Al-Assad, c\u2019est-\u00e0-dire la chute du r\u00e9gime baasiste la\u00efque qui assure l\u2019unit\u00e9 politique de la Syrie, et l\u2019\u00e9clatement de celle-ci en plusieurs \u00e9tats confessionnels ou ethniques.  La voil\u00e0 donc l\u2019explication de leur silence embarrass\u00e9 \u00e0 propos de la conf\u00e9rence de Gen\u00e8ve sur la Syrie. Comme nous l\u2019avions subodor\u00e9 ils ne veulent pas de la paix  Ils poursuivent toujours obstin\u00e9ment les m\u00eames buts : nous mettions en garde dans deux articles, \u00ab\u00a0La r\u00e9ponse occidentale du Berger \u00e0 la Berg\u00e8re\u00a0\u00bb 12 f\u00e9vrier 2016 et \u00ab Kerry ou la mauvaise foi criminelle \u00bb 21 f\u00e9vrier 2016) : la tr\u00eave n\u2019est qu\u2019une pause pour se donner le temps de redistribuer les forces afin de poursuivre le m\u00eame combat par d\u2019autres voies et moyens.  Un cessez le feu ? Pourquoi faire ? &#8211;  Avons-nous \u00e9crit dans le deuxi\u00e8me de ces articles &#8211; Pour se ressaisir et se red\u00e9ployer, ou pour aboutir \u00e0 une situation de statuquo de facto o\u00f9 chacune des forces en pr\u00e9sence conserverait les portions de territoire qu\u2019elles contr\u00f4lent ? Faire cesser l\u2019offensive Russo-Syrienne pour fixer la situation existante, c\u2019est-\u00e0-dire la partition, l\u2019\u00e9clatement de la Syrie. \u00bb Et dans le premier de ces articles : \u00ab La voie des sans voix \u00bb s\u2019est efforc\u00e9 d\u2019expliquer que les \u00e9volutions apparentes des positionnements am\u00e9ricains ou fran\u00e7ais ne r\u00e9sultaient pas d\u2019un changement de cap de la politique syrienne du cartel occidental, mais des flottements in\u00e9vitables dans le temps de la recherche des moyens de poursuivre la guerre anti-Assad par d\u2019autres voies et moyens. \u00bb   Poursuivre le m\u00eame combat par d\u2019autres voies et moyens ?  Les autres voies et moyens possibles \u00e0 la disposition de l\u2019Occident, sont encore nombreux et vari\u00e9s. Il peut s\u2019agir comme nous le disions ci-dessus de la partition de facto de la Syrie sur la base du gel de la situation existante. Il peut s\u2019agir des interventions ext\u00e9rieure des alli\u00e9s r\u00e9gionaux du cartel occidental : Turquie et Arabie-saoudite\/Qatar comme cela a \u00e9t\u00e9 r\u00e9cemment envisag\u00e9. Il peut s\u2019agir aussi de la proclamation d\u2019un \u00e9tat Kurde qui ferait exploser la Syrie et l\u2019Irak, et impacterait la Turquie et l\u2019Iran. Celle-ci serait de nature \u00e0 bouleverser la disposition des forces voire \u00e0 renverser un certain nombre d\u2019alliances ou d\u2019inimit\u00e9s r\u00e9gionales.  Une accumulation de faits viennent ces derniers jours confirmer ces pr\u00e9dictions pessimistes.   Dans leur intervention \u00ab anti-Daesh \u00bb en Irak, les USA avaient d\u00e9j\u00e0 beaucoup mis\u00e9 sur les milices Kurdes \u00ab Peshmergas \u00bb, auxquelles ils entendaient accorder leurs faveurs et leur appui. Ils ont, on s\u2019en souvient, r\u00e9it\u00e9r\u00e9 la m\u00eame chose lorsqu\u2019ils ont d\u00e9cid\u00e9 d\u2019\u00e9tendre leurs op\u00e9rations contre \u00ab l\u2019EI  en territoire syrien\u00bb. On se souvient que les kurdes \u00e9taient alors pourtant majoritairement solidaires du r\u00e9gime syrien et attach\u00e9s \u00e0 l\u2019unit\u00e9 territoriale et politique de la Syrie ; Or \u00ab Les trois zones autonomes du nord de la Syrie tenues par les Kurdes ont approuv\u00e9 jeudi la cr\u00e9ation d&rsquo;une entit\u00e9 \u00ab\u00a0f\u00e9d\u00e9rale d\u00e9mocratique\u00a0\u00bb, malgr\u00e9 les mises en garde de Damas et d&rsquo;Ankara. \u00bb. \u00ab\u00a0Le syst\u00e8me f\u00e9d\u00e9ral a \u00e9t\u00e9 approuv\u00e9 pour la r\u00e9gion Rojava (Kurdistan syrien), dans le Nord de la Syrie\u00a0\u00bb, a affirm\u00e9 \u00e0 l&rsquo;AFP Sihanouk Dibo, un responsable du PYD, principal parti kurde en Syrie. \u00bb (Fr.sputniknews.com). De plus, Isra\u00ebl, le prot\u00e9g\u00e9 et l\u2019ind\u00e9fectible alli\u00e9 des USA dans la r\u00e9gion milite ouvertement pour la proclamation d\u2019un Etat Kurde. Malgr\u00e9 le contexte de confrontation indirecte en Syrie la Turquie et l\u2019Iran viennent de nouer des contacts au niveau des ministres des affaires \u00e9trang\u00e8res, auxquels on le devine la question Kurde n\u2019est pas \u00e9trang\u00e8re.  On le voit, une intense activit\u00e9 diplomatique se d\u00e9ploie autour de la question Kurde qui pourrait bien \u00eatre le \u00ab Joker \u00bb avec lequel les USA tenteraient de transformer en victoire la d\u00e9b\u00e2cle de leur politique moyen-orientale.  Patrick Seignon. \u00ab lavoiedessansvoix.fr \u00bb Mercredi 23 mars 2016.<\/p>\n","protected":false},"excerpt":{"rendered":"<p>LE JOKER KURDE D\u2019OBAMA L\u2019intervention de la Russie en Syrie, a rebattu les cartes, nous l\u2019avons dit maintes fois. Elle [&hellip;]<\/p>\n","protected":false},"author":1,"featured_media":4615,"comment_status":"open","ping_status":"open","sticky":false,"template":"","format":"standard","meta":{"sfsi_plus_gutenberg_text_before_share":"","sfsi_plus_gutenberg_show_text_before_share":"","sfsi_plus_gutenberg_icon_type":"","sfsi_plus_gutenberg_icon_alignemt":"","sfsi_plus_gutenburg_max_per_row":"","site-sidebar-layout":"default","site-content-layout":"","ast-site-content-layout":"default","site-content-style":"default","site-sidebar-style":"default","ast-global-header-display":"","ast-banner-title-visibility":"","ast-main-header-display":"","ast-hfb-above-header-display":"","ast-hfb-below-header-display":"","ast-hfb-mobile-header-display":"","site-post-title":"","ast-breadcrumbs-content":"","ast-featured-img":"","footer-sml-layout":"","ast-disable-related-posts":"","theme-transparent-header-meta":"","adv-header-id-meta":"","stick-header-meta":"","header-above-stick-meta":"","header-main-stick-meta":"","header-below-stick-meta":"","astra-migrate-meta-layouts":"default","ast-page-background-enabled":"default","ast-page-background-meta":{"desktop":{"background-color":"var(--ast-global-color-4)","background-image":"","background-repeat":"repeat","background-position":"center center","background-size":"auto","background-attachment":"scroll","background-type":"","background-media":"","overlay-type":"","overlay-color":"","overlay-opacity":"","overlay-gradient":""},"tablet":{"background-color":"","background-image":"","background-repeat":"repeat","background-position":"center center","background-size":"auto","background-attachment":"scroll","background-type":"","background-media":"","overlay-type":"","overlay-color":"","overlay-opacity":"","overlay-gradient":""},"mobile":{"background-color":"","background-image":"","background-repeat":"repeat","background-position":"center center","background-size":"auto","background-attachment":"scroll","background-type":"","background-media":"","overlay-type":"","overlay-color":"","overlay-opacity":"","overlay-gradient":""}},"ast-content-background-meta":{"desktop":{"background-color":"var(--ast-global-color-5)","background-image":"","background-repeat":"repeat","background-position":"center center","background-size":"auto","background-attachment":"scroll","background-type":"","background-media":"","overlay-type":"","overlay-color":"","overlay-opacity":"","overlay-gradient":""},"tablet":{"background-color":"var(--ast-global-color-5)","background-image":"","background-repeat":"repeat","background-position":"center center","background-size":"auto","background-attachment":"scroll","background-type":"","background-media":"","overlay-type":"","overlay-color":"","overlay-opacity":"","overlay-gradient":""},"mobile":{"background-color":"var(--ast-global-color-5)","background-image":"","background-repeat":"repeat","background-position":"center center","background-size":"auto","background-attachment":"scroll","background-type":"","background-media":"","overlay-type":"","overlay-color":"","overlay-opacity":"","overlay-gradient":""}},"footnotes":""},"categories":[16],"tags":[],"class_list":["post-997","post","type-post","status-publish","format-standard","has-post-thumbnail","hentry","category-archives-cms"],"_links":{"self":[{"href":"https:\/\/lavoiedessansvoix.fr\/lavoie\/wp-json\/wp\/v2\/posts\/997","targetHints":{"allow":["GET"]}}],"collection":[{"href":"https:\/\/lavoiedessansvoix.fr\/lavoie\/wp-json\/wp\/v2\/posts"}],"about":[{"href":"https:\/\/lavoiedessansvoix.fr\/lavoie\/wp-json\/wp\/v2\/types\/post"}],"author":[{"embeddable":true,"href":"https:\/\/lavoiedessansvoix.fr\/lavoie\/wp-json\/wp\/v2\/users\/1"}],"replies":[{"embeddable":true,"href":"https:\/\/lavoiedessansvoix.fr\/lavoie\/wp-json\/wp\/v2\/comments?post=997"}],"version-history":[{"count":1,"href":"https:\/\/lavoiedessansvoix.fr\/lavoie\/wp-json\/wp\/v2\/posts\/997\/revisions"}],"predecessor-version":[{"id":4616,"href":"https:\/\/lavoiedessansvoix.fr\/lavoie\/wp-json\/wp\/v2\/posts\/997\/revisions\/4616"}],"wp:featuredmedia":[{"embeddable":true,"href":"https:\/\/lavoiedessansvoix.fr\/lavoie\/wp-json\/wp\/v2\/media\/4615"}],"wp:attachment":[{"href":"https:\/\/lavoiedessansvoix.fr\/lavoie\/wp-json\/wp\/v2\/media?parent=997"}],"wp:term":[{"taxonomy":"category","embeddable":true,"href":"https:\/\/lavoiedessansvoix.fr\/lavoie\/wp-json\/wp\/v2\/categories?post=997"},{"taxonomy":"post_tag","embeddable":true,"href":"https:\/\/lavoiedessansvoix.fr\/lavoie\/wp-json\/wp\/v2\/tags?post=997"}],"curies":[{"name":"wp","href":"https:\/\/api.w.org\/{rel}","templated":true}]}}