{"id":996,"date":"2016-03-24T19:31:00","date_gmt":"2016-03-24T18:31:00","guid":{"rendered":"https:\/\/lavoiedessansvoix.fr\/lavoie\/2016\/03\/24\/archive-le-degout-et-la-raison\/"},"modified":"2026-04-26T21:56:59","modified_gmt":"2026-04-26T19:56:59","slug":"archive-le-degout-et-la-raison","status":"publish","type":"post","link":"https:\/\/lavoiedessansvoix.fr\/lavoie\/2016\/03\/24\/archive-le-degout-et-la-raison\/","title":{"rendered":"LE D\u00c9GOUT ET LA RAISON"},"content":{"rendered":"<p>LE D\u00c9GOUT ET LA RAISON (Sophie Devilliers, journaliste, a publi\u00e9 sur sa page Facebook le texte que nous reproduisons en annexe pour votre \u00e9dification et auquel nous avons fait la r\u00e9ponse ci-dessous.)  Je suis surpris et chagrin m\u00eame de cette rh\u00e9torique guerri\u00e8re. \u00ab Une culture, une civilisation \u00bb \u00e9crivez-vous \u2013 \u00ab ..ne peuvent se d\u00e9fendre, quand elle sont l\u2019objet d\u2019une d\u00e9claration de guerre, que par la col\u00e8re et la d\u00e9termination au combat \u00bb ; Battons-nous, r\u00e9flexe d\u00e9fensif, proposez-vous. Nous r\u00e9fl\u00e9chirons apr\u00e8s, ou plus exactement d\u2019autres, des \u00ab sp\u00e9cialistes le feront pour nous : \u00ab il sera temps, toujours, de laisser historiens, sociologues et philosophes faire leur travail. \u00bb Ce que vous nous proposez c\u2019est d\u2019aller au front, aveugles et \u00ab bouffis \u00bb de col\u00e8re..  Aucun d\u00e9go\u00fbt madame, aucune naus\u00e9e ne justifie d\u2019annihiler la raison.  \u00ab Une culture, une civilisation ne se d\u00e9fendent pas\u2026. \u00bb Mais \u00eates-vous bien certaines madame que ce soit l\u00e0 l\u2019enjeu v\u00e9ritable des \u00e9pisodes guerriers qui se multiplient sur la plan\u00e8te ? Ne craignez-vous pas de donner foi de la sorte \u00e0 la rh\u00e9torique officielle des maitres du monde qui veulent nous conduire \u00e0 un combat que nous n\u2019avons pas voulu ? En Janvier 2002 le Pr\u00e9sident alors en exercice des \u00c9tats-Unis, Georges W Bush, tint un discours de \u00ab guerre civilisationnelle \u00bb contre le terrorisme et d\u2019appel \u00e0 la \u00ab croisade \u00bb contre les \u00c9tats qui \u00ab soutiennent le terrorisme ou ne partagent pas nos valeurs \u00bb. Il fut alors gouaill\u00e9, \u00e0 raison, par un grand nombre de responsables politiques et intellectuels de chez nous. Mais lorsque Barak Obama, sous couvert de \u00ab printemps arabe \u00bb sous l\u2019\u00e9tendard de la \u00ab\u00a0d\u00e9mocratie\u00a0\u00bb, dans les pas de son pr\u00e9d\u00e9cesseur, entreprend v\u00e9ritablement cette croisade qui ne dit pas son nom, il faudrait que l\u2019on remballe nos raisons et qu\u2019en bon petit soldat de la \u00ab d\u00e9mocratie occidentale \u00bb on ha\u00efsse et trucide l\u2019ennemi que l\u2019on nous a d\u00e9sign\u00e9 ?   La guerre que l\u2019on nous propose madame aura certes, comme toutes celles qui l\u2019on pr\u00e9c\u00e9d\u00e9es dans l\u2019histoire des cons\u00e9quences culturelles et civilisationnelles, mais comme dans toutes les guerres de l\u2019histoire les arri\u00e8res plans civilisationnel, culturels ou religieux, ne sont que des arri\u00e8res plans, les v\u00e9ritables enjeux sont ceux de la hi\u00e9rarchie des nations et de la domination \u00e9conomique.  Vous nous invitez au combat antiterroriste sans r\u00e9fl\u00e9chir, \u00ab il sera toujours temps apr\u00e8s \u00bb. C\u2019est-\u00e0-dire \u00e0 nous enr\u00f4ler et \u00e9largir m\u00eame \u00e0 un mouvement populaire la grande coalition antiterroriste.  Faire front commun avec ceux, les Frankenstein \u00bb qui ont suscit\u00e9, sustent\u00e9, financ\u00e9, arm\u00e9, entrain\u00e9, soutenu, conseill\u00e9, instrumentalis\u00e9, la cr\u00e9ature diabolique qui a \u00e9chapp\u00e9 \u00e0 leur contr\u00f4le.  Alors oui pourquoi pas, je veux bien entendre votre cri. La cr\u00e9ature nous met en danger et il faut parer au plus press\u00e9, la mettre hors d\u2019\u00e9tat de nuire. Mais pas au prix d\u2019une lobotomie de la raison. Pas en devenant les jouets et les instruments des desseins inavouables des maitres du monde. Pas au pr\u00e9texte de combattre le terrorisme en se faisant les complices de notre propre imp\u00e9rialisme et de la terreur d\u2019\u00c9tat.  Patrick Seignon. Jeudi 24 mars 2016.Annexe : Texte de Sophie Devilliers.  Nous aurons sans doute franchi un pas d\u00e9cisif dans notre opposition au fanatisme islamique quand nous cesserons de croire que pleurer (mais il le faut aussi), appeler \u00e0 l\u2019amour et la concorde universels (mais il le faut aussi), ausculter les fautes de l\u2019occident responsable de tout (mais il le faut aussi), suffiront \u00e0 battre l\u2019ennemi. Le combat contre ce fanatisme sera long et dur et il passera d\u2019abord par la d\u00e9termination de chacun de nous, citoyens fran\u00e7ais et europ\u00e9ens, \u00e0 prendre notre place dans le refus, la condamnation sans ambigu\u00eft\u00e9, l\u2019\u00e9coeurement sans nuance devant l\u2019islamo-fascisme qui pr\u00e9tend nous mettre \u00e0 genoux. Une culture, une civilisation, ne se d\u00e9fendent pas seulement \u00e0 coups de colombes, de larmes et de petits c\u0153urs. Elles ne se d\u00e9fendent pas emp\u00eatr\u00e9es dans les mailles d\u2019une plus ou moins justifi\u00e9e culpabilit\u00e9 historique. Elles ne peuvent se d\u00e9fendre, quand elles sont l\u2019objet d\u2019une d\u00e9claration de guerre, que par la col\u00e8re et la d\u00e9termination au combat. Il sera temps, toujours, de laisser historiens, sociologues et philosophes faire leur travail.(1) Encore faut-il qu\u2019ils soient toujours l\u00e0.<\/p>\n","protected":false},"excerpt":{"rendered":"<p>LE D\u00c9GOUT ET LA RAISON (Sophie Devilliers, journaliste, a publi\u00e9 sur sa page Facebook le texte que nous reproduisons en [&hellip;]<\/p>\n","protected":false},"author":1,"featured_media":4613,"comment_status":"open","ping_status":"open","sticky":false,"template":"","format":"standard","meta":{"sfsi_plus_gutenberg_text_before_share":"","sfsi_plus_gutenberg_show_text_before_share":"","sfsi_plus_gutenberg_icon_type":"","sfsi_plus_gutenberg_icon_alignemt":"","sfsi_plus_gutenburg_max_per_row":"","site-sidebar-layout":"default","site-content-layout":"","ast-site-content-layout":"default","site-content-style":"default","site-sidebar-style":"default","ast-global-header-display":"","ast-banner-title-visibility":"","ast-main-header-display":"","ast-hfb-above-header-display":"","ast-hfb-below-header-display":"","ast-hfb-mobile-header-display":"","site-post-title":"","ast-breadcrumbs-content":"","ast-featured-img":"","footer-sml-layout":"","ast-disable-related-posts":"","theme-transparent-header-meta":"","adv-header-id-meta":"","stick-header-meta":"","header-above-stick-meta":"","header-main-stick-meta":"","header-below-stick-meta":"","astra-migrate-meta-layouts":"default","ast-page-background-enabled":"default","ast-page-background-meta":{"desktop":{"background-color":"var(--ast-global-color-4)","background-image":"","background-repeat":"repeat","background-position":"center center","background-size":"auto","background-attachment":"scroll","background-type":"","background-media":"","overlay-type":"","overlay-color":"","overlay-opacity":"","overlay-gradient":""},"tablet":{"background-color":"","background-image":"","background-repeat":"repeat","background-position":"center center","background-size":"auto","background-attachment":"scroll","background-type":"","background-media":"","overlay-type":"","overlay-color":"","overlay-opacity":"","overlay-gradient":""},"mobile":{"background-color":"","background-image":"","background-repeat":"repeat","background-position":"center center","background-size":"auto","background-attachment":"scroll","background-type":"","background-media":"","overlay-type":"","overlay-color":"","overlay-opacity":"","overlay-gradient":""}},"ast-content-background-meta":{"desktop":{"background-color":"var(--ast-global-color-5)","background-image":"","background-repeat":"repeat","background-position":"center center","background-size":"auto","background-attachment":"scroll","background-type":"","background-media":"","overlay-type":"","overlay-color":"","overlay-opacity":"","overlay-gradient":""},"tablet":{"background-color":"var(--ast-global-color-5)","background-image":"","background-repeat":"repeat","background-position":"center center","background-size":"auto","background-attachment":"scroll","background-type":"","background-media":"","overlay-type":"","overlay-color":"","overlay-opacity":"","overlay-gradient":""},"mobile":{"background-color":"var(--ast-global-color-5)","background-image":"","background-repeat":"repeat","background-position":"center center","background-size":"auto","background-attachment":"scroll","background-type":"","background-media":"","overlay-type":"","overlay-color":"","overlay-opacity":"","overlay-gradient":""}},"footnotes":""},"categories":[16],"tags":[],"class_list":["post-996","post","type-post","status-publish","format-standard","has-post-thumbnail","hentry","category-archives-cms"],"_links":{"self":[{"href":"https:\/\/lavoiedessansvoix.fr\/lavoie\/wp-json\/wp\/v2\/posts\/996","targetHints":{"allow":["GET"]}}],"collection":[{"href":"https:\/\/lavoiedessansvoix.fr\/lavoie\/wp-json\/wp\/v2\/posts"}],"about":[{"href":"https:\/\/lavoiedessansvoix.fr\/lavoie\/wp-json\/wp\/v2\/types\/post"}],"author":[{"embeddable":true,"href":"https:\/\/lavoiedessansvoix.fr\/lavoie\/wp-json\/wp\/v2\/users\/1"}],"replies":[{"embeddable":true,"href":"https:\/\/lavoiedessansvoix.fr\/lavoie\/wp-json\/wp\/v2\/comments?post=996"}],"version-history":[{"count":1,"href":"https:\/\/lavoiedessansvoix.fr\/lavoie\/wp-json\/wp\/v2\/posts\/996\/revisions"}],"predecessor-version":[{"id":4614,"href":"https:\/\/lavoiedessansvoix.fr\/lavoie\/wp-json\/wp\/v2\/posts\/996\/revisions\/4614"}],"wp:featuredmedia":[{"embeddable":true,"href":"https:\/\/lavoiedessansvoix.fr\/lavoie\/wp-json\/wp\/v2\/media\/4613"}],"wp:attachment":[{"href":"https:\/\/lavoiedessansvoix.fr\/lavoie\/wp-json\/wp\/v2\/media?parent=996"}],"wp:term":[{"taxonomy":"category","embeddable":true,"href":"https:\/\/lavoiedessansvoix.fr\/lavoie\/wp-json\/wp\/v2\/categories?post=996"},{"taxonomy":"post_tag","embeddable":true,"href":"https:\/\/lavoiedessansvoix.fr\/lavoie\/wp-json\/wp\/v2\/tags?post=996"}],"curies":[{"name":"wp","href":"https:\/\/api.w.org\/{rel}","templated":true}]}}