{"id":994,"date":"2016-03-30T09:40:00","date_gmt":"2016-03-30T07:40:00","guid":{"rendered":"https:\/\/lavoiedessansvoix.fr\/lavoie\/2016\/03\/30\/archive-botte-en-touche\/"},"modified":"2026-04-26T21:56:41","modified_gmt":"2026-04-26T19:56:41","slug":"archive-botte-en-touche","status":"publish","type":"post","link":"https:\/\/lavoiedessansvoix.fr\/lavoie\/2016\/03\/30\/archive-botte-en-touche\/","title":{"rendered":"BOTTE-EN-TOUCHE"},"content":{"rendered":"<p>BOTTE-EN-TOUCHE   La semaine pass\u00e9e, \u00e0 la veille de la deuxi\u00e8me journ\u00e9e de mobilisation et de manifestation contre la loi El-Khomri, le gouvernement annon\u00e7ait une prochaine augmentation de 1,2 % du point d\u2019indice des fonctionnaires. Nous avions d\u00e9nonc\u00e9 alors les arri\u00e8re-pens\u00e9es perverses que cela sous-tendait. (\u00ab Le m\u00e9pris est une injure \u00bb 19 mars).    A la veille de la prochaine grande journ\u00e9e de lutte contre la loi \u00ab El-Khomri \u00bb, demain jeudi 31 mars, Fran\u00e7ois Hollande annonce \u00bb dans un communiqu\u00e9 solennel qu\u2019il enterre son projet de r\u00e9vision constitutionnelle sur \u00ab la d\u00e9ch\u00e9ance de nationalit\u00e9 \u00bb. Il entend de la sorte, d\u2019une part occuper l\u2019essentiel de l\u2019espace m\u00e9diatique relativisant ainsi les informations sur les pr\u00e9paratifs de la journ\u00e9e du 31 mars, d\u2019autre part  calmer, partiellement au moins \u00bb la fronde dans le PS, o\u00f9 certain faisant remarquer \u00ab le courage du chef de l\u2019\u00c9tat sur ce sujet, dirons que l\u2019on ne peut tout de m\u00eame pas lui demander de se d\u00e9culotter en renon\u00e7ant aussi au projet de \u00ab loi travail \u00bb.    \u00c7a ce sera peut-\u00eatre le point de vue de certains au PS qui ont en vue d\u2019avantage leur int\u00e9r\u00eat de parti que celui des salari\u00e9s et de la jeunesse.    Pour notre part nous pensons le contraire. Puisque Fran\u00e7ois Hollande est dispos\u00e9 au recul, il vient de le prouver, alors il faut qu\u2019il recule aussi sur la loi Khomri, qu\u2019il remballe son projet de \u00ab loi travail.  Et si des reculs successifs sont de nature \u00e0 affaiblir le Pr\u00e9sident de la r\u00e9publique, alors qu\u2019\u00e0 cela ne tienne, qu\u2019il jette l\u2019\u00e9ponge, qu\u2019il d\u00e9missionne au plus vite.    Patrick Seignon. \u00ab lavoiedessansvoix.fr \u00bb. Mercredi 30 mars 2016.<\/p>\n","protected":false},"excerpt":{"rendered":"<p>BOTTE-EN-TOUCHE La semaine pass\u00e9e, \u00e0 la veille de la deuxi\u00e8me journ\u00e9e de mobilisation et de manifestation contre la loi El-Khomri, [&hellip;]<\/p>\n","protected":false},"author":1,"featured_media":4609,"comment_status":"open","ping_status":"open","sticky":false,"template":"","format":"standard","meta":{"sfsi_plus_gutenberg_text_before_share":"","sfsi_plus_gutenberg_show_text_before_share":"","sfsi_plus_gutenberg_icon_type":"","sfsi_plus_gutenberg_icon_alignemt":"","sfsi_plus_gutenburg_max_per_row":"","site-sidebar-layout":"default","site-content-layout":"","ast-site-content-layout":"default","site-content-style":"default","site-sidebar-style":"default","ast-global-header-display":"","ast-banner-title-visibility":"","ast-main-header-display":"","ast-hfb-above-header-display":"","ast-hfb-below-header-display":"","ast-hfb-mobile-header-display":"","site-post-title":"","ast-breadcrumbs-content":"","ast-featured-img":"","footer-sml-layout":"","ast-disable-related-posts":"","theme-transparent-header-meta":"","adv-header-id-meta":"","stick-header-meta":"","header-above-stick-meta":"","header-main-stick-meta":"","header-below-stick-meta":"","astra-migrate-meta-layouts":"default","ast-page-background-enabled":"default","ast-page-background-meta":{"desktop":{"background-color":"var(--ast-global-color-4)","background-image":"","background-repeat":"repeat","background-position":"center center","background-size":"auto","background-attachment":"scroll","background-type":"","background-media":"","overlay-type":"","overlay-color":"","overlay-opacity":"","overlay-gradient":""},"tablet":{"background-color":"","background-image":"","background-repeat":"repeat","background-position":"center center","background-size":"auto","background-attachment":"scroll","background-type":"","background-media":"","overlay-type":"","overlay-color":"","overlay-opacity":"","overlay-gradient":""},"mobile":{"background-color":"","background-image":"","background-repeat":"repeat","background-position":"center center","background-size":"auto","background-attachment":"scroll","background-type":"","background-media":"","overlay-type":"","overlay-color":"","overlay-opacity":"","overlay-gradient":""}},"ast-content-background-meta":{"desktop":{"background-color":"var(--ast-global-color-5)","background-image":"","background-repeat":"repeat","background-position":"center center","background-size":"auto","background-attachment":"scroll","background-type":"","background-media":"","overlay-type":"","overlay-color":"","overlay-opacity":"","overlay-gradient":""},"tablet":{"background-color":"var(--ast-global-color-5)","background-image":"","background-repeat":"repeat","background-position":"center center","background-size":"auto","background-attachment":"scroll","background-type":"","background-media":"","overlay-type":"","overlay-color":"","overlay-opacity":"","overlay-gradient":""},"mobile":{"background-color":"var(--ast-global-color-5)","background-image":"","background-repeat":"repeat","background-position":"center center","background-size":"auto","background-attachment":"scroll","background-type":"","background-media":"","overlay-type":"","overlay-color":"","overlay-opacity":"","overlay-gradient":""}},"footnotes":""},"categories":[16],"tags":[],"class_list":["post-994","post","type-post","status-publish","format-standard","has-post-thumbnail","hentry","category-archives-cms"],"_links":{"self":[{"href":"https:\/\/lavoiedessansvoix.fr\/lavoie\/wp-json\/wp\/v2\/posts\/994","targetHints":{"allow":["GET"]}}],"collection":[{"href":"https:\/\/lavoiedessansvoix.fr\/lavoie\/wp-json\/wp\/v2\/posts"}],"about":[{"href":"https:\/\/lavoiedessansvoix.fr\/lavoie\/wp-json\/wp\/v2\/types\/post"}],"author":[{"embeddable":true,"href":"https:\/\/lavoiedessansvoix.fr\/lavoie\/wp-json\/wp\/v2\/users\/1"}],"replies":[{"embeddable":true,"href":"https:\/\/lavoiedessansvoix.fr\/lavoie\/wp-json\/wp\/v2\/comments?post=994"}],"version-history":[{"count":1,"href":"https:\/\/lavoiedessansvoix.fr\/lavoie\/wp-json\/wp\/v2\/posts\/994\/revisions"}],"predecessor-version":[{"id":4610,"href":"https:\/\/lavoiedessansvoix.fr\/lavoie\/wp-json\/wp\/v2\/posts\/994\/revisions\/4610"}],"wp:featuredmedia":[{"embeddable":true,"href":"https:\/\/lavoiedessansvoix.fr\/lavoie\/wp-json\/wp\/v2\/media\/4609"}],"wp:attachment":[{"href":"https:\/\/lavoiedessansvoix.fr\/lavoie\/wp-json\/wp\/v2\/media?parent=994"}],"wp:term":[{"taxonomy":"category","embeddable":true,"href":"https:\/\/lavoiedessansvoix.fr\/lavoie\/wp-json\/wp\/v2\/categories?post=994"},{"taxonomy":"post_tag","embeddable":true,"href":"https:\/\/lavoiedessansvoix.fr\/lavoie\/wp-json\/wp\/v2\/tags?post=994"}],"curies":[{"name":"wp","href":"https:\/\/api.w.org\/{rel}","templated":true}]}}