{"id":993,"date":"2016-03-30T15:21:00","date_gmt":"2016-03-30T13:21:00","guid":{"rendered":"https:\/\/lavoiedessansvoix.fr\/lavoie\/2016\/03\/30\/archive-lyceens-parents-la-peur-n-evite-pas-le-danger\/"},"modified":"2026-04-26T21:56:32","modified_gmt":"2026-04-26T19:56:32","slug":"archive-lyceens-parents-la-peur-n-evite-pas-le-danger","status":"publish","type":"post","link":"https:\/\/lavoiedessansvoix.fr\/lavoie\/2016\/03\/30\/archive-lyceens-parents-la-peur-n-evite-pas-le-danger\/","title":{"rendered":"LYC\u00c9ENS, PARENTS,  LA PEUR N\u2019\u00c9VITE PAS LE DANGER"},"content":{"rendered":"<p>LYC\u00c9ENS, PARENTS,  LA PEUR N\u2019\u00c9VITE PAS LE DANGER   Certains m\u00e9dias se sont attel\u00e9s \u00e0 la tache de nous faire accroire que les incidents qui se sont produits dans certains lyc\u00e9es ou dans certaines manifestations la semaine derni\u00e8re, allaient dissuader des lyc\u00e9ens de poursuivre le mouvement. Ceux-l\u00e0 ont d\u00e9j\u00e0 annonc\u00e9 le d\u00e9clin de la mobilisation lyc\u00e9enne.    Nous n\u2019y croyons pas. Nous ne pouvons pas y croire et nous sommes persuad\u00e9 que les lyc\u00e9ens vont les d\u00e9mentir cruellement, pas plus tard que demain.    La peur, celle des \u00e9l\u00e8ves, mais surtout celle des parents qui dissuaderaient voire interdiraient \u00e0 leur prog\u00e9niture de se joindre aux manifestations. Voil\u00e0 quel est l\u2019autre calcul pervers de ce gouvernement. Et il est m\u00eame tout \u00e0 fait probable qu\u2019il soit responsable pour une large part des provocations de la semaine pass\u00e9e, tout expr\u00e8s pour pouvoir user de cette grosse ficelle.    Mais le risque s\u2019il n\u2019est pas exclu sera plus limit\u00e9 ce jeudi 31 mars avec des manifestations encadr\u00e9es par les syndicats et l\u2019autre crainte du gouvernement qui bien que tent\u00e9 par la provocation a peur aussi du d\u00e9rapage et de l\u2019incontr\u00f4lable.    Au demeurant la peur n\u2019\u00e9vite pas le danger. Et le plus grand le vrai danger que vous courez vous-m\u00eame et que courent vos enfants, c\u2019est que la \u00ab loi travail \u00bb soit un jour adopt\u00e9e et la terrible r\u00e9gression sociale que cela engendrera. C\u2019est contre ce danger l\u00e0 qu\u2019il convient de pr\u00e9venir vos enfants en leur demandant au contraire de se mobiliser en masse pour le conjurer.  Patrick Seignon. \u00ab lavoiedessansvoix.fr \u00bb. Mercredi 30 mars 2016.<\/p>\n","protected":false},"excerpt":{"rendered":"<p>LYC\u00c9ENS, PARENTS, LA PEUR N\u2019\u00c9VITE PAS LE DANGER Certains m\u00e9dias se sont attel\u00e9s \u00e0 la tache de nous faire accroire [&hellip;]<\/p>\n","protected":false},"author":1,"featured_media":4607,"comment_status":"open","ping_status":"open","sticky":false,"template":"","format":"standard","meta":{"sfsi_plus_gutenberg_text_before_share":"","sfsi_plus_gutenberg_show_text_before_share":"","sfsi_plus_gutenberg_icon_type":"","sfsi_plus_gutenberg_icon_alignemt":"","sfsi_plus_gutenburg_max_per_row":"","site-sidebar-layout":"default","site-content-layout":"","ast-site-content-layout":"default","site-content-style":"default","site-sidebar-style":"default","ast-global-header-display":"","ast-banner-title-visibility":"","ast-main-header-display":"","ast-hfb-above-header-display":"","ast-hfb-below-header-display":"","ast-hfb-mobile-header-display":"","site-post-title":"","ast-breadcrumbs-content":"","ast-featured-img":"","footer-sml-layout":"","ast-disable-related-posts":"","theme-transparent-header-meta":"","adv-header-id-meta":"","stick-header-meta":"","header-above-stick-meta":"","header-main-stick-meta":"","header-below-stick-meta":"","astra-migrate-meta-layouts":"default","ast-page-background-enabled":"default","ast-page-background-meta":{"desktop":{"background-color":"var(--ast-global-color-4)","background-image":"","background-repeat":"repeat","background-position":"center center","background-size":"auto","background-attachment":"scroll","background-type":"","background-media":"","overlay-type":"","overlay-color":"","overlay-opacity":"","overlay-gradient":""},"tablet":{"background-color":"","background-image":"","background-repeat":"repeat","background-position":"center center","background-size":"auto","background-attachment":"scroll","background-type":"","background-media":"","overlay-type":"","overlay-color":"","overlay-opacity":"","overlay-gradient":""},"mobile":{"background-color":"","background-image":"","background-repeat":"repeat","background-position":"center center","background-size":"auto","background-attachment":"scroll","background-type":"","background-media":"","overlay-type":"","overlay-color":"","overlay-opacity":"","overlay-gradient":""}},"ast-content-background-meta":{"desktop":{"background-color":"var(--ast-global-color-5)","background-image":"","background-repeat":"repeat","background-position":"center center","background-size":"auto","background-attachment":"scroll","background-type":"","background-media":"","overlay-type":"","overlay-color":"","overlay-opacity":"","overlay-gradient":""},"tablet":{"background-color":"var(--ast-global-color-5)","background-image":"","background-repeat":"repeat","background-position":"center center","background-size":"auto","background-attachment":"scroll","background-type":"","background-media":"","overlay-type":"","overlay-color":"","overlay-opacity":"","overlay-gradient":""},"mobile":{"background-color":"var(--ast-global-color-5)","background-image":"","background-repeat":"repeat","background-position":"center center","background-size":"auto","background-attachment":"scroll","background-type":"","background-media":"","overlay-type":"","overlay-color":"","overlay-opacity":"","overlay-gradient":""}},"footnotes":""},"categories":[16],"tags":[],"class_list":["post-993","post","type-post","status-publish","format-standard","has-post-thumbnail","hentry","category-archives-cms"],"_links":{"self":[{"href":"https:\/\/lavoiedessansvoix.fr\/lavoie\/wp-json\/wp\/v2\/posts\/993","targetHints":{"allow":["GET"]}}],"collection":[{"href":"https:\/\/lavoiedessansvoix.fr\/lavoie\/wp-json\/wp\/v2\/posts"}],"about":[{"href":"https:\/\/lavoiedessansvoix.fr\/lavoie\/wp-json\/wp\/v2\/types\/post"}],"author":[{"embeddable":true,"href":"https:\/\/lavoiedessansvoix.fr\/lavoie\/wp-json\/wp\/v2\/users\/1"}],"replies":[{"embeddable":true,"href":"https:\/\/lavoiedessansvoix.fr\/lavoie\/wp-json\/wp\/v2\/comments?post=993"}],"version-history":[{"count":1,"href":"https:\/\/lavoiedessansvoix.fr\/lavoie\/wp-json\/wp\/v2\/posts\/993\/revisions"}],"predecessor-version":[{"id":4608,"href":"https:\/\/lavoiedessansvoix.fr\/lavoie\/wp-json\/wp\/v2\/posts\/993\/revisions\/4608"}],"wp:featuredmedia":[{"embeddable":true,"href":"https:\/\/lavoiedessansvoix.fr\/lavoie\/wp-json\/wp\/v2\/media\/4607"}],"wp:attachment":[{"href":"https:\/\/lavoiedessansvoix.fr\/lavoie\/wp-json\/wp\/v2\/media?parent=993"}],"wp:term":[{"taxonomy":"category","embeddable":true,"href":"https:\/\/lavoiedessansvoix.fr\/lavoie\/wp-json\/wp\/v2\/categories?post=993"},{"taxonomy":"post_tag","embeddable":true,"href":"https:\/\/lavoiedessansvoix.fr\/lavoie\/wp-json\/wp\/v2\/tags?post=993"}],"curies":[{"name":"wp","href":"https:\/\/api.w.org\/{rel}","templated":true}]}}