{"id":992,"date":"2016-04-01T16:47:00","date_gmt":"2016-04-01T14:47:00","guid":{"rendered":"https:\/\/lavoiedessansvoix.fr\/lavoie\/2016\/04\/01\/archive-le-dernier-coup-de-poker-de-bachar-al-assad\/"},"modified":"2026-04-26T21:56:23","modified_gmt":"2026-04-26T19:56:23","slug":"archive-le-dernier-coup-de-poker-de-bachar-al-assad","status":"publish","type":"post","link":"https:\/\/lavoiedessansvoix.fr\/lavoie\/2016\/04\/01\/archive-le-dernier-coup-de-poker-de-bachar-al-assad\/","title":{"rendered":"LE DERNIER COUP DE POKER DE BACHAR AL ASSAD ?"},"content":{"rendered":"<p>LE DERNIER COUP DE POKER DE BACHAR AL ASSAD ?   C\u2019est de cette mani\u00e8re que David Pujadas a introduit hier soir un court sujet sur la Syrie, relatant une suggestion du Pr\u00e9sident syrien de proc\u00e9der \u00e0 des \u00e9lections pr\u00e9sidentielles.   Ce ne serait qu\u2019une nouvelle \u00ab botte \u00bb de la part de ce fils du \u00ab renard du d\u00e9sert \u00bb. Celui-ci aurait dans l\u2019id\u00e9e d\u2019engranger ainsi les b\u00e9n\u00e9fices de sa victoire sur l\u2019EI \u00e0 Palmyre. \u00ab Comment peut-on organiser des \u00e9lections pr\u00e9sidentielles dans un pays en guerre que des millions de citoyens ont d\u00e9sert\u00e9 ? \u00bb Interrogeait le \u00ab journaliste fut\u00e9 \u00bb.  Or ce sont les m\u00eames qui veulent bien l\u2019organiser dans six mois \u00e0 la condition que Bachar Al Assad soit mort ou ait jet\u00e9e l\u2019\u00e9ponge. Dans six mois  et quand bien m\u00eame toutes les armes se seraient tues, pourrait-on dire vraiment que l\u2019on a tourn\u00e9 la page de la guerre ? Les r\u00e9fugi\u00e9s syriens seraient-ils tous revenus sur le sol national ?  Non bien s\u00fbr. C\u2019est que selon les occidentaux ce qui garantit le caract\u00e8re \u00e9quitable et d\u00e9mocratique des prochaines \u00e9lections pr\u00e9sidentielles en Syrie, c\u2019est que Bachar Al Assad n\u2019y participe pas. C\u2019est un  peu comme si Churchill avait voulu interdire \u00e0 De Gaulle de prendre part au r\u00e8glement de la situation politique en France en 1945.  En fait, les occidentaux qui ont \u00e0 cette \u00e9tape perdue la bataille militaire contre le r\u00e9gime Baasiste-La\u00efque syrien, ont l\u2019arrogance absolue de r\u00e9clamer \u00ab la victoire quand m\u00eame \u00bb avec l\u2019exigence incongrue du retrait de Mr Al Assad.  Ils ont perdu la bataille militaire, auraient-ils peur de perdre aussi la bataille politique ?  Que craignent-t-il donc tant?  Assad doit partir r\u00e9p\u00e8tent-ils depuis cinq ans sans rel\u00e2che les Obama, Hollande, Cameron, BHL, Fabius et \u00e0 pr\u00e9sent Ayrault. Ces derniers jours Obama, Kerry et consort, mart\u00e8lent m\u00eame cette antienne. Ils ont cr\u00e9\u00e9 de toute pi\u00e8ce le \u00ab CNS \u00bb, qu\u2019est-ce ? Qu\u2019est-il devenu ? Ils l\u2019ont investi de la qualit\u00e9 de seule instance repr\u00e9sentative du peuple syrien \u00e0 l\u2019exclusion du gouvernement l\u00e9gal qu\u2019ils rejetaient. Ils nous ont dit que Bachar \u00e9tait \u00ab un dictateur, un assassin, un boucher, un gazeur, un tyran qui tire sur son peuple, un criminel de guerre qui torture, bombarde au phosphore, \u00e0 la barrique explosive, \u00bb\u2026. Ils en ont tant dit que j\u2019en oublie. Ils le disent, peut-on au moins leur faire gr\u00e2ce de penser qu\u2019ils le croient vraiment ? Ils le croient ? C\u2019est donc qu\u2019ils croient que cela n\u2019est pas que propagande de guerre insalubre. C\u2019est donc qu\u2019ils croient que cela est la v\u00e9rit\u00e9. Alors, prenons-les au mot. Cela est la v\u00e9rit\u00e9 soit ! Dans ces conditions que risquez-vous leur demandons-nous, \u00e0 une candidature de Bachar Al Assad \u00e0 la prochaine \u00e9lection Pr\u00e9sidentielle syrienne ? Si tout cela est vrai, il est bien clair qu\u2019il n\u2019a aucune chance de l\u2019emporter !  (A moins que, vous les grands d\u00e9mocrates, preniez, les syriens pour un peuple d\u2019ignare, et que ce soit la raison pour laquelle vous pr\u00e9f\u00e9riez \u00ab voter \u00bb avant lui et en ses lieux et place.)  Patrick Seignon. \u00ab lavoiedessansvoix.fr \u00bb. Jeudi 1er avril 2016.<\/p>\n","protected":false},"excerpt":{"rendered":"<p>LE DERNIER COUP DE POKER DE BACHAR AL ASSAD ? C\u2019est de cette mani\u00e8re que David Pujadas a introduit hier [&hellip;]<\/p>\n","protected":false},"author":1,"featured_media":4605,"comment_status":"open","ping_status":"open","sticky":false,"template":"","format":"standard","meta":{"sfsi_plus_gutenberg_text_before_share":"","sfsi_plus_gutenberg_show_text_before_share":"","sfsi_plus_gutenberg_icon_type":"","sfsi_plus_gutenberg_icon_alignemt":"","sfsi_plus_gutenburg_max_per_row":"","site-sidebar-layout":"default","site-content-layout":"","ast-site-content-layout":"default","site-content-style":"default","site-sidebar-style":"default","ast-global-header-display":"","ast-banner-title-visibility":"","ast-main-header-display":"","ast-hfb-above-header-display":"","ast-hfb-below-header-display":"","ast-hfb-mobile-header-display":"","site-post-title":"","ast-breadcrumbs-content":"","ast-featured-img":"","footer-sml-layout":"","ast-disable-related-posts":"","theme-transparent-header-meta":"","adv-header-id-meta":"","stick-header-meta":"","header-above-stick-meta":"","header-main-stick-meta":"","header-below-stick-meta":"","astra-migrate-meta-layouts":"default","ast-page-background-enabled":"default","ast-page-background-meta":{"desktop":{"background-color":"var(--ast-global-color-4)","background-image":"","background-repeat":"repeat","background-position":"center center","background-size":"auto","background-attachment":"scroll","background-type":"","background-media":"","overlay-type":"","overlay-color":"","overlay-opacity":"","overlay-gradient":""},"tablet":{"background-color":"","background-image":"","background-repeat":"repeat","background-position":"center center","background-size":"auto","background-attachment":"scroll","background-type":"","background-media":"","overlay-type":"","overlay-color":"","overlay-opacity":"","overlay-gradient":""},"mobile":{"background-color":"","background-image":"","background-repeat":"repeat","background-position":"center center","background-size":"auto","background-attachment":"scroll","background-type":"","background-media":"","overlay-type":"","overlay-color":"","overlay-opacity":"","overlay-gradient":""}},"ast-content-background-meta":{"desktop":{"background-color":"var(--ast-global-color-5)","background-image":"","background-repeat":"repeat","background-position":"center center","background-size":"auto","background-attachment":"scroll","background-type":"","background-media":"","overlay-type":"","overlay-color":"","overlay-opacity":"","overlay-gradient":""},"tablet":{"background-color":"var(--ast-global-color-5)","background-image":"","background-repeat":"repeat","background-position":"center center","background-size":"auto","background-attachment":"scroll","background-type":"","background-media":"","overlay-type":"","overlay-color":"","overlay-opacity":"","overlay-gradient":""},"mobile":{"background-color":"var(--ast-global-color-5)","background-image":"","background-repeat":"repeat","background-position":"center center","background-size":"auto","background-attachment":"scroll","background-type":"","background-media":"","overlay-type":"","overlay-color":"","overlay-opacity":"","overlay-gradient":""}},"footnotes":""},"categories":[16],"tags":[],"class_list":["post-992","post","type-post","status-publish","format-standard","has-post-thumbnail","hentry","category-archives-cms"],"_links":{"self":[{"href":"https:\/\/lavoiedessansvoix.fr\/lavoie\/wp-json\/wp\/v2\/posts\/992","targetHints":{"allow":["GET"]}}],"collection":[{"href":"https:\/\/lavoiedessansvoix.fr\/lavoie\/wp-json\/wp\/v2\/posts"}],"about":[{"href":"https:\/\/lavoiedessansvoix.fr\/lavoie\/wp-json\/wp\/v2\/types\/post"}],"author":[{"embeddable":true,"href":"https:\/\/lavoiedessansvoix.fr\/lavoie\/wp-json\/wp\/v2\/users\/1"}],"replies":[{"embeddable":true,"href":"https:\/\/lavoiedessansvoix.fr\/lavoie\/wp-json\/wp\/v2\/comments?post=992"}],"version-history":[{"count":1,"href":"https:\/\/lavoiedessansvoix.fr\/lavoie\/wp-json\/wp\/v2\/posts\/992\/revisions"}],"predecessor-version":[{"id":4606,"href":"https:\/\/lavoiedessansvoix.fr\/lavoie\/wp-json\/wp\/v2\/posts\/992\/revisions\/4606"}],"wp:featuredmedia":[{"embeddable":true,"href":"https:\/\/lavoiedessansvoix.fr\/lavoie\/wp-json\/wp\/v2\/media\/4605"}],"wp:attachment":[{"href":"https:\/\/lavoiedessansvoix.fr\/lavoie\/wp-json\/wp\/v2\/media?parent=992"}],"wp:term":[{"taxonomy":"category","embeddable":true,"href":"https:\/\/lavoiedessansvoix.fr\/lavoie\/wp-json\/wp\/v2\/categories?post=992"},{"taxonomy":"post_tag","embeddable":true,"href":"https:\/\/lavoiedessansvoix.fr\/lavoie\/wp-json\/wp\/v2\/tags?post=992"}],"curies":[{"name":"wp","href":"https:\/\/api.w.org\/{rel}","templated":true}]}}