{"id":986,"date":"2016-04-08T17:39:00","date_gmt":"2016-04-08T15:39:00","guid":{"rendered":"https:\/\/lavoiedessansvoix.fr\/lavoie\/2016\/04\/08\/archive-le-silence-ne-tue-pas-la-rumeur\/"},"modified":"2026-04-26T21:55:28","modified_gmt":"2026-04-26T19:55:28","slug":"archive-le-silence-ne-tue-pas-la-rumeur","status":"publish","type":"post","link":"https:\/\/lavoiedessansvoix.fr\/lavoie\/2016\/04\/08\/archive-le-silence-ne-tue-pas-la-rumeur\/","title":{"rendered":"LE SILENCE NE TUE PAS LA RUMEUR"},"content":{"rendered":"<p>LE SILENCE NE TUE PAS LA RUMEUR   J\u2019ai \u00e9cout\u00e9 ce soir les journaux t\u00e9l\u00e9vis\u00e9s de France 3 et \u00ab France2 \u00bb, pas un mot, ils n\u2019ont pas souffl\u00e9 un mot des rassemblements \u00ab nuit debout \u00bb qui prennent de l\u2019ampleur et se multiplient dans de tr\u00e8s nombreuses villes de France. Ils n\u2019ont pas souffl\u00e9 un seul mot des manifestations qui vont demain sillonner les rues de plus de 200 de nos villes.  Libert\u00e9 ? Libert\u00e9 d\u2019expression ? Et dire que ces gens voulaient se faire passer il y a peu pour les champions de la libert\u00e9 de la presse et les plus ardents d\u00e9fenseurs de la libert\u00e9 d\u2019expression.  Nos grands m\u00e9dias t\u00e9l\u00e9vis\u00e9s nationaux se comportent comme \u00ab des chaines d\u2019\u00c9tats \u00bb, bien pire qu\u2019au temps gaullistes de l\u2019ORTF. Nos journalistes vedettes se comportent comme des \u00ab soldats aux ordres \u00bb, \u00e0 moins que \u00e7a soit, \u00e0 l\u2019instar de la direction nationale de la CFDT, comme des chiens de berger.  Le silence en mati\u00e8re d\u2019information est une forme de mensonge.  Mais \u00e0 quoi donc s\u2019amusent-ils ? Qu\u2019esp\u00e8rent-ils ? Il y a \u00e0 pr\u00e9sent le Web, et s\u2019il n\u2019\u00e9tait pas l\u00e0 il y aurait comme au bon vieux temps les tracts et \u00ab le bouche \u00e0 oreilles \u00bb. La mobilisation enfle et la col\u00e8re sourd. Ils peuvent faire semblant de ne pas entendre et s\u2019obstiner \u00e0 taire les faits criants. Le silence ne tue pas la rumeur et la rumeur de demain sera un vacarme.  Patrick Seignon. \u00ab lavoiedessansvoix.fr \u00bb. Vendredi 8 avril 2016.<\/p>\n","protected":false},"excerpt":{"rendered":"<p>LE SILENCE NE TUE PAS LA RUMEUR J\u2019ai \u00e9cout\u00e9 ce soir les journaux t\u00e9l\u00e9vis\u00e9s de France 3 et \u00ab France2 [&hellip;]<\/p>\n","protected":false},"author":1,"featured_media":4593,"comment_status":"open","ping_status":"open","sticky":false,"template":"","format":"standard","meta":{"sfsi_plus_gutenberg_text_before_share":"","sfsi_plus_gutenberg_show_text_before_share":"","sfsi_plus_gutenberg_icon_type":"","sfsi_plus_gutenberg_icon_alignemt":"","sfsi_plus_gutenburg_max_per_row":"","site-sidebar-layout":"default","site-content-layout":"","ast-site-content-layout":"default","site-content-style":"default","site-sidebar-style":"default","ast-global-header-display":"","ast-banner-title-visibility":"","ast-main-header-display":"","ast-hfb-above-header-display":"","ast-hfb-below-header-display":"","ast-hfb-mobile-header-display":"","site-post-title":"","ast-breadcrumbs-content":"","ast-featured-img":"","footer-sml-layout":"","ast-disable-related-posts":"","theme-transparent-header-meta":"","adv-header-id-meta":"","stick-header-meta":"","header-above-stick-meta":"","header-main-stick-meta":"","header-below-stick-meta":"","astra-migrate-meta-layouts":"default","ast-page-background-enabled":"default","ast-page-background-meta":{"desktop":{"background-color":"var(--ast-global-color-4)","background-image":"","background-repeat":"repeat","background-position":"center center","background-size":"auto","background-attachment":"scroll","background-type":"","background-media":"","overlay-type":"","overlay-color":"","overlay-opacity":"","overlay-gradient":""},"tablet":{"background-color":"","background-image":"","background-repeat":"repeat","background-position":"center center","background-size":"auto","background-attachment":"scroll","background-type":"","background-media":"","overlay-type":"","overlay-color":"","overlay-opacity":"","overlay-gradient":""},"mobile":{"background-color":"","background-image":"","background-repeat":"repeat","background-position":"center center","background-size":"auto","background-attachment":"scroll","background-type":"","background-media":"","overlay-type":"","overlay-color":"","overlay-opacity":"","overlay-gradient":""}},"ast-content-background-meta":{"desktop":{"background-color":"var(--ast-global-color-5)","background-image":"","background-repeat":"repeat","background-position":"center center","background-size":"auto","background-attachment":"scroll","background-type":"","background-media":"","overlay-type":"","overlay-color":"","overlay-opacity":"","overlay-gradient":""},"tablet":{"background-color":"var(--ast-global-color-5)","background-image":"","background-repeat":"repeat","background-position":"center center","background-size":"auto","background-attachment":"scroll","background-type":"","background-media":"","overlay-type":"","overlay-color":"","overlay-opacity":"","overlay-gradient":""},"mobile":{"background-color":"var(--ast-global-color-5)","background-image":"","background-repeat":"repeat","background-position":"center center","background-size":"auto","background-attachment":"scroll","background-type":"","background-media":"","overlay-type":"","overlay-color":"","overlay-opacity":"","overlay-gradient":""}},"footnotes":""},"categories":[16],"tags":[],"class_list":["post-986","post","type-post","status-publish","format-standard","has-post-thumbnail","hentry","category-archives-cms"],"_links":{"self":[{"href":"https:\/\/lavoiedessansvoix.fr\/lavoie\/wp-json\/wp\/v2\/posts\/986","targetHints":{"allow":["GET"]}}],"collection":[{"href":"https:\/\/lavoiedessansvoix.fr\/lavoie\/wp-json\/wp\/v2\/posts"}],"about":[{"href":"https:\/\/lavoiedessansvoix.fr\/lavoie\/wp-json\/wp\/v2\/types\/post"}],"author":[{"embeddable":true,"href":"https:\/\/lavoiedessansvoix.fr\/lavoie\/wp-json\/wp\/v2\/users\/1"}],"replies":[{"embeddable":true,"href":"https:\/\/lavoiedessansvoix.fr\/lavoie\/wp-json\/wp\/v2\/comments?post=986"}],"version-history":[{"count":1,"href":"https:\/\/lavoiedessansvoix.fr\/lavoie\/wp-json\/wp\/v2\/posts\/986\/revisions"}],"predecessor-version":[{"id":4594,"href":"https:\/\/lavoiedessansvoix.fr\/lavoie\/wp-json\/wp\/v2\/posts\/986\/revisions\/4594"}],"wp:featuredmedia":[{"embeddable":true,"href":"https:\/\/lavoiedessansvoix.fr\/lavoie\/wp-json\/wp\/v2\/media\/4593"}],"wp:attachment":[{"href":"https:\/\/lavoiedessansvoix.fr\/lavoie\/wp-json\/wp\/v2\/media?parent=986"}],"wp:term":[{"taxonomy":"category","embeddable":true,"href":"https:\/\/lavoiedessansvoix.fr\/lavoie\/wp-json\/wp\/v2\/categories?post=986"},{"taxonomy":"post_tag","embeddable":true,"href":"https:\/\/lavoiedessansvoix.fr\/lavoie\/wp-json\/wp\/v2\/tags?post=986"}],"curies":[{"name":"wp","href":"https:\/\/api.w.org\/{rel}","templated":true}]}}