{"id":983,"date":"2016-04-11T17:01:00","date_gmt":"2016-04-11T15:01:00","guid":{"rendered":"https:\/\/lavoiedessansvoix.fr\/lavoie\/2016\/04\/11\/archive-etudiants-lyceens-manouel-vous-prend-il-pour-des-billes\/"},"modified":"2026-04-26T21:55:05","modified_gmt":"2026-04-26T19:55:05","slug":"archive-etudiants-lyceens-manouel-vous-prend-il-pour-des-billes","status":"publish","type":"post","link":"https:\/\/lavoiedessansvoix.fr\/lavoie\/2016\/04\/11\/archive-etudiants-lyceens-manouel-vous-prend-il-pour-des-billes\/","title":{"rendered":"Etudiants, lyc\u00e9ens,  MANOUEL VOUS PREND-IL POUR DES BILLES ?"},"content":{"rendered":"<p>\u00c9tudiants, lyc\u00e9ens,  MANOUEL VOUS PRENDRAIT-IL POUR DES BILLES ? C\u2019est par l\u00e0 que p\u00e8chent souvent les gens sup\u00e9rieurement intelligents ou qui se prennent pour tels. C\u2019est par ce d\u00e9faut d\u2019orgueil qu\u2019ils sont bouscul\u00e9s de leur pi\u00e9destal pour se retrouver fondus dans la foule de ceux qu\u2019ils prennent pour des imb\u00e9ciles.*   Vous vous mobilisez contre un projet de \u00ab loi travail \u00bb qui se propose d\u2019imploser le Code du travail, de transformer tout emploi en emploi pr\u00e9caire, de vous contraindre \u00e0 vivre toute votre existence dans l\u2019incertitude du lendemain, de travailler plus et de gagner moins, de devoir subir l\u2019arrogance patronale et l\u2019accroissement de la souffrance au travail. Vous avez raison de vous mobiliser et de vous battre contre. Vous \u00eates les salari\u00e9s de demain, ceux pr\u00e9cis\u00e9ment pour qui ils taillent ces nouvelles relations de travail inacceptables.     Eux, le gouvernement, le Medef, les m\u00e9dias \u00e0 leur solde, ont l\u2019outrecuidance de vous prendre pour \u00ab des demeur\u00e9s \u00bb quand ils affirment que \u00ab scolaris\u00e9s \u00bb vous n\u2019\u00eates pas concern\u00e9s. Comme s\u2019ils voulaient vous condamner \u00e0 la myopie sociale. Mais ils vont bien plus loin encore dans le m\u00e9pris et l\u2019arrogance. Car n\u2019est-ce pas du m\u00e9pris de r\u00e9pondre \u00e0 c\u00f4t\u00e9 \u00e0 une question clairement pos\u00e9e ? Des 11 mesures annonc\u00e9es ce jour par Manuel Valls, (Maintien limit\u00e9 des bourses \u00e0 la fin des \u00e9tudes, caution universelle au logement, taxation des CDD, etc.) toutes sont hors sujet, pas une ne r\u00e9ponds \u00e0 la question du litige, toutes sont des esquives, de ces effets de \u00ab muleta \u00bb dont le petit catalan teigneux c\u2019est fait une sp\u00e9cialit\u00e9. Mais certaines, comme la taxation des CDD sont en plus purement d\u00e9magogiques et enti\u00e8rement incoh\u00e9rentes : on taxerait d\u2019une main le recours trop fr\u00e9quent aux CDD alors que de l\u2019autre \u00ab on s\u00e8me \u00e0 tous vents \u00bb les aides diverses \u00e0 la cr\u00e9ation d\u2019emplois et les exon\u00e9rations de charges sociales. Mais elle est surtout d\u2019autant plus d\u00e9magogique que cette mesure est cens\u00e9 lutter contre l\u2019extension du travail pr\u00e9caire dans le temps exact o\u00f9 la \u00ab loi travail \u00bb aurait pour effet, en v\u00e9rit\u00e9, de transformer tous contrat de travail en \u00ab contrat pr\u00e9caire \u00bb    Alors oui le gouvernement, et cela aussi est une injure aux intentions pures de la jeunesse, veut \u00ab acheter \u00bb, comme le note Daniel Fortin dans \u00ab les Echos.fr \u00bb, l\u2019apaisement de celle-ci. *     Alors oui, puisque certaines de ces mesures r\u00e9pondaient \u00e0 des revendications des \u00e9tudiants, les organisations repr\u00e9sentatives auraient eu tort de les rejeter.    Mais le probl\u00e8me pos\u00e9 par la mobilisation, le \u00ab d\u00e9tricotage \u00bb du code du travail qui renvoi les relations employeurs\/salari\u00e9s au temps de \u00ab Germinal \u00bb reste entier et pour notre part nous en sommes convaincus, les \u00e9tudiants et lyc\u00e9ens qui ont eu raison de prendre ce que le gouvernement donnait, ne seront pas \u00ab achet\u00e9s \u00bb pour autant. Au contraire, outr\u00e9s, meurtris par le cynisme et l\u2019arrogance de ces gens qui voudraient les prendre pour des billes, ils auront \u00e0 c\u0153ur, aux termes des vacances de p\u00e2ques, de faire rebondir la mobilisation, encore plus haut, encore plus fort, pour le retrait imm\u00e9diat et sans discussion du projet de loi El-Khomri.    Patrick Seignon. \u00ab lavoiedessansvoix.fr \u00bb Lundi 11 mars 2016.<\/p>\n","protected":false},"excerpt":{"rendered":"<p>\u00c9tudiants, lyc\u00e9ens, MANOUEL VOUS PRENDRAIT-IL POUR DES BILLES ? C\u2019est par l\u00e0 que p\u00e8chent souvent les gens sup\u00e9rieurement intelligents ou [&hellip;]<\/p>\n","protected":false},"author":1,"featured_media":4587,"comment_status":"open","ping_status":"open","sticky":false,"template":"","format":"standard","meta":{"sfsi_plus_gutenberg_text_before_share":"","sfsi_plus_gutenberg_show_text_before_share":"","sfsi_plus_gutenberg_icon_type":"","sfsi_plus_gutenberg_icon_alignemt":"","sfsi_plus_gutenburg_max_per_row":"","site-sidebar-layout":"default","site-content-layout":"","ast-site-content-layout":"default","site-content-style":"default","site-sidebar-style":"default","ast-global-header-display":"","ast-banner-title-visibility":"","ast-main-header-display":"","ast-hfb-above-header-display":"","ast-hfb-below-header-display":"","ast-hfb-mobile-header-display":"","site-post-title":"","ast-breadcrumbs-content":"","ast-featured-img":"","footer-sml-layout":"","ast-disable-related-posts":"","theme-transparent-header-meta":"","adv-header-id-meta":"","stick-header-meta":"","header-above-stick-meta":"","header-main-stick-meta":"","header-below-stick-meta":"","astra-migrate-meta-layouts":"default","ast-page-background-enabled":"default","ast-page-background-meta":{"desktop":{"background-color":"var(--ast-global-color-4)","background-image":"","background-repeat":"repeat","background-position":"center center","background-size":"auto","background-attachment":"scroll","background-type":"","background-media":"","overlay-type":"","overlay-color":"","overlay-opacity":"","overlay-gradient":""},"tablet":{"background-color":"","background-image":"","background-repeat":"repeat","background-position":"center center","background-size":"auto","background-attachment":"scroll","background-type":"","background-media":"","overlay-type":"","overlay-color":"","overlay-opacity":"","overlay-gradient":""},"mobile":{"background-color":"","background-image":"","background-repeat":"repeat","background-position":"center center","background-size":"auto","background-attachment":"scroll","background-type":"","background-media":"","overlay-type":"","overlay-color":"","overlay-opacity":"","overlay-gradient":""}},"ast-content-background-meta":{"desktop":{"background-color":"var(--ast-global-color-5)","background-image":"","background-repeat":"repeat","background-position":"center center","background-size":"auto","background-attachment":"scroll","background-type":"","background-media":"","overlay-type":"","overlay-color":"","overlay-opacity":"","overlay-gradient":""},"tablet":{"background-color":"var(--ast-global-color-5)","background-image":"","background-repeat":"repeat","background-position":"center center","background-size":"auto","background-attachment":"scroll","background-type":"","background-media":"","overlay-type":"","overlay-color":"","overlay-opacity":"","overlay-gradient":""},"mobile":{"background-color":"var(--ast-global-color-5)","background-image":"","background-repeat":"repeat","background-position":"center center","background-size":"auto","background-attachment":"scroll","background-type":"","background-media":"","overlay-type":"","overlay-color":"","overlay-opacity":"","overlay-gradient":""}},"footnotes":""},"categories":[16],"tags":[],"class_list":["post-983","post","type-post","status-publish","format-standard","has-post-thumbnail","hentry","category-archives-cms"],"_links":{"self":[{"href":"https:\/\/lavoiedessansvoix.fr\/lavoie\/wp-json\/wp\/v2\/posts\/983","targetHints":{"allow":["GET"]}}],"collection":[{"href":"https:\/\/lavoiedessansvoix.fr\/lavoie\/wp-json\/wp\/v2\/posts"}],"about":[{"href":"https:\/\/lavoiedessansvoix.fr\/lavoie\/wp-json\/wp\/v2\/types\/post"}],"author":[{"embeddable":true,"href":"https:\/\/lavoiedessansvoix.fr\/lavoie\/wp-json\/wp\/v2\/users\/1"}],"replies":[{"embeddable":true,"href":"https:\/\/lavoiedessansvoix.fr\/lavoie\/wp-json\/wp\/v2\/comments?post=983"}],"version-history":[{"count":1,"href":"https:\/\/lavoiedessansvoix.fr\/lavoie\/wp-json\/wp\/v2\/posts\/983\/revisions"}],"predecessor-version":[{"id":4588,"href":"https:\/\/lavoiedessansvoix.fr\/lavoie\/wp-json\/wp\/v2\/posts\/983\/revisions\/4588"}],"wp:featuredmedia":[{"embeddable":true,"href":"https:\/\/lavoiedessansvoix.fr\/lavoie\/wp-json\/wp\/v2\/media\/4587"}],"wp:attachment":[{"href":"https:\/\/lavoiedessansvoix.fr\/lavoie\/wp-json\/wp\/v2\/media?parent=983"}],"wp:term":[{"taxonomy":"category","embeddable":true,"href":"https:\/\/lavoiedessansvoix.fr\/lavoie\/wp-json\/wp\/v2\/categories?post=983"},{"taxonomy":"post_tag","embeddable":true,"href":"https:\/\/lavoiedessansvoix.fr\/lavoie\/wp-json\/wp\/v2\/tags?post=983"}],"curies":[{"name":"wp","href":"https:\/\/api.w.org\/{rel}","templated":true}]}}