{"id":980,"date":"2016-04-15T09:23:00","date_gmt":"2016-04-15T07:23:00","guid":{"rendered":"https:\/\/lavoiedessansvoix.fr\/lavoie\/2016\/04\/15\/archive-hollande-la-decheance\/"},"modified":"2026-04-26T21:54:38","modified_gmt":"2026-04-26T19:54:38","slug":"archive-hollande-la-decheance","status":"publish","type":"post","link":"https:\/\/lavoiedessansvoix.fr\/lavoie\/2016\/04\/15\/archive-hollande-la-decheance\/","title":{"rendered":"HOLLANDE, LA DECHEANCE"},"content":{"rendered":"<p>HOLLANDE, LA DECHEANCE  3,5 millions de t\u00e9l\u00e9spectateurs seulement auraient suivit hier \u00ab la prestation \u00bb du Pr\u00e9sident de la r\u00e9publique.  Je vous le confessai hier soir, je compte parmi les 71 % de fran\u00e7ais qui n\u2019avait pas envie d\u2019entendre Fran\u00e7ois Hollande. Cet homme de mauvaise foi a lass\u00e9 son auditoire. Pourtant j\u2019\u00e9tais \u00e0 l\u2019\u00e9coute, par devoir, pour pouvoir en rendre compte dans ces pages.   Comme je l\u2019ai d\u00e9j\u00e0 \u00e9crit hier soir, je n\u2019ai pas \u00e9t\u00e9 d\u00e9\u00e7u. Il n\u2019est jamais d\u00e9\u00e7u celui qui ne demande que ce qu\u2019il sait pouvoir attendre. Au demeurant Fran\u00e7ois Hollande ne m\u2019a jamais d\u00e9\u00e7u puisque je n\u2019ai jamais mis la moindre confiance en lui comme en t\u00e9moignent mes articles, que vous pouvez lires encore sur le site de \u00ab lavoiedessansvoix.fr \u00bb, du temps d\u00e9j\u00e0 de la campagne des \u00e9lections pr\u00e9sidentielles de 2012. Fran\u00e7ois Hollande ne pouvait me d\u00e9cevoir ce soir, moi qui n\u2019attendais de lui que d\u00e9magogie, mensonge et m\u00e9pris d\u2019autrui. Il ne m\u2019a pas d\u00e9\u00e7u en effet. Il a \u00e9t\u00e9, dans tous ces domaines, \u00e9gal \u00e0 lui-m\u00eame. J\u2019ai \u00e9tait servi comme vous tous, jusqu\u2019\u00e0 sati\u00e9t\u00e9, jusqu\u2019au d\u00e9go\u00fbt.   Egal, que dis-je ? Il s\u2019est surpass\u00e9 dans la mauvaise foi, le m\u00e9pris des jeunes et des salari\u00e9s, allant m\u00eame jusqu\u2019\u00e0 \u00ab l\u2019ordure \u00bb comme nous le verrons plus loin quand r\u00e9pondant \u00e0 la question d\u2019un journaliste il a os\u00e9 pr\u00e9tendre \u00e0 \u00ab l\u2019exemplarit\u00e9 \u00bb de la politique fran\u00e7aise dans le dossier Syrien.  M\u00e9pris :  Dans plusieurs de nos articles pr\u00e9c\u00e9dents, et encore r\u00e9cemment, nous sommes revenu sur cet aspect du positionnement de Fran\u00e7ois Hollande et par voie de cons\u00e9quence du gouvernement qu\u2019il pilote. \u00c7a nous parait-\u00eatre le trait qui caract\u00e9risera pour la m\u00e9moire collective et pour l\u2019histoire, le souvenir de ce quinquennat.  \u00ab Le fil conducteur depuis 4 ans a \u00e9t\u00e9 la volont\u00e9 de moderniser le pays sans casser son mod\u00e8le social \u00bb ? A l\u2019heure o\u00f9 la majorit\u00e9 des retrait\u00e9s n\u2019ont pas de quoi payer la moiti\u00e9 du prix mensuel d\u2019une EPADH si le besoin s\u2019en fait sentir, quand on en est \u00e0 r\u00e9duire le montant des retraites compl\u00e9mentaires. Quand des centaines de millier de fran\u00e7ais renoncent \u00e0 certains soins m\u00e9dicaux (dentaires et ophtalmologiques par exemple, quand des jeunes qui devront cotiser 42 ans d\u00e9crochent un premier emploi \u00e0 28. Quand tout est fait en v\u00e9rit\u00e9 pour pousser les salari\u00e9s fran\u00e7ais \u00e0 se convertir aux fonds de pensions ?  Peut-on imaginer en effet plus grand m\u00e9pris de son auditoire que d\u2019affirmer sans sourciller : \u00ab Les aides aux entreprises ne sont pas des aides aux patrons, c\u2019est des aides aux salari\u00e9s. \u00bb Comment des aides dont l\u2019objectif \u00e9vident ou avou\u00e9 est de faire baisser la masse salariale pourraient-elles bien \u00eatre des \u00ab aides aux salari\u00e9s \u00bb ? Le but poursuivit quand on fait baisser la masse salariale c\u2019est bien d\u2019augmenter la part du profit dans le revenu du capital ? Le salaire est le revenu du salari\u00e9, le profit est le revenu du patron et des actionnaires. Quand on fait baisser les salaires et augmenter le profit, il est bien clair que dans l\u2019intention comme dans les finalit\u00e9s il s\u2019agit d\u2019aider \u00ab les patrons \u00bb et non les salari\u00e9s.  \u00ab\u00a0La jeunesse n\u2019est jamais satisfaite\u00a0\u00bb constate Fran\u00e7ois Hollande d\u2019un air de d\u00e9pit. Voil\u00e0 une petite phrase qui parait anodine dont nous allons extraire toute la signification. Le Pr\u00e9sident se laisse aller en prof\u00e9rant cette g\u00e9n\u00e9ralit\u00e9 idiote au niveau des \u00ab philosophes de comptoir. La jeunesse est satisfaite Monsieur, quand elle a lieu de l\u2019\u00eatre. Et il faudrait dans les circonstances actuelles qu\u2019elle fut bien niaise pour l\u2019\u00eatre de votre politique. La jeunesse est \u00e9motive et souvent id\u00e9aliste, elle s\u2019embrase plus promptement que ses ain\u00e9s. Voil\u00e0 ce dont on peut convenir. Mais elle ne s\u2019embrase pas sans raison tout simplement parce qu\u2019elle serait par nature insatisfaite. Par cette saillie le Pr\u00e9sident des fran\u00e7ais entend en v\u00e9rit\u00e9 tout simplement \u00ab botter en touche \u00bb. La jeunesse est m\u00e9contente, il n\u2019y est pour rien, c\u2019est sa nature \u00e0 la jeunesse.  \u00ab 90 % pour cent des embauches se font aujourd\u2019hui en contrat \u00e0 dur\u00e9e d\u00e9termin\u00e9e \u00bb constate Fran\u00e7ois Hollande \u00ab Avec le projet El-Khomri je veux que les embauches se fassent en contrat \u00e0 dur\u00e9e ind\u00e9termin\u00e9e. \u00bb Oui, bien s\u00fbr, des embauches sous contrats \u00e0 dur\u00e9e ind\u00e9termin\u00e9e qui n\u2019en ont plus que le nom, puisque les pr\u00e9textes fournis aux employeurs, par la loi elle-m\u00eame leur permet de licencier \u00e0 leur guise et ainsi de moduler parfaitement leurs effectifs salari\u00e9s en fonction des carnets de commandes. Menteur, Fran\u00e7ois Hollande en v\u00e9rit\u00e9 veut le contraire de ce qu\u2019il pr\u00e9tend vouloir. Il veut g\u00e9n\u00e9raliser avec la loi El-Khomri les embauches en CDD et les contrats pr\u00e9caires et croient pouvoir nous abuser en les baptisant \u00ab CDI \u00bb. Il nous m\u00e9prise, il m\u00e9prise son auditoire et les salari\u00e9s, il nous prend pour des poires.  Et d\u2019affirmer bravache et un peu provocateur qu\u2019il continuera jusqu\u2019au bout de ses trois grandes r\u00e9formes. La France Monsieur ne se r\u00e9sume pas \u00e0 \u00ab son Pr\u00e9sident \u00bb ni \u00e0 la volont\u00e9 de celui-ci. Il y a aussi un peuple qui pour vous avoir \u00e9lu il y a quatre ans n\u2019en a pas pour autant perdu droit au chapitre. Et si le peuple n\u2019est pas d\u2019accord ? Que faites-vous pr\u00e9tendu \u00ab grand d\u00e9mocrate \u00bb de la volont\u00e9 du peuple ? Vous irez au bout de vos r\u00e9formes ? Peut-\u00eatre bien que oui ! Peut-\u00eatre bien que non ! N\u2019avez-vous pas le sentiment que cela d\u00e9pends aussi un peu de nous ?  Dialogue avec les Fran\u00e7ais.   \u00c7a commence par une chef d\u2019entreprise, une PME de 40 salari\u00e9s. La dame s\u2019appelle Anne-Laure Constenza. Que vient-elle faire l\u00e0 ? Elle vient servir la soupe au Pr\u00e9sident. Elle a  proteste contre les mesures limitants le recours aux stagiaires, elle a re\u00e7u en plus, nous dit-elle, un terrible coup de massue : la sur taxation des CDD. Eh oui, bien s\u00fbr, vous l\u2019avez compris, madame Constenza est partisane de la loi El-Khomri, si elle lui trouve un d\u00e9 faut c\u2019est de ne pas aller assez loin.  En devenant patronne de PME la dame est entr\u00e9e dans le monde des requins, elle l\u2019assume et entend bien \u00e0 l\u2019instar du c\u00e9l\u00e8bre squale se comporter en grand pr\u00e9dateur des oc\u00e9ans de l\u2019\u00e9conomie. Elle veut manger beaucoup de petits poissons pour devenir plus grosse et plus puissante. Elle a trois stagiaires. Elle en voudrait beaucoup plus, Plus de ces emploi que l\u2019on sous r\u00e9mun\u00e8re et dont on se d\u00e9fait \u00e0 sa guise. Elle voudrait pouvoir embaucher des gens sur des contrats de moins de 12 heures, des \u00ab journaliers \u00bb en quelque sorte. L\u2019id\u00e9al emploi de Madame Constenza ce sont des \u00ab d\u2019emplois kleenex \u00bb. Et c\u2019est \u00e0 cette horrible bonne femme dont la moralit\u00e9 se r\u00e9sume au poids de son portefeuille que Fran\u00e7ois Hollande fait des gr\u00e2ces. N\u2019a-t-elle pas compris l\u2019astuce ?  Il la lui livre : \u00ab Et qu\u2019est-ce que c\u2019est que la loi travail ? L\u2019interrompt-il explicite, &#8211; Connaitre les r\u00e8gles qui vont vous permettre de vous s\u00e9parer de ces salari\u00e9s \u00bb. Avec la loi Khomri, plus besoin de CDD, plus besoin m\u00eame de \u00ab stagiaires \u00bb. Tout salari\u00e9s est en contrat \u00e0 dur\u00e9e ind\u00e9termin\u00e9 (ind\u00e9termin\u00e9 \u00e0 ici chang\u00e9 de sens, le contrat n\u2019a plus de dur\u00e9e du tout), celle-ci d\u00e9pend du seul bon vouloir du patron.   Et ils osent pr\u00e9tendre que les \u00e9tudiants et lyc\u00e9ens et nous-m\u00eames avons mal compris que la loi Khomri serait autre chose que la facilitation des licenciements ?  Enfin les deux complices se rejoignent dans le discours et l\u2019ignominie. \u00ab\u00a0Le meilleur service que l\u2019on peut rendre \u00e0 un salari\u00e9 &#8211; commence la dame &#8211; c\u2019est qu\u2019il soit salari\u00e9s\u00a0\u00bb finit le Pr\u00e9sident. \u00catre salari\u00e9 \u00e0 n\u2019importe qu\u2019elles conditions de droits de salaires ou de temps de travail. Une v\u00e9ritable certitude d\u2019esclavagistes.  V\u00e9ronique Brois a perdu son fils converti \u00e0 l\u2019Islam, engag\u00e9 du Djibad en Syrie. Elle a des griefs \u00e0 adresser aux Imans qui pr\u00eachent la haine. Pourtant elle n\u2019a pas dit un mot de la haine pr\u00each\u00e9e aux plus hauts sommets de l\u2019\u00e9tat par le Pr\u00e9sident et le ministre des affaires \u00e9trang\u00e8res : \u00ab Bachar AL ASSAD ne m\u00e9rite pas d\u2019\u00eatre sur terre \u00bb \u00ab Le Front AL NOSRA a fait du mon boulot \u00bb, d\u00e9claration faite par Laurent Fabius. Qui pourra affirmer jamais que ces pr\u00eaches r\u00e9publicain ont-eu moins d\u2019impact que ceux des imams sur dans la d\u00e9termination de certain jeunes \u00e0 rejoindre ce combat dont on les a persuad\u00e9 qu\u2019il \u00e9tait celui de la justice ?    Antoine de Mayer vote FN. Il a \u00e9t\u00e9 s\u00e9lectionn\u00e9 soigneusement. Ce n\u2019est pas un grand convaincu. Il votait socialiste autre fois, et la col\u00e8re est, de ses propres dires, la motivation premi\u00e8re de son vote. Fran\u00e7ois Hollande veut \u00ab l\u2019apaiser \u00bb. Si je le calme il cessera de voter FN. Or pour le calmer le Pr\u00e9sident n\u2019a rien d\u2019autres que le rythme soporifique de son discours.  D\u2019ailleurs tiens, je m\u2019\u00e9tais assoupi. Je n\u2019ai pas entendu la question, de le, ou la journaliste sur la Syrie.  Mais celle-ci a eu pour effet de relever un eu la tonalit\u00e9 du discours pr\u00e9sidentiel. Le haussement de la voix me tire du sommeil et j\u2019entends la r\u00e9ponse, cette fois passionn\u00e9e de Fran\u00e7ois Hollande.  \u00ab Il n\u2019est pas question que ceux qui ont \u00e9t\u00e9 chass\u00e9 de leur pays trouve la solution avec leur bourreau \u00bb \u00ab Depuis 2012 la France est du c\u00f4t\u00e9  des d\u00e9mocrates en Syrie \u00bb \u00ab Oui, c\u2019est la France qui avait raison quand elle voulait punir le r\u00e9gime (le bombarder en juillet 2013 \u2013ndlr) C\u2019est parce que cela n\u2019a pas \u00e9t\u00e9 fait que la situation a profit\u00e9 \u00e0 Daech \u00bb \u00ab La France a \u00e9t\u00e9 exemplaire dans le dossier syrien \u00bb.  La France Monsieur le Pr\u00e9sident, a sous votre conduite \u00e9tait exemplaire dans l\u2019ordure et dans l\u2019ignominie. La France s\u2019est illustr\u00e9e par une politique d\u2019ing\u00e9rence \u00e9hont\u00e9e dans les affaires d\u2019un pays ind\u00e9pendant, par une politique interventionniste sans principe, faisant feu de tout bois et disposer aux alliances les plus douteuses \u00e0 seule fin d\u2019atteindre son but \u00ab la chute de Bachar Al-Assad \u00bb. La France avec les d\u00e9mocrates syriens ? Quels d\u00e9mocrates ? O\u00f9 sont-ils ? O\u00f9 les avez-vous vus. Dans sa volont\u00e9 aveugle de venir \u00e0 bout du r\u00e9gime Baasiste la France avec ses acolytes USA, Royaume-Uni, Arabie Saoudite et Qatar, a cr\u00e9\u00e9 et sustent\u00e9 l\u2019Etat Islamique. Il est facile et fallacieux l\u2019argument selon lequel l\u2019obstination de Bahar Al Assad de ne pas laisser tuer son r\u00e9gime serait la cause de la prosp\u00e9rit\u00e9 de Daech. Celle-ci ne serait-elle pas plut\u00f4t le r\u00e9sultat de l\u2019obstination imp\u00e9rialiste \u00e0 vouloir \u00e9craser la Syrie ? N\u2019est-ce pas \u00e0 cette t\u00e2che que vous avez voulu instrumentaliser l\u2019int\u00e9grisme islamique pr\u00e9cis\u00e9ment parce que les pr\u00e9tendues forces d\u00e9mocratiques n\u2019y suffisaient pas ?  Marwen Belka\u00efd \u00e9tudiant \u00e0 Nantes et qui participe aux \u00ab Nuits Debout \u00bb a apport\u00e9 un peu de fraicheur \u00e0 cette soir\u00e9e. Mais il n&rsquo;a pas \u00e9t\u00e9 convaincu par les arguments aussi laborieux que confus du Pr\u00e9sident.  Conclusions.  Que voulait faire Fran\u00e7ois Hollande avec cette soir\u00e9e ? Convaincre qui ? Sa gauche ? Sa droite ? La jeunesse ? Il s\u2019est \u00ab plant\u00e9 \u00bb sur toute la ligne. Il aurait bien mieux fait de rester couch\u00e9. J\u2019avais sommeil. J\u2019aurai pu dormir aussi, et cela m\u2019aurait \u00e9vit\u00e9 un nouvel acc\u00e8s de col\u00e8re.  Patrick Seignon. \u00ab lavoiedessansvoix.fr \u00bb. Vendredi 15 avril 2016.<\/p>\n","protected":false},"excerpt":{"rendered":"<p>HOLLANDE, LA DECHEANCE 3,5 millions de t\u00e9l\u00e9spectateurs seulement auraient suivit hier \u00ab la prestation \u00bb du Pr\u00e9sident de la r\u00e9publique. [&hellip;]<\/p>\n","protected":false},"author":1,"featured_media":4581,"comment_status":"open","ping_status":"open","sticky":false,"template":"","format":"standard","meta":{"sfsi_plus_gutenberg_text_before_share":"","sfsi_plus_gutenberg_show_text_before_share":"","sfsi_plus_gutenberg_icon_type":"","sfsi_plus_gutenberg_icon_alignemt":"","sfsi_plus_gutenburg_max_per_row":"","site-sidebar-layout":"default","site-content-layout":"","ast-site-content-layout":"default","site-content-style":"default","site-sidebar-style":"default","ast-global-header-display":"","ast-banner-title-visibility":"","ast-main-header-display":"","ast-hfb-above-header-display":"","ast-hfb-below-header-display":"","ast-hfb-mobile-header-display":"","site-post-title":"","ast-breadcrumbs-content":"","ast-featured-img":"","footer-sml-layout":"","ast-disable-related-posts":"","theme-transparent-header-meta":"","adv-header-id-meta":"","stick-header-meta":"","header-above-stick-meta":"","header-main-stick-meta":"","header-below-stick-meta":"","astra-migrate-meta-layouts":"default","ast-page-background-enabled":"default","ast-page-background-meta":{"desktop":{"background-color":"var(--ast-global-color-4)","background-image":"","background-repeat":"repeat","background-position":"center center","background-size":"auto","background-attachment":"scroll","background-type":"","background-media":"","overlay-type":"","overlay-color":"","overlay-opacity":"","overlay-gradient":""},"tablet":{"background-color":"","background-image":"","background-repeat":"repeat","background-position":"center center","background-size":"auto","background-attachment":"scroll","background-type":"","background-media":"","overlay-type":"","overlay-color":"","overlay-opacity":"","overlay-gradient":""},"mobile":{"background-color":"","background-image":"","background-repeat":"repeat","background-position":"center center","background-size":"auto","background-attachment":"scroll","background-type":"","background-media":"","overlay-type":"","overlay-color":"","overlay-opacity":"","overlay-gradient":""}},"ast-content-background-meta":{"desktop":{"background-color":"var(--ast-global-color-5)","background-image":"","background-repeat":"repeat","background-position":"center center","background-size":"auto","background-attachment":"scroll","background-type":"","background-media":"","overlay-type":"","overlay-color":"","overlay-opacity":"","overlay-gradient":""},"tablet":{"background-color":"var(--ast-global-color-5)","background-image":"","background-repeat":"repeat","background-position":"center center","background-size":"auto","background-attachment":"scroll","background-type":"","background-media":"","overlay-type":"","overlay-color":"","overlay-opacity":"","overlay-gradient":""},"mobile":{"background-color":"var(--ast-global-color-5)","background-image":"","background-repeat":"repeat","background-position":"center center","background-size":"auto","background-attachment":"scroll","background-type":"","background-media":"","overlay-type":"","overlay-color":"","overlay-opacity":"","overlay-gradient":""}},"footnotes":""},"categories":[16],"tags":[],"class_list":["post-980","post","type-post","status-publish","format-standard","has-post-thumbnail","hentry","category-archives-cms"],"_links":{"self":[{"href":"https:\/\/lavoiedessansvoix.fr\/lavoie\/wp-json\/wp\/v2\/posts\/980","targetHints":{"allow":["GET"]}}],"collection":[{"href":"https:\/\/lavoiedessansvoix.fr\/lavoie\/wp-json\/wp\/v2\/posts"}],"about":[{"href":"https:\/\/lavoiedessansvoix.fr\/lavoie\/wp-json\/wp\/v2\/types\/post"}],"author":[{"embeddable":true,"href":"https:\/\/lavoiedessansvoix.fr\/lavoie\/wp-json\/wp\/v2\/users\/1"}],"replies":[{"embeddable":true,"href":"https:\/\/lavoiedessansvoix.fr\/lavoie\/wp-json\/wp\/v2\/comments?post=980"}],"version-history":[{"count":1,"href":"https:\/\/lavoiedessansvoix.fr\/lavoie\/wp-json\/wp\/v2\/posts\/980\/revisions"}],"predecessor-version":[{"id":4582,"href":"https:\/\/lavoiedessansvoix.fr\/lavoie\/wp-json\/wp\/v2\/posts\/980\/revisions\/4582"}],"wp:featuredmedia":[{"embeddable":true,"href":"https:\/\/lavoiedessansvoix.fr\/lavoie\/wp-json\/wp\/v2\/media\/4581"}],"wp:attachment":[{"href":"https:\/\/lavoiedessansvoix.fr\/lavoie\/wp-json\/wp\/v2\/media?parent=980"}],"wp:term":[{"taxonomy":"category","embeddable":true,"href":"https:\/\/lavoiedessansvoix.fr\/lavoie\/wp-json\/wp\/v2\/categories?post=980"},{"taxonomy":"post_tag","embeddable":true,"href":"https:\/\/lavoiedessansvoix.fr\/lavoie\/wp-json\/wp\/v2\/tags?post=980"}],"curies":[{"name":"wp","href":"https:\/\/api.w.org\/{rel}","templated":true}]}}