{"id":979,"date":"2016-04-16T17:28:00","date_gmt":"2016-04-16T15:28:00","guid":{"rendered":"https:\/\/lavoiedessansvoix.fr\/lavoie\/2016\/04\/16\/archive-elle-est-malade-la-republique\/"},"modified":"2026-04-26T21:54:29","modified_gmt":"2026-04-26T19:54:29","slug":"archive-elle-est-malade-la-republique","status":"publish","type":"post","link":"https:\/\/lavoiedessansvoix.fr\/lavoie\/2016\/04\/16\/archive-elle-est-malade-la-republique\/","title":{"rendered":"ELLE EST MALADE LA R\u00c9PUBLIQUE"},"content":{"rendered":"<p>ELLE EST MALADE LA R\u00c9PUBLIQUE   3,5 millions de t\u00e9l\u00e9spectateurs seulement auraient suivit hier \u00ab la prestation \u00bb du Pr\u00e9sident de la r\u00e9publique. C\u2019est l\u2019information que nous reprenions en ent\u00eate de notre article de commentaire et d\u2019analyse de la prestation t\u00e9l\u00e9vis\u00e9e de Fran\u00e7ois Hollande que nous avions nous-m\u00eames suivit \u00ab \u00e0 contre c\u0153ur, mais par devoir \u00bb. Cette information a \u00e9t\u00e9 confirm\u00e9e \u00e0 plusieurs reprises dans la journ\u00e9e.  Mais il y a plus. Cette audience enregistr\u00e9e est moindre, a-t-on appris ensuit, que l\u2019audience habituelle de ce \u00ab JT \u00bb. Ce qui signifie que certains t\u00e9l\u00e9spectateurs ont fait plus que bouder le Pr\u00e9sident, ils se sont carr\u00e9ment fendus d\u2019un acte \u00e9vident de rejet : soit en regardant un autre JT, soit en Zappant quand le Pr\u00e9sident de la R\u00e9publique est apparu \u00e0 l\u2019antenne.  L\u2019homme agace les plus patients, \u00e9nervent les plus \u00e9motifs et donne la naus\u00e9e aux t\u00e9l\u00e9spectateurs politis\u00e9s qui ont gard\u00e9s quelques r\u00e9f\u00e9rences et principes  Allez Monsieur Hollande ! Quelques efforts encore et les chaines de t\u00e9l\u00e9visions se battrons entre elles pour ne pas vous recevoir \u00e0 l\u2019antenne par crainte d\u2019effondrement de leur \u00ab audimat \u00bb.  \u00ab Moi, Pr\u00e9sident ! \u00bb Caden\u00e7a-t-il lors d\u2019un d\u00e9bat t\u00e9l\u00e9vis\u00e9 c\u00e9l\u00e8bre. Il n\u2019a pas emprunt\u00e9 les m\u00eames voies pour y parvenir, mais il y est parvenu tout de m\u00eame. Il a battu Sarkozy par le rejet qu\u2019il suscite.  Oh ! Je vois d\u00e9j\u00e0 l\u2019autre clown \u00e0 la d\u00e9marche de marionnette mal articul\u00e9e, se r\u00e9jouir de la sentence que nous \u00e9mettons, qui frappe \u00e0 pr\u00e9sent \u00ab l\u2019homme qui lui a piqu\u00e9 son job \u00bb. Qu\u2019il s\u2019abstienne d\u2019en rire. Ce n\u2019est pas notre inimit\u00e9 pour la peste qui nous fera aimer le chol\u00e9ra.Nicolas, a lui aussi, marqu\u00e9 l\u2019\u00e9poque de son empreinte grav\u00e9e dans le sable des consciences et la mer de l\u2019existence ne l\u2019a pas encore enti\u00e8rement effac\u00e9e. Il parait que Jean-Louis Debr\u00e9 qui n\u2019est plus tenu par le droit de r\u00e9serve auquel l\u2019astreignait  jusque-l\u00e0 ses fonctions, se serait compl\u00e8tement l\u00e2ch\u00e9 \u00e0 son sujet. \u00ab  Nicolas Sarkozy \u00ab devrait prendre acte \u00bb que pour lui \u00ab c&rsquo;est fini \u00bb, affirme l\u2019ancien pr\u00e9sident du Conseil constitutionnel dans Le point de ce jeudi. \u00bb \u00ab Rien ne m&rsquo;\u00e9tonne plus de Sarkozy. Il n&rsquo;a aucun sens de l\u2019\u00c9tat. C&rsquo;est un chef de clan auquel il est interdit de r\u00e9sister, surtout au nom du droit \u00bb.Il se trouve que nous qui ne partageons pas grand-chose avec Jean-Louis Debr\u00e9, voulons bien partager ce jugement au moins et m\u00eame nous l\u2019approprier. Il y a longtemps que nous avons dit nous m\u00eame que Sarkozy ne reviendrais jamais (voir, par exemple, ci-dessous l\u2019extrait de notre article de 2 juillet 2014)Or, Jean-Louis Debr\u00e9 n\u2019arr\u00eate pas \u00e0 Sarkozy l\u2019expression de son d\u00e9pit. Il \u00e9gratigne aussi Alain Jupp\u00e9 dont Jacques \u00ab Chirac n\u2019a jamais manqu\u00e9 une occasion de faire l\u2019\u00e9loge \u00bb, mais lequel \u00ab ne doit jamais rien \u00e0 personne \u00bb. Ancien membre du RPR, Jean-Louis Debr\u00e9 dresse dans l&rsquo;hebdomadaire (Le Point \u2013 NDLR) un amer constat sur son camp. \u00ab A droite, la crise est path\u00e9tique. Les candidats \u00e0 la primaire proposent tous la m\u00eame chose et ne cessent de se d\u00e9nigrer entre eux \u00bb. Et la situation n&rsquo;est pas plus enviable \u00ab en face \u00bb. Au PS, \u00ab ils prennent un malin plaisir \u00e0 se combattre \u00bb. (Le Parisien. 14 avril 2016)Jacques Chirac a fait \u00e9voluer les institutions de la cinqui\u00e8me R\u00e9publique en la d\u00e9v\u00eatant des oripeaux bonapartistes dont l\u2019habillait le septennat, pour la \u00ab relooker \u00bb \u00e0 l\u2019anglo-saxonne en R\u00e9publique Pr\u00e9sidentielle v\u00eatue des nouveaux habits du quinquennat. Or les choses ont \u00e9t\u00e9 mal engag\u00e9es. Nicolas Sarkozy, le premier pr\u00e9sident \u00e9lu sous le signe du quinquennat n\u2019avait pas la taille de l\u2019habit. Il n\u2019avait, comme le dit Jean-Louis Debr\u00e9, \u00ab Aucun sens de l\u2019\u00c9tat \u00bb. Il a pourri la mutation. Ainsi avons-nous subit depuis l\u2019av\u00e8nement du quinquennat deux pr\u00e9sidences, celle de Sarkozy et celle de Hollande, deux Pr\u00e9sidents de la cinqui\u00e8me R\u00e9publique en dessous des exigences minimums de la fonction. Qui rabaissent la France et la R\u00e9publique, la font douter d\u2019elle-m\u00eame. Le \u00ab Syst\u00e8me \u00bb s\u00e9lectionne et promeut \u00e0 la plus haute fonction de l\u2019Etat des \u00eatres qui n\u2019en ont ni l\u2019\u00e9toffe ni la consistance. Un malencontreux concours de circonstances ? Oublierait-on que c\u2019est par d\u00e9faut que ce \u00ab syst\u00e8me \u00bb pervers nous a impos\u00e9 Hollande, \u00e0 la place de Dominique Strauss-Kahn, \u00ab la b\u00eate \u00bb dont il avait r\u00eav\u00e9 pour la \u00ab belle \u00bb Marianne. TOUT cela ajout\u00e9 au triste constat que fait Jean-Louis Debr\u00e9, rel\u00e8ve-t-il bien du hasard ? Cela ne doit-il pas interpeller ?Ne s\u2019agirait-il pas l\u00e0 des sympt\u00f4mes d\u2019une grave maladie d\u00e9g\u00e9n\u00e9rative de la senescence ? N\u2019est-ce pas la cons\u00e9quence de la terrible distorsion entre ce que la R\u00e9publique h\u00e9rit\u00e9e de papa Debr\u00e9 pr\u00e9tend \u00eatre : \u00ab une R\u00e9publique d\u00e9mocratique \u00bb, et ce qu\u2019elle est devenue vraiment : \u00ab une Dictature masqu\u00e9e \u00bb ?Patrick Seignon. \u00ab lavoiedessansvoix.fr \u00bb. Samedi 16 avril 2016.NICOLAS LE JUSTICIABLE,REVIENDRA ? REVIENDRA PAS ? (extrait)\u00a0\u00bbOr, il suffit de se poser la question, mais qui donc ne veut pas du retour de Nicolas Sarkozy, qui s\u2019acharne, qui lui d\u00e9die toutes ces peaux de bananes ? Ils insinuent eux, c\u2019est une forme d\u2019ultime politesse, qu\u2019il s\u2019agit de manigances politiques venues de l\u2019\u00c9lys\u00e9e ou du PS. Mais ils savent fort bien et chacun l\u2019a compris, que c\u2019est de ses propres rangs, au plus haut niveau, que viennent ces estocades. Elles viennent de ceux qui sont candidats eux-m\u00eames \u00e0 la candidature et qui jugent que Sarko a fait son temps et que son retour \u00e9ventuel serait une promesse de d\u00e9faite en 2017 pour l\u2019UMP. Et d\u00e8s-lors que l\u2019on a pos\u00e9 la question ainsi et qu\u2019on lui a faite la r\u00e9ponse qui s\u2019impose, il est ais\u00e9 de se ranger \u00e0 l\u2019avis que son retour est d\u2019ores et d\u00e9j\u00e0 exclu, et cela en v\u00e9rit\u00e9 depuis bien longtemps. Ce sont \u00e0 n\u2019en pas douter, les Jupp\u00e9 Fillon et Raffarin qui entendent neutraliser ce chien fou dont ils ne veulent pas dans leur jeu de quilles. Comment voudriez-vous, avec de tels obstacles qu\u2019il ne puisse jamais revenir ?\u00a0\u00bb (2 juillet 2014.)<\/p>\n","protected":false},"excerpt":{"rendered":"<p>ELLE EST MALADE LA R\u00c9PUBLIQUE 3,5 millions de t\u00e9l\u00e9spectateurs seulement auraient suivit hier \u00ab la prestation \u00bb du Pr\u00e9sident de [&hellip;]<\/p>\n","protected":false},"author":1,"featured_media":4579,"comment_status":"open","ping_status":"open","sticky":false,"template":"","format":"standard","meta":{"sfsi_plus_gutenberg_text_before_share":"","sfsi_plus_gutenberg_show_text_before_share":"","sfsi_plus_gutenberg_icon_type":"","sfsi_plus_gutenberg_icon_alignemt":"","sfsi_plus_gutenburg_max_per_row":"","site-sidebar-layout":"default","site-content-layout":"","ast-site-content-layout":"default","site-content-style":"default","site-sidebar-style":"default","ast-global-header-display":"","ast-banner-title-visibility":"","ast-main-header-display":"","ast-hfb-above-header-display":"","ast-hfb-below-header-display":"","ast-hfb-mobile-header-display":"","site-post-title":"","ast-breadcrumbs-content":"","ast-featured-img":"","footer-sml-layout":"","ast-disable-related-posts":"","theme-transparent-header-meta":"","adv-header-id-meta":"","stick-header-meta":"","header-above-stick-meta":"","header-main-stick-meta":"","header-below-stick-meta":"","astra-migrate-meta-layouts":"default","ast-page-background-enabled":"default","ast-page-background-meta":{"desktop":{"background-color":"var(--ast-global-color-4)","background-image":"","background-repeat":"repeat","background-position":"center center","background-size":"auto","background-attachment":"scroll","background-type":"","background-media":"","overlay-type":"","overlay-color":"","overlay-opacity":"","overlay-gradient":""},"tablet":{"background-color":"","background-image":"","background-repeat":"repeat","background-position":"center center","background-size":"auto","background-attachment":"scroll","background-type":"","background-media":"","overlay-type":"","overlay-color":"","overlay-opacity":"","overlay-gradient":""},"mobile":{"background-color":"","background-image":"","background-repeat":"repeat","background-position":"center center","background-size":"auto","background-attachment":"scroll","background-type":"","background-media":"","overlay-type":"","overlay-color":"","overlay-opacity":"","overlay-gradient":""}},"ast-content-background-meta":{"desktop":{"background-color":"var(--ast-global-color-5)","background-image":"","background-repeat":"repeat","background-position":"center center","background-size":"auto","background-attachment":"scroll","background-type":"","background-media":"","overlay-type":"","overlay-color":"","overlay-opacity":"","overlay-gradient":""},"tablet":{"background-color":"var(--ast-global-color-5)","background-image":"","background-repeat":"repeat","background-position":"center center","background-size":"auto","background-attachment":"scroll","background-type":"","background-media":"","overlay-type":"","overlay-color":"","overlay-opacity":"","overlay-gradient":""},"mobile":{"background-color":"var(--ast-global-color-5)","background-image":"","background-repeat":"repeat","background-position":"center center","background-size":"auto","background-attachment":"scroll","background-type":"","background-media":"","overlay-type":"","overlay-color":"","overlay-opacity":"","overlay-gradient":""}},"footnotes":""},"categories":[16],"tags":[],"class_list":["post-979","post","type-post","status-publish","format-standard","has-post-thumbnail","hentry","category-archives-cms"],"_links":{"self":[{"href":"https:\/\/lavoiedessansvoix.fr\/lavoie\/wp-json\/wp\/v2\/posts\/979","targetHints":{"allow":["GET"]}}],"collection":[{"href":"https:\/\/lavoiedessansvoix.fr\/lavoie\/wp-json\/wp\/v2\/posts"}],"about":[{"href":"https:\/\/lavoiedessansvoix.fr\/lavoie\/wp-json\/wp\/v2\/types\/post"}],"author":[{"embeddable":true,"href":"https:\/\/lavoiedessansvoix.fr\/lavoie\/wp-json\/wp\/v2\/users\/1"}],"replies":[{"embeddable":true,"href":"https:\/\/lavoiedessansvoix.fr\/lavoie\/wp-json\/wp\/v2\/comments?post=979"}],"version-history":[{"count":1,"href":"https:\/\/lavoiedessansvoix.fr\/lavoie\/wp-json\/wp\/v2\/posts\/979\/revisions"}],"predecessor-version":[{"id":4580,"href":"https:\/\/lavoiedessansvoix.fr\/lavoie\/wp-json\/wp\/v2\/posts\/979\/revisions\/4580"}],"wp:featuredmedia":[{"embeddable":true,"href":"https:\/\/lavoiedessansvoix.fr\/lavoie\/wp-json\/wp\/v2\/media\/4579"}],"wp:attachment":[{"href":"https:\/\/lavoiedessansvoix.fr\/lavoie\/wp-json\/wp\/v2\/media?parent=979"}],"wp:term":[{"taxonomy":"category","embeddable":true,"href":"https:\/\/lavoiedessansvoix.fr\/lavoie\/wp-json\/wp\/v2\/categories?post=979"},{"taxonomy":"post_tag","embeddable":true,"href":"https:\/\/lavoiedessansvoix.fr\/lavoie\/wp-json\/wp\/v2\/tags?post=979"}],"curies":[{"name":"wp","href":"https:\/\/api.w.org\/{rel}","templated":true}]}}