{"id":978,"date":"2016-04-18T16:39:00","date_gmt":"2016-04-18T14:39:00","guid":{"rendered":"https:\/\/lavoiedessansvoix.fr\/lavoie\/2016\/04\/18\/archive-la-vraie-reponse-de-manuel-valls-a-la-jeunesse\/"},"modified":"2026-04-26T21:54:21","modified_gmt":"2026-04-26T19:54:21","slug":"archive-la-vraie-reponse-de-manuel-valls-a-la-jeunesse","status":"publish","type":"post","link":"https:\/\/lavoiedessansvoix.fr\/lavoie\/2016\/04\/18\/archive-la-vraie-reponse-de-manuel-valls-a-la-jeunesse\/","title":{"rendered":"LA VRAIE R\u00c9PONSE DE MANUEL VALLS A LA JEUNESSE."},"content":{"rendered":"<p>LA VRAIE R\u00c9PONSE DE MANUEL VALLS A LA JEUNESSE.  Il y a eu les r\u00e9ponses tactiques, les esquives, les effets de muleta. Telles \u00e9taient les \u00ab mesures \u00bb annonc\u00e9es le 11 avril lors de l\u2019entrevue des ministres du travail de la jeunesse et des sports et de l\u2019\u00e9ducation et du Chef du gouvernement avec l\u2019UNEF et les syndicats Lyc\u00e9ens.  Mais la vraie r\u00e9ponse, la r\u00e9ponse de fond du Premier ministre aux angoisses de la jeunesse face \u00e0 la situation de l\u2019emploi, c\u2019est celle qu\u2019il vient de faire aujourd\u2019hui. Non pas des solutions pour l\u2019emploi, non pas l\u2019arr\u00eat des d\u00e9localisations encore moins le d\u00e9but des relocalisations, non pas la r\u00e9-industrialisation, non, mais l\u2019ouverture du droit au RSA pour les moins de 25 ans.   Elle illustre on ne peut plus clairement la \u00ab foi \u00bb (\u00e0 vrai dire la mauvaise foi) de Manuel Valls dans l\u2019actuelle politique \u00e9conomique de son gouvernement ax\u00e9e sur l\u2019accroissement de la rentabilit\u00e9 des entreprises qui pr\u00e9tend-il doit \u00eatre \u00e0 terme g\u00e9n\u00e9ratrice d\u2019emploi. Il dit \u00e7a pour la galerie mais il n\u2019en croit pas un mot lui-m\u00eame.  \u00c9tudiants, lyc\u00e9ens, jeunes gens et filles, vous voulez de vrais emplois ? Gagner votre vie dignement et d\u00e9cemment. Vous voulez un vrai code du travail qui prot\u00e8ge les salari\u00e9s ? Manuel Valls vous promet la gal\u00e8re et l\u2019humiliation de \u00ab l\u2019assistanat \u00bb.  Patrick Seignon. \u00ab lavoiedessansvoix.fr \u00bb. Lundi 17 avril 2016.<\/p>\n","protected":false},"excerpt":{"rendered":"<p>LA VRAIE R\u00c9PONSE DE MANUEL VALLS A LA JEUNESSE. Il y a eu les r\u00e9ponses tactiques, les esquives, les effets [&hellip;]<\/p>\n","protected":false},"author":1,"featured_media":4577,"comment_status":"open","ping_status":"open","sticky":false,"template":"","format":"standard","meta":{"sfsi_plus_gutenberg_text_before_share":"","sfsi_plus_gutenberg_show_text_before_share":"","sfsi_plus_gutenberg_icon_type":"","sfsi_plus_gutenberg_icon_alignemt":"","sfsi_plus_gutenburg_max_per_row":"","site-sidebar-layout":"default","site-content-layout":"","ast-site-content-layout":"default","site-content-style":"default","site-sidebar-style":"default","ast-global-header-display":"","ast-banner-title-visibility":"","ast-main-header-display":"","ast-hfb-above-header-display":"","ast-hfb-below-header-display":"","ast-hfb-mobile-header-display":"","site-post-title":"","ast-breadcrumbs-content":"","ast-featured-img":"","footer-sml-layout":"","ast-disable-related-posts":"","theme-transparent-header-meta":"","adv-header-id-meta":"","stick-header-meta":"","header-above-stick-meta":"","header-main-stick-meta":"","header-below-stick-meta":"","astra-migrate-meta-layouts":"default","ast-page-background-enabled":"default","ast-page-background-meta":{"desktop":{"background-color":"var(--ast-global-color-4)","background-image":"","background-repeat":"repeat","background-position":"center center","background-size":"auto","background-attachment":"scroll","background-type":"","background-media":"","overlay-type":"","overlay-color":"","overlay-opacity":"","overlay-gradient":""},"tablet":{"background-color":"","background-image":"","background-repeat":"repeat","background-position":"center center","background-size":"auto","background-attachment":"scroll","background-type":"","background-media":"","overlay-type":"","overlay-color":"","overlay-opacity":"","overlay-gradient":""},"mobile":{"background-color":"","background-image":"","background-repeat":"repeat","background-position":"center center","background-size":"auto","background-attachment":"scroll","background-type":"","background-media":"","overlay-type":"","overlay-color":"","overlay-opacity":"","overlay-gradient":""}},"ast-content-background-meta":{"desktop":{"background-color":"var(--ast-global-color-5)","background-image":"","background-repeat":"repeat","background-position":"center center","background-size":"auto","background-attachment":"scroll","background-type":"","background-media":"","overlay-type":"","overlay-color":"","overlay-opacity":"","overlay-gradient":""},"tablet":{"background-color":"var(--ast-global-color-5)","background-image":"","background-repeat":"repeat","background-position":"center center","background-size":"auto","background-attachment":"scroll","background-type":"","background-media":"","overlay-type":"","overlay-color":"","overlay-opacity":"","overlay-gradient":""},"mobile":{"background-color":"var(--ast-global-color-5)","background-image":"","background-repeat":"repeat","background-position":"center center","background-size":"auto","background-attachment":"scroll","background-type":"","background-media":"","overlay-type":"","overlay-color":"","overlay-opacity":"","overlay-gradient":""}},"footnotes":""},"categories":[16],"tags":[],"class_list":["post-978","post","type-post","status-publish","format-standard","has-post-thumbnail","hentry","category-archives-cms"],"_links":{"self":[{"href":"https:\/\/lavoiedessansvoix.fr\/lavoie\/wp-json\/wp\/v2\/posts\/978","targetHints":{"allow":["GET"]}}],"collection":[{"href":"https:\/\/lavoiedessansvoix.fr\/lavoie\/wp-json\/wp\/v2\/posts"}],"about":[{"href":"https:\/\/lavoiedessansvoix.fr\/lavoie\/wp-json\/wp\/v2\/types\/post"}],"author":[{"embeddable":true,"href":"https:\/\/lavoiedessansvoix.fr\/lavoie\/wp-json\/wp\/v2\/users\/1"}],"replies":[{"embeddable":true,"href":"https:\/\/lavoiedessansvoix.fr\/lavoie\/wp-json\/wp\/v2\/comments?post=978"}],"version-history":[{"count":1,"href":"https:\/\/lavoiedessansvoix.fr\/lavoie\/wp-json\/wp\/v2\/posts\/978\/revisions"}],"predecessor-version":[{"id":4578,"href":"https:\/\/lavoiedessansvoix.fr\/lavoie\/wp-json\/wp\/v2\/posts\/978\/revisions\/4578"}],"wp:featuredmedia":[{"embeddable":true,"href":"https:\/\/lavoiedessansvoix.fr\/lavoie\/wp-json\/wp\/v2\/media\/4577"}],"wp:attachment":[{"href":"https:\/\/lavoiedessansvoix.fr\/lavoie\/wp-json\/wp\/v2\/media?parent=978"}],"wp:term":[{"taxonomy":"category","embeddable":true,"href":"https:\/\/lavoiedessansvoix.fr\/lavoie\/wp-json\/wp\/v2\/categories?post=978"},{"taxonomy":"post_tag","embeddable":true,"href":"https:\/\/lavoiedessansvoix.fr\/lavoie\/wp-json\/wp\/v2\/tags?post=978"}],"curies":[{"name":"wp","href":"https:\/\/api.w.org\/{rel}","templated":true}]}}