{"id":975,"date":"2016-04-26T17:39:00","date_gmt":"2016-04-26T15:39:00","guid":{"rendered":"https:\/\/lavoiedessansvoix.fr\/lavoie\/2016\/04\/26\/archive-mais-qu-est-ce-que-c-est-donc-que-cette-macronnade\/"},"modified":"2026-04-26T21:53:54","modified_gmt":"2026-04-26T19:53:54","slug":"archive-mais-qu-est-ce-que-c-est-donc-que-cette-macronnade","status":"publish","type":"post","link":"https:\/\/lavoiedessansvoix.fr\/lavoie\/2016\/04\/26\/archive-mais-qu-est-ce-que-c-est-donc-que-cette-macronnade\/","title":{"rendered":"MAIS QU\u2019EST-CE QUE C\u2019EST DONC QUE CETTE MACRONNADE ?"},"content":{"rendered":"<p>MAIS QU\u2019EST-CE QUE C\u2019EST DONC QUE CETTE MACRONNADE ?   Alors que s\u2019ach\u00e8ve la p\u00e9riode des vacances scolaires de p\u00e2ques et que sont annonc\u00e9es plusieurs gr\u00e8ves et la manifestation du 28 avril pour le retrait du projet de \u00ab loi travail \u00bb, alors que de toute \u00e9vidence la grande question du moment est celle de ce projet de loi et de la protestation populaire qu\u2019il suscite, le \u00ab Landernau \u00bb politique s\u2019embrase pour les man\u0153uvres politiciennes aux allures de ballet nuptial, auxquelles se livre un \u00ab dr\u00f4le d\u2019oiseau \u00bb.   Mais qu\u2019est-ce que c\u2019est donc que cette \u00ab macronnade \u00bb ?  Cela faisait plusieurs jours que je voulais aventurer ma r\u00e9ponse \u00e0 cette question. Je savais que le ballet durerai plusieurs jours et n\u2019avais pas lieu de me pr\u00e9cipiter, je pr\u00e9f\u00e9rais attendre une accumulation suffisantes de mat\u00e9riaux. Or, il advient parfois que \u00ab le temps nous rend bien le temps qu\u2019on lui accorde. L\u2019actualit\u00e9, d\u2019autres intervenants vous soufflent des id\u00e9es pertinentes, une approche diff\u00e9rente. J\u2019aurais pu prendre le risque d\u2019aborder le sujet avec fadeur. Mais le com\u00e9dien Philippe Torreton, entendu un r\u00e9cent matin \u00e0 9heures 13 sur \u00ab France-Inter \u00bb m\u2019a offert un point d\u2019accroche inattendu et tout aussi plaisant qu\u2019il m\u2019apparait pertinent, tout \u00e0 fait conforme \u00e0 ce qui \u00e9tais mon point de vue et dont je voulais vous entretenir.  L\u2019animateur lui demandait : \u00ab Et vous, est-ce que \u00e7a vous parle Macron en Brutus ? \u00bb A quoi il r\u00e9pondit du tac au tac, \u00ab non, d\u2019abord \u00e0 cause du langage, mais surtout parce que j\u2019ai l\u2019impression, je suis m\u00eame s\u00fbr, d\u2019assister \u00e0 une com\u00e9die, un jeu de r\u00f4le o\u00f9 Macron est l\u00e0 pour regonfler les rangs et se rallier en d\u00e9finitive au panache blanc de Fran\u00e7ois Hollande \u00bb.  Eh oui Philippe Torreton a tout dit du sens de cette \u00ab macronnade \u00bb. Non pas un drame shakespearien,  mais une pantalonnade, de la \u00ab commedia dell\u2019arte \u00bb. Je n\u2019ai rien \u00e0 ajouter, sinon pour en expliquer le sens et les finalit\u00e9s politiques.  Il s\u2019agit des al\u00e9as d\u2019une mutation politique, celle du Parti Socialiste, lointain h\u00e9ritier de la 2\u00e8me  internationale, en parti \u00ab d\u00e9mocrate \u00e0 l\u2019am\u00e9ricaine \u00bb. Loin des pr\u00e9cautions s\u00e9mantiques, il y a de v\u00e9ritables enjeux Politiques majeurs l\u00e0-dessous. La question est li\u00e9e au r\u00e9gime du \u00ab bipartisme \u00bb voulu par les acteurs politiques et \u00e0 la bipolarisation croissante de la vie politique qui en r\u00e9sulte, et l\u2019effacement de tous liens de classes ou sociaux professionnels dans la composition des \u00e9lectorats respectifs des deux partis de l\u2019alternance.  En fait cette question est celle d\u2019un \u00ab repositionnement \u00e9lectoral. Ce n\u2019est pas loin s\u2019en faut d\u2019aujourd\u2019hui qu\u2019elle se pose. Elle \u00e9tait apparue d\u00e9j\u00e0 dans les ann\u00e9es 80 pilot\u00e9 en sous-main par Fran\u00e7ois Mitterrand. Il y eut d\u2019abord ce que l\u2019on appela en ce temps \u00ab l\u2019initiative des deux Faure \u00bb, puis celle-ci ayant fait long feu, un peu apr\u00e8s, la liste \u00ab ERE \u00bb aux \u00e9lections europ\u00e9ennes de 1984, conduite par Fran\u00e7ois Doubin, Olivier Stirn et Brice Lalonde, qui n\u2019eut gu\u00e8re plus de succ\u00e8s.  La gauche ayant trahit (Rigueur, liquidation de la sid\u00e9rurgie, restructuration du secteur automobile, etc.) se trouvait en pleine d\u00e9confiture \u00e9lectorale, perdant de nombreux \u00e9lecteurs \u00e0 \u00ab sa gauche \u00bb en particulier chez les ouvriers. Il fallait regagner \u00ab au centre \u00bb les voix perdues \u00e0 gauche, afin de garder au PS sa position \u00e9lectorale strat\u00e9gique. J\u2019exposais cela en 1986 dans ma brochure : \u00ab Social Bonapartisme et Classe ouvri\u00e8re \u00bb. Nous sommes \u00e0 pr\u00e9sent dans une situation \u00e9quivalente. Fran\u00e7ois Hollande sait que le PS sera \u00e9lectoralement  durement impact\u00e9 par le tournant \u00ab Social-lib\u00e9ral \u00bb d\u00e9complex\u00e9 qu\u2019il a imprim\u00e9 avec ses acolytes Valls et Macron. Alors il s\u2019est mis en qu\u00eate d\u2019un recentrage \u00e9lectoral de nature \u00e0 maintenir la cr\u00e9dibilit\u00e9 de ce parti et son r\u00f4le leader. On a vu plus r\u00e9cemment, appel de Fran\u00e7ois Bayrou \u00e0 voter Hollande en 2012, que \u00ab le centre \u00bb politique, qui est en v\u00e9rit\u00e9 pluriel, pouvait se partager entre \u00ab la droite \u00bb et la \u00ab gauche \u00bb sous l\u2019effet de la bipolarisation croissante de la vie politique, dont l\u2019\u00e9lection pr\u00e9sidentielle est l\u2019expression la plus aboutie. Il s\u2019agit donc en quelque sorte de redessiner la carte \u00e9lectorale de la France en d\u00e9pla\u00e7ant vers la droite la ligne de s\u00e9paration entre \u00ab droite et gauche \u00bb afin de compenser au moins partiellement les pertes \u00e9lectorales \u00e0 gauche.  Macron dans cette affaire n\u2019est que le charg\u00e9 de mission du Pr\u00e9sident de la r\u00e9publique. Son profil de jeune loup de la finance et de requin anti-ouvrier aux dents longues est id\u00e9al pour s\u00e9duire une partie au moins de la client\u00e8le \u00e9lectorale du centre.  Patrick Seignon. \u00ab lavoiedessansvoix.fr \u00bb. Mardi 25 avril 2016.<\/p>\n","protected":false},"excerpt":{"rendered":"<p>MAIS QU\u2019EST-CE QUE C\u2019EST DONC QUE CETTE MACRONNADE ? Alors que s\u2019ach\u00e8ve la p\u00e9riode des vacances scolaires de p\u00e2ques et [&hellip;]<\/p>\n","protected":false},"author":1,"featured_media":4571,"comment_status":"open","ping_status":"open","sticky":false,"template":"","format":"standard","meta":{"sfsi_plus_gutenberg_text_before_share":"","sfsi_plus_gutenberg_show_text_before_share":"","sfsi_plus_gutenberg_icon_type":"","sfsi_plus_gutenberg_icon_alignemt":"","sfsi_plus_gutenburg_max_per_row":"","site-sidebar-layout":"default","site-content-layout":"","ast-site-content-layout":"default","site-content-style":"default","site-sidebar-style":"default","ast-global-header-display":"","ast-banner-title-visibility":"","ast-main-header-display":"","ast-hfb-above-header-display":"","ast-hfb-below-header-display":"","ast-hfb-mobile-header-display":"","site-post-title":"","ast-breadcrumbs-content":"","ast-featured-img":"","footer-sml-layout":"","ast-disable-related-posts":"","theme-transparent-header-meta":"","adv-header-id-meta":"","stick-header-meta":"","header-above-stick-meta":"","header-main-stick-meta":"","header-below-stick-meta":"","astra-migrate-meta-layouts":"default","ast-page-background-enabled":"default","ast-page-background-meta":{"desktop":{"background-color":"var(--ast-global-color-4)","background-image":"","background-repeat":"repeat","background-position":"center center","background-size":"auto","background-attachment":"scroll","background-type":"","background-media":"","overlay-type":"","overlay-color":"","overlay-opacity":"","overlay-gradient":""},"tablet":{"background-color":"","background-image":"","background-repeat":"repeat","background-position":"center center","background-size":"auto","background-attachment":"scroll","background-type":"","background-media":"","overlay-type":"","overlay-color":"","overlay-opacity":"","overlay-gradient":""},"mobile":{"background-color":"","background-image":"","background-repeat":"repeat","background-position":"center center","background-size":"auto","background-attachment":"scroll","background-type":"","background-media":"","overlay-type":"","overlay-color":"","overlay-opacity":"","overlay-gradient":""}},"ast-content-background-meta":{"desktop":{"background-color":"var(--ast-global-color-5)","background-image":"","background-repeat":"repeat","background-position":"center center","background-size":"auto","background-attachment":"scroll","background-type":"","background-media":"","overlay-type":"","overlay-color":"","overlay-opacity":"","overlay-gradient":""},"tablet":{"background-color":"var(--ast-global-color-5)","background-image":"","background-repeat":"repeat","background-position":"center center","background-size":"auto","background-attachment":"scroll","background-type":"","background-media":"","overlay-type":"","overlay-color":"","overlay-opacity":"","overlay-gradient":""},"mobile":{"background-color":"var(--ast-global-color-5)","background-image":"","background-repeat":"repeat","background-position":"center center","background-size":"auto","background-attachment":"scroll","background-type":"","background-media":"","overlay-type":"","overlay-color":"","overlay-opacity":"","overlay-gradient":""}},"footnotes":""},"categories":[16],"tags":[],"class_list":["post-975","post","type-post","status-publish","format-standard","has-post-thumbnail","hentry","category-archives-cms"],"_links":{"self":[{"href":"https:\/\/lavoiedessansvoix.fr\/lavoie\/wp-json\/wp\/v2\/posts\/975","targetHints":{"allow":["GET"]}}],"collection":[{"href":"https:\/\/lavoiedessansvoix.fr\/lavoie\/wp-json\/wp\/v2\/posts"}],"about":[{"href":"https:\/\/lavoiedessansvoix.fr\/lavoie\/wp-json\/wp\/v2\/types\/post"}],"author":[{"embeddable":true,"href":"https:\/\/lavoiedessansvoix.fr\/lavoie\/wp-json\/wp\/v2\/users\/1"}],"replies":[{"embeddable":true,"href":"https:\/\/lavoiedessansvoix.fr\/lavoie\/wp-json\/wp\/v2\/comments?post=975"}],"version-history":[{"count":1,"href":"https:\/\/lavoiedessansvoix.fr\/lavoie\/wp-json\/wp\/v2\/posts\/975\/revisions"}],"predecessor-version":[{"id":4572,"href":"https:\/\/lavoiedessansvoix.fr\/lavoie\/wp-json\/wp\/v2\/posts\/975\/revisions\/4572"}],"wp:featuredmedia":[{"embeddable":true,"href":"https:\/\/lavoiedessansvoix.fr\/lavoie\/wp-json\/wp\/v2\/media\/4571"}],"wp:attachment":[{"href":"https:\/\/lavoiedessansvoix.fr\/lavoie\/wp-json\/wp\/v2\/media?parent=975"}],"wp:term":[{"taxonomy":"category","embeddable":true,"href":"https:\/\/lavoiedessansvoix.fr\/lavoie\/wp-json\/wp\/v2\/categories?post=975"},{"taxonomy":"post_tag","embeddable":true,"href":"https:\/\/lavoiedessansvoix.fr\/lavoie\/wp-json\/wp\/v2\/tags?post=975"}],"curies":[{"name":"wp","href":"https:\/\/api.w.org\/{rel}","templated":true}]}}