{"id":971,"date":"2016-05-03T18:43:00","date_gmt":"2016-05-03T16:43:00","guid":{"rendered":"https:\/\/lavoiedessansvoix.fr\/lavoie\/2016\/05\/03\/archive-80-ans-du-front-populaire-le-flagrant-delit-de-mensonge-des-jt\/"},"modified":"2026-04-26T21:53:17","modified_gmt":"2026-04-26T19:53:17","slug":"archive-80-ans-du-front-populaire-le-flagrant-delit-de-mensonge-des-jt","status":"publish","type":"post","link":"https:\/\/lavoiedessansvoix.fr\/lavoie\/2016\/05\/03\/archive-80-ans-du-front-populaire-le-flagrant-delit-de-mensonge-des-jt\/","title":{"rendered":"80 ANS DU FRONT POPULAIRE :  LE FLAGRANT D\u00c9LIT DE MENSONGE DES \u00ab JT \u00bb."},"content":{"rendered":"<p>80 ANS DU FRONT POPULAIRE :  LE FLAGRANT D\u00c9LIT DE MENSONGE DES \u00ab JT \u00bb.  3 mai 1936, 3 mai 2016, il y a 80 ans, jour pour jour, avait lieu la victoire \u00e9lectorale du \u00ab Front populaire \u00bb. C\u2019est \u00e0 l\u2019\u00e9vocation de cet \u00e9v\u00e8nement historique que les journalistes vedettes du journal national de la France 3 et du 20 heures de \u00ab France 2 \u00bb ont consacr\u00e9 ce soir chacun une rubrique.   Il n\u2019y aurait rien \u00e0 en dire si ceux-ci n\u2019avaient trouv\u00e9 le moyen de mentir effront\u00e9ment, de falsifier l\u2019histoire, et d\u2019insulter par leur d\u00e9dain le mouvement ouvrier.  Ils nous ont expliqu\u00e9 en effet que pour la premi\u00e8re fois \u00ab un gouvernement de gauche \u00bb, celui du \u00ab Front populaire \u00bb avec L\u00e9on Blum \u00e0 sa t\u00eate, a accord\u00e9 les \u00ab cong\u00e9s pay\u00e9s \u00bb, r\u00e9forme historique jamais remise en cause par la suite. Une mani\u00e8re peut-\u00eatre en en r\u00e9f\u00e9rant \u00e0 ce lointain pass\u00e9 de faire oublier les turpitudes anti populaires de la pr\u00e9tendue \u00ab gauche \u00bb d\u2019\u00e0 pr\u00e9sent. Basse et vile, et vaine, man\u0153uvre.  Mais ce n\u2019est pas l\u2019essentiel. L\u2019essentiel c\u2019est qu\u2019ils ont menti et falsifi\u00e9 l\u2019Histoire.  Le gouvernement n\u2019a pas accord\u00e9. L\u00e9on Blum n\u2019est pas ce h\u00e9ros et bienfaiteurs de la cause ouvri\u00e8re qu\u2019ils veulent nous faire entendre. Le programme du Front populaire \u00e0 l\u2019application stricte duquel il entendait se tenir, ne comportait rien de pareil. Ce sont les gr\u00e8ves de Mai-juin 1936 qui ont arrach\u00e9 ces conqu\u00eates sociales que furent \u00ab les cong\u00e9s pay\u00e9s et la semaine de 40 heures \u00bb. Mais nos journalistes falsificateurs ne disent pas un mot des gr\u00e8ves. Voudraient-ils occulter la le\u00e7on de cette Histoire que les travailleurs, les salari\u00e9s, n\u2019ont rien \u00e0 attendre d\u2019un sauveur supr\u00eame. Qu\u2019ils n\u2019obtiennent en v\u00e9rit\u00e9 jamais que ce qu\u2019ils arrachent de haute lutte ?  Patrick Seignon. \u00ab lavoiedessansvoix.fr \u00bb. Mercredi 4 mai 2016.<\/p>\n","protected":false},"excerpt":{"rendered":"<p>80 ANS DU FRONT POPULAIRE : LE FLAGRANT D\u00c9LIT DE MENSONGE DES \u00ab JT \u00bb. 3 mai 1936, 3 mai [&hellip;]<\/p>\n","protected":false},"author":1,"featured_media":4563,"comment_status":"open","ping_status":"open","sticky":false,"template":"","format":"standard","meta":{"sfsi_plus_gutenberg_text_before_share":"","sfsi_plus_gutenberg_show_text_before_share":"","sfsi_plus_gutenberg_icon_type":"","sfsi_plus_gutenberg_icon_alignemt":"","sfsi_plus_gutenburg_max_per_row":"","site-sidebar-layout":"default","site-content-layout":"","ast-site-content-layout":"default","site-content-style":"default","site-sidebar-style":"default","ast-global-header-display":"","ast-banner-title-visibility":"","ast-main-header-display":"","ast-hfb-above-header-display":"","ast-hfb-below-header-display":"","ast-hfb-mobile-header-display":"","site-post-title":"","ast-breadcrumbs-content":"","ast-featured-img":"","footer-sml-layout":"","ast-disable-related-posts":"","theme-transparent-header-meta":"","adv-header-id-meta":"","stick-header-meta":"","header-above-stick-meta":"","header-main-stick-meta":"","header-below-stick-meta":"","astra-migrate-meta-layouts":"default","ast-page-background-enabled":"default","ast-page-background-meta":{"desktop":{"background-color":"var(--ast-global-color-4)","background-image":"","background-repeat":"repeat","background-position":"center center","background-size":"auto","background-attachment":"scroll","background-type":"","background-media":"","overlay-type":"","overlay-color":"","overlay-opacity":"","overlay-gradient":""},"tablet":{"background-color":"","background-image":"","background-repeat":"repeat","background-position":"center center","background-size":"auto","background-attachment":"scroll","background-type":"","background-media":"","overlay-type":"","overlay-color":"","overlay-opacity":"","overlay-gradient":""},"mobile":{"background-color":"","background-image":"","background-repeat":"repeat","background-position":"center center","background-size":"auto","background-attachment":"scroll","background-type":"","background-media":"","overlay-type":"","overlay-color":"","overlay-opacity":"","overlay-gradient":""}},"ast-content-background-meta":{"desktop":{"background-color":"var(--ast-global-color-5)","background-image":"","background-repeat":"repeat","background-position":"center center","background-size":"auto","background-attachment":"scroll","background-type":"","background-media":"","overlay-type":"","overlay-color":"","overlay-opacity":"","overlay-gradient":""},"tablet":{"background-color":"var(--ast-global-color-5)","background-image":"","background-repeat":"repeat","background-position":"center center","background-size":"auto","background-attachment":"scroll","background-type":"","background-media":"","overlay-type":"","overlay-color":"","overlay-opacity":"","overlay-gradient":""},"mobile":{"background-color":"var(--ast-global-color-5)","background-image":"","background-repeat":"repeat","background-position":"center center","background-size":"auto","background-attachment":"scroll","background-type":"","background-media":"","overlay-type":"","overlay-color":"","overlay-opacity":"","overlay-gradient":""}},"footnotes":""},"categories":[16],"tags":[],"class_list":["post-971","post","type-post","status-publish","format-standard","has-post-thumbnail","hentry","category-archives-cms"],"_links":{"self":[{"href":"https:\/\/lavoiedessansvoix.fr\/lavoie\/wp-json\/wp\/v2\/posts\/971","targetHints":{"allow":["GET"]}}],"collection":[{"href":"https:\/\/lavoiedessansvoix.fr\/lavoie\/wp-json\/wp\/v2\/posts"}],"about":[{"href":"https:\/\/lavoiedessansvoix.fr\/lavoie\/wp-json\/wp\/v2\/types\/post"}],"author":[{"embeddable":true,"href":"https:\/\/lavoiedessansvoix.fr\/lavoie\/wp-json\/wp\/v2\/users\/1"}],"replies":[{"embeddable":true,"href":"https:\/\/lavoiedessansvoix.fr\/lavoie\/wp-json\/wp\/v2\/comments?post=971"}],"version-history":[{"count":1,"href":"https:\/\/lavoiedessansvoix.fr\/lavoie\/wp-json\/wp\/v2\/posts\/971\/revisions"}],"predecessor-version":[{"id":4564,"href":"https:\/\/lavoiedessansvoix.fr\/lavoie\/wp-json\/wp\/v2\/posts\/971\/revisions\/4564"}],"wp:featuredmedia":[{"embeddable":true,"href":"https:\/\/lavoiedessansvoix.fr\/lavoie\/wp-json\/wp\/v2\/media\/4563"}],"wp:attachment":[{"href":"https:\/\/lavoiedessansvoix.fr\/lavoie\/wp-json\/wp\/v2\/media?parent=971"}],"wp:term":[{"taxonomy":"category","embeddable":true,"href":"https:\/\/lavoiedessansvoix.fr\/lavoie\/wp-json\/wp\/v2\/categories?post=971"},{"taxonomy":"post_tag","embeddable":true,"href":"https:\/\/lavoiedessansvoix.fr\/lavoie\/wp-json\/wp\/v2\/tags?post=971"}],"curies":[{"name":"wp","href":"https:\/\/api.w.org\/{rel}","templated":true}]}}