{"id":970,"date":"2016-05-07T00:34:00","date_gmt":"2016-05-06T22:34:00","guid":{"rendered":"https:\/\/lavoiedessansvoix.fr\/lavoie\/2016\/05\/07\/archive-du-pouvoir-de-nuisance-des-niais-en-politique\/"},"modified":"2026-04-26T21:53:08","modified_gmt":"2026-04-26T19:53:08","slug":"archive-du-pouvoir-de-nuisance-des-niais-en-politique","status":"publish","type":"post","link":"https:\/\/lavoiedessansvoix.fr\/lavoie\/2016\/05\/07\/archive-du-pouvoir-de-nuisance-des-niais-en-politique\/","title":{"rendered":"DU POUVOIR DE NUISANCE DES NIAIS EN POLITIQUE"},"content":{"rendered":"<p>DU POUVOIR DE NUISANCE DES NIAIS EN POLITIQUE   Il y a au Parti Socialiste (Socialiste telle est l\u2019\u00e9tiquette mystificatrice, sans aucun rapport \u00e0 la r\u00e9alit\u00e9), de braves gens \u00e0 l\u2019esprit simple, pr\u00eats \u00e0 croire \u00e0 \u00ab ces promesses qui n\u2019engagent que ceux qui y croient \u00bb, dispos\u00e9s \u00e0 prendre les vessies pour des lanternes, disponibles pour une \u00ab rencontre du troisi\u00e8me type \u00bb.    Bien leur en fasse.   Mais ceux-l\u00e0, bien que parfois de mani\u00e8re non intentionnelle, n\u2019en trompent pas moins leur public et nuisent aux causes qu\u2019ils pr\u00e9tendent d\u00e9fendre. Nous ne sommes pas tenus de les croire ni de les subir.  J\u2019en ai connus des braves gar\u00e7ons (et filles, elles ne sont pas exemptes) de cette complexion-l\u00e0. Ils ne sont pas m\u00e9chants, ils sont m\u00eame plut\u00f4t dr\u00f4les et gentils. C\u2019est pourquoi malgr\u00e9 la confusion de leurs jugements on peine \u00e0 leur en faire grief. Chez certains peuples am\u00e9rindiens les \u00ab fous \u00bb et \u00ab les niais \u00bb \u00e9taient m\u00eames prot\u00e9g\u00e9s. Mais c\u2019est pourtant \u00e0 cette raison qu\u2019ils sont parfois nuisibles, si on leur accorde trop d\u2019attention, \u00e0 l\u2019\u00e9quilibre du \u00ab jugement \u00bb public et donc aux causes qu\u2019ils pr\u00e9tendent partager.  Au PS, les fous et les niais ne r\u00e9sident d\u2019ailleurs pas seulement parmi les adh\u00e9rents lambda. Il faut dire qu\u2019un tel parti dont le fondement est \u00e9tablit sur un grand \u00e9cart entre ce qu\u2019il pr\u00e9tend \u00eatre et ce qu\u2019il est vraiment, constitue un terreau favorable au foisonnement de cette engeance. Et comme ils sont nombreux au PS, les fous et les niais, il n\u2019y a rien d\u2019\u00e9tonnant \u00e0 ce qu\u2019ils soient repr\u00e9sent\u00e9s jusque dans les plus hautes instances du parti, groupe parlementaire compris.  Ainsi y-a-t-il au PS, nous n\u2019en doutons pas,  et parmi les d\u00e9put\u00e9s m\u00eame, des gens qui sont sinc\u00e8rement pr\u00e9occup\u00e9s de la condition populaire, des salari\u00e9s et des ouvriers. Des gens qui sont oppos\u00e9s par exemple \u00e0 la g\u00e9n\u00e9ralisation du travail des dimanches, ou \u00e0 la liquidation de la loi des 35 heures, qui sont en d\u00e9saccord profond avec l\u2019actuel projet de \u00ab loi travail \u00bb (El-Khomri). Mais ces \u00ab braves gens \u00bb finissent toujours, d\u2019une mani\u00e8re ou d\u2019une autre, par accepter un compromis ou une \u00ab synth\u00e8se \u00bb avec les \u00ab malins qui gouvernent vraiment \u00bb au prix d\u2019un arrangement avec leur conscience ou bien capitulent-ils sans gloire devant l\u2019oukase du 49 3.  Si ils sont vraiment, comme ils pr\u00e9tendent, \u00ab OPPOSES \u00bb \u00e0 la politique \u00ab social-lib\u00e9rale \u00bb du gouvernement, si ils la juge v\u00e9ritablement n\u00e9faste pour les classes populaires, ne devraient-ils pas en toute logique s\u2019y opposer jusqu\u2019au bout, sans l\u00e9siner sur les moyens ? Or, quand le gouvernement souhaite faire usage du 49-3, l\u2019article \u00ab couperet de la constitution \u00bb, il doit au pr\u00e9alable solliciter un vote de confiance de l\u2019Assembl\u00e9e, les d\u00e9put\u00e9s peuvent alors pr\u00e9senter et voter une \u00ab motion de censure \u00bb et si celle-ci recueille la majorit\u00e9 le gouvernement n\u2019a gu\u00e8re d\u2019autre issue que de d\u00e9missionner. Dans ce cas, qui c\u2019est d\u00e9j\u00e0 produit depuis le d\u00e9but de la mandature de Fran\u00e7ois Hollande, la droite pr\u00e9sente \u00ab sa \u00bb motion de censure, tout expr\u00e8s bien marqu\u00e9e \u00e0 droite et non consensuelle, et des d\u00e9put\u00e9s de gauche (communistes, \u00e9cologistes, ou gauche socialiste), qui ne veulent pas donner foi aux arguments de la droite en pr\u00e9sentent une autre \u00e0 leur propre sauce. Si bien qu\u2019aucune des deux ne r\u00e9unit la majorit\u00e9 et le gouvernement pourtant mis en minorit\u00e9 de facto, impose tout de m\u00eame sa volont\u00e9, et les victimes d\u00e9sign\u00e9es, les couches populaires, les salari\u00e9s et ouvriers sont en d\u00e9finitive et comme \u00e0 chaque fois \u00ab les dindons de cette farce cynique \u00bb.   Pourquoi les choses se passent-elles ainsi ? D\u2019abord parce que la droite, pour des raisons de politique politicienne (alternance oblige) souhaite marquer son opposition au gouvernement pr\u00e9tendument de gauche. Mais pour autant elle ne veut pas vraiment mettre en \u00e9chec le gouvernement, et elle a \u00e0 cela deux raisons. 1) La droite n\u2019est pas d\u2019accord avec les lois pr\u00e9sent\u00e9e par le Parti Social lib\u00e9ral, non pas sur le fond mais parce qu\u2019elle voudrait aller encore plus loin. Elle ne souhaite donc pas mettre v\u00e9ritablement ces textes en \u00e9chec au su que \u00ab tout est bon qui est d\u00e9j\u00e0 pris \u00bb.   2) D\u2019autre part elle ne souhaite pas ouvrir une crise institutionnelle qu\u2019entrainerait probablement la \u00ab chute \u00bb du gouvernement et qui pourrait s\u2019av\u00e9rer le d\u00e9but de la fin de \u00ab la cinqui\u00e8me \u00ab publique. La sauvegarde des institutions h\u00e9rit\u00e9es de Charles De Gaulle et Michel Debr\u00e9 a plus d\u2019importance \u00e0 son sens que toute victoire politique conjoncturelle.  Quant \u00e0 la pr\u00e9sentation d\u2019une deuxi\u00e8me motion de censure, (de gauche), sous l\u2019apparence d\u2019une ferme opposition \u00e0 la politique du gouvernement, ce n\u2019est en vrai, objectivement, qu\u2019une \u00ab feinte \u00bb une ruse pour sauver la mise \u00e0 celui-ci et voler au secours de sa politique.   Et alors, si vous collez le nez de nos gentils \u00ab demeur\u00e9s \u00bb sur l\u2019incoh\u00e9rence de leur conduite, ils vous r\u00e9pondent. On est contre ceci ou cela, mais on souhaite tout de m\u00eame que \u00ab la gauche gagne \u00bb (Benoit Hamon).   Or, sugg\u00e8rerons-nous, est-ce bien la gauche qui gagne, et quoi, quand on laisse passer des lois ultra lib\u00e9rales anti-ouvri\u00e8res ?  La loi \u00ab El-Khomri \u00bb a cristallis\u00e9e contre elle une opposition populaire massive. Les gentils fous vont-ils encore une fois nous berner ? Vont-ils encore sauver celle-ci au pr\u00e9texte qu\u2019ils veulent faire \u00ab gagner la gauche \u00bb ?   Certains ce sont d\u00e9j\u00e0 ralli\u00e9s au projet du gouvernement, car pr\u00e9tendent-ils, de nombreuses concessions ont d\u00e9j\u00e0 \u00e9t\u00e9 faites et le texte actuel n\u2019a plus rien \u00e0 voir avec le texte d\u2019origine. Mais en v\u00e9rit\u00e9 le but ultime de la \u00ab loi travail \u00bb, \u00e9tant de faciliter les conditions de licenciements, afin de permettre aux employeurs de moduler leurs effectifs au plus pr\u00e8s de la charge de travail et des carnets de commande. (Flexibilit\u00e9 des effectifs et dans les fait la fin du CDI), c\u2019est cela l\u2019essentiel et \u00e0 cet \u00e9gard  tout le reste est secondaire et accessoire. Ainsi, tant que ce dispositif subsiste la \u00ab loi travail doit \u00eatre combattue. L\u2019accepter, au pr\u00e9texte fallacieux de surtaxes sur les CDD ou toute autre leurre, qui ne seront d\u2019ailleurs jamais appliqu\u00e9es, ce ne serait rien autre que se d\u00e9dire et tromper ses mandants.  Et, dans le cas d\u2019usage du 49-3 par le gouvernement, laisser passer l\u2019oukase, au pr\u00e9texte que l\u2019on ne veut pas se compromettre avec la droite, ce serait une terrible trahison, \u00e0 laquelle la niaiserie ne saurait-\u00eatre une excuse suffisante.  Patrick Seignon. \u00ab lavoiedessansvoix.fr \u00bb Samedi 7 mai 2016.  LE SALAIRE DE LA TENDRESSE  (Petit additif \u00e0 l\u2019article d\u2019hier : \u00ab Du pouvoir de nuisance des niais en politique. \u00bb)  Un ami m\u2019\u00e9crit par \u00ab courriel \u00bb :   \u00ab Tu qualifie de niais les d\u00e9put\u00e9s de la Gauche-Socialiste et d\u2019autres qui adopteraient la m\u00eame attitude qu\u2019eux en cas de recours par le gouvernement \u00e0 l\u2019article 49 \u2013 3, pour faire passer en force la loi El-Khomri. Ne crains-tu pas d\u2019y \u00eatre all\u00e9 un peu fort et m\u00eame d\u2019avoir \u00e9t\u00e9 un peu injuste aussi ? Un peu fort car \u00e0 la limite de l\u2019injure et du m\u00e9pris, un peu injuste car la quasi-totalit\u00e9 d\u2019entre eux poss\u00e8de un bagage universitaire et intellectuel peut compatibles avec \u00ab la niaiserie \u00bb que tu leur pr\u00eates. Ne crains-tu pas d\u2019avoir \u00e9t\u00e9 trop dur ? \u00bb  Dur ? Absolument pas. C\u2019est au contraire la tendresse qui m\u2019a souffl\u00e9 les mots que j\u2019ai fait miens. C\u2019est l\u2019empathie constitutive de mon caract\u00e8re et  la philanthropie de ma d\u00e9marche qui m\u2019ont fait choisir cette caract\u00e9risation pour les d\u00e9finir.  Si l\u2019on devait chercher une autre explication que la niaiserie \u00e0 l\u2019attitude politique de ces gens-l\u00e0, songez que ce ne pourrait-\u00eatre alors que le cynisme. Et face \u00e0 cette alternative je ne doute pas un seul instant, m\u00eame si cela les a froiss\u00e9 un peu,  que les int\u00e9ress\u00e9s pr\u00e9f\u00e8rent en d\u00e9finitive se voir appliqu\u00e9  l\u2019adjectif pas bien m\u00e9chant de \u00ab niais \u00bb plut\u00f4t que celui de \u00ab Cynique \u00bb avec l\u2019abjection que cela sous-entend.  Patrick Seignon. \u00ab lavoiedessansvoix.fr \u00bb. Dimanche 8 mai 2016.<\/p>\n","protected":false},"excerpt":{"rendered":"<p>DU POUVOIR DE NUISANCE DES NIAIS EN POLITIQUE Il y a au Parti Socialiste (Socialiste telle est l\u2019\u00e9tiquette mystificatrice, sans [&hellip;]<\/p>\n","protected":false},"author":1,"featured_media":4561,"comment_status":"open","ping_status":"open","sticky":false,"template":"","format":"standard","meta":{"sfsi_plus_gutenberg_text_before_share":"","sfsi_plus_gutenberg_show_text_before_share":"","sfsi_plus_gutenberg_icon_type":"","sfsi_plus_gutenberg_icon_alignemt":"","sfsi_plus_gutenburg_max_per_row":"","site-sidebar-layout":"default","site-content-layout":"","ast-site-content-layout":"default","site-content-style":"default","site-sidebar-style":"default","ast-global-header-display":"","ast-banner-title-visibility":"","ast-main-header-display":"","ast-hfb-above-header-display":"","ast-hfb-below-header-display":"","ast-hfb-mobile-header-display":"","site-post-title":"","ast-breadcrumbs-content":"","ast-featured-img":"","footer-sml-layout":"","ast-disable-related-posts":"","theme-transparent-header-meta":"","adv-header-id-meta":"","stick-header-meta":"","header-above-stick-meta":"","header-main-stick-meta":"","header-below-stick-meta":"","astra-migrate-meta-layouts":"default","ast-page-background-enabled":"default","ast-page-background-meta":{"desktop":{"background-color":"var(--ast-global-color-4)","background-image":"","background-repeat":"repeat","background-position":"center center","background-size":"auto","background-attachment":"scroll","background-type":"","background-media":"","overlay-type":"","overlay-color":"","overlay-opacity":"","overlay-gradient":""},"tablet":{"background-color":"","background-image":"","background-repeat":"repeat","background-position":"center center","background-size":"auto","background-attachment":"scroll","background-type":"","background-media":"","overlay-type":"","overlay-color":"","overlay-opacity":"","overlay-gradient":""},"mobile":{"background-color":"","background-image":"","background-repeat":"repeat","background-position":"center center","background-size":"auto","background-attachment":"scroll","background-type":"","background-media":"","overlay-type":"","overlay-color":"","overlay-opacity":"","overlay-gradient":""}},"ast-content-background-meta":{"desktop":{"background-color":"var(--ast-global-color-5)","background-image":"","background-repeat":"repeat","background-position":"center center","background-size":"auto","background-attachment":"scroll","background-type":"","background-media":"","overlay-type":"","overlay-color":"","overlay-opacity":"","overlay-gradient":""},"tablet":{"background-color":"var(--ast-global-color-5)","background-image":"","background-repeat":"repeat","background-position":"center center","background-size":"auto","background-attachment":"scroll","background-type":"","background-media":"","overlay-type":"","overlay-color":"","overlay-opacity":"","overlay-gradient":""},"mobile":{"background-color":"var(--ast-global-color-5)","background-image":"","background-repeat":"repeat","background-position":"center center","background-size":"auto","background-attachment":"scroll","background-type":"","background-media":"","overlay-type":"","overlay-color":"","overlay-opacity":"","overlay-gradient":""}},"footnotes":""},"categories":[16],"tags":[],"class_list":["post-970","post","type-post","status-publish","format-standard","has-post-thumbnail","hentry","category-archives-cms"],"_links":{"self":[{"href":"https:\/\/lavoiedessansvoix.fr\/lavoie\/wp-json\/wp\/v2\/posts\/970","targetHints":{"allow":["GET"]}}],"collection":[{"href":"https:\/\/lavoiedessansvoix.fr\/lavoie\/wp-json\/wp\/v2\/posts"}],"about":[{"href":"https:\/\/lavoiedessansvoix.fr\/lavoie\/wp-json\/wp\/v2\/types\/post"}],"author":[{"embeddable":true,"href":"https:\/\/lavoiedessansvoix.fr\/lavoie\/wp-json\/wp\/v2\/users\/1"}],"replies":[{"embeddable":true,"href":"https:\/\/lavoiedessansvoix.fr\/lavoie\/wp-json\/wp\/v2\/comments?post=970"}],"version-history":[{"count":1,"href":"https:\/\/lavoiedessansvoix.fr\/lavoie\/wp-json\/wp\/v2\/posts\/970\/revisions"}],"predecessor-version":[{"id":4562,"href":"https:\/\/lavoiedessansvoix.fr\/lavoie\/wp-json\/wp\/v2\/posts\/970\/revisions\/4562"}],"wp:featuredmedia":[{"embeddable":true,"href":"https:\/\/lavoiedessansvoix.fr\/lavoie\/wp-json\/wp\/v2\/media\/4561"}],"wp:attachment":[{"href":"https:\/\/lavoiedessansvoix.fr\/lavoie\/wp-json\/wp\/v2\/media?parent=970"}],"wp:term":[{"taxonomy":"category","embeddable":true,"href":"https:\/\/lavoiedessansvoix.fr\/lavoie\/wp-json\/wp\/v2\/categories?post=970"},{"taxonomy":"post_tag","embeddable":true,"href":"https:\/\/lavoiedessansvoix.fr\/lavoie\/wp-json\/wp\/v2\/tags?post=970"}],"curies":[{"name":"wp","href":"https:\/\/api.w.org\/{rel}","templated":true}]}}