{"id":969,"date":"2016-05-08T01:33:00","date_gmt":"2016-05-07T23:33:00","guid":{"rendered":"https:\/\/lavoiedessansvoix.fr\/lavoie\/2016\/05\/08\/archive-le-salaire-de-la-tendresse-petit-additif-a-l-article-d-hier-du-pouvoir-de-nuisan\/"},"modified":"2026-04-26T21:53:00","modified_gmt":"2026-04-26T19:53:00","slug":"archive-le-salaire-de-la-tendresse-petit-additif-a-l-article-d-hier-du-pouvoir-de-nuisan","status":"publish","type":"post","link":"https:\/\/lavoiedessansvoix.fr\/lavoie\/2016\/05\/08\/archive-le-salaire-de-la-tendresse-petit-additif-a-l-article-d-hier-du-pouvoir-de-nuisan\/","title":{"rendered":"LE SALAIRE DE LA TENDRESSE    (Petit additif \u00e0 l\u2019article d\u2019hier : \u00ab Du pouvoir de nuisance des niais en politique. \u00bb)"},"content":{"rendered":"<p>LE SALAIRE DE LA TENDRESSE(Petit additif \u00e0 l\u2019article d\u2019hier : \u00ab Du pouvoir de nuisance des niais en politique. \u00bb)  Un ami m\u2019\u00e9crit par \u00ab courriel \u00bb :   \u00ab Tu qualifie de niais les d\u00e9put\u00e9s de la Gauche-Socialiste et d\u2019autres qui adopteraient la m\u00eame attitude qu\u2019eux en cas de recours par le gouvernement \u00e0 l\u2019article 49 \u2013 3, pour faire passer en force la loi El-Khomri. Ne crains-tu pas d\u2019y \u00eatre all\u00e9 un peu fort et m\u00eame d\u2019avoir \u00e9t\u00e9 un peu injuste aussi ? Un peu fort car \u00e0 la limite de l\u2019injure et du m\u00e9pris, un peu injuste car la quasi-totalit\u00e9 d\u2019entre eux poss\u00e8de un bagage universitaire et intellectuel peut compatibles avec \u00ab la niaiserie \u00bb que tu leur pr\u00eates. Ne crains-tu pas d\u2019avoir \u00e9t\u00e9 trop dur ? \u00bb  Dur ? Absolument pas. C\u2019est au contraire la tendresse qui m\u2019a souffl\u00e9 les mots que j\u2019ai fait miens. C\u2019est l\u2019empathie constitutive de mon caract\u00e8re et  la philanthropie de ma d\u00e9marche qui m\u2019ont fait choisir cette caract\u00e9risation pour les d\u00e9finir.  Si l\u2019on devait chercher une autre explication que la niaiserie \u00e0 l\u2019attitude politique de ces gens-l\u00e0, songez que ce ne pourrait-\u00eatre alors que le cynisme. Et face \u00e0 cette alternative je ne doute pas un seul instant, m\u00eame si cela les a froiss\u00e9 un peu,  que les int\u00e9ress\u00e9s pr\u00e9f\u00e8rent en d\u00e9finitive se voir appliqu\u00e9  l\u2019adjectif pas bien m\u00e9chant de \u00ab niais \u00bb plut\u00f4t que celui de \u00ab Cynique \u00bb avec l\u2019abjection que cela sous-entend.  Patrick Seignon. \u00ab lavoiedessansvoix.fr \u00bb. Dimanche 8 mai 2016.<\/p>\n","protected":false},"excerpt":{"rendered":"<p>LE SALAIRE DE LA TENDRESSE(Petit additif \u00e0 l\u2019article d\u2019hier : \u00ab Du pouvoir de nuisance des niais en politique. \u00bb) [&hellip;]<\/p>\n","protected":false},"author":1,"featured_media":4559,"comment_status":"open","ping_status":"open","sticky":false,"template":"","format":"standard","meta":{"sfsi_plus_gutenberg_text_before_share":"","sfsi_plus_gutenberg_show_text_before_share":"","sfsi_plus_gutenberg_icon_type":"","sfsi_plus_gutenberg_icon_alignemt":"","sfsi_plus_gutenburg_max_per_row":"","site-sidebar-layout":"default","site-content-layout":"","ast-site-content-layout":"default","site-content-style":"default","site-sidebar-style":"default","ast-global-header-display":"","ast-banner-title-visibility":"","ast-main-header-display":"","ast-hfb-above-header-display":"","ast-hfb-below-header-display":"","ast-hfb-mobile-header-display":"","site-post-title":"","ast-breadcrumbs-content":"","ast-featured-img":"","footer-sml-layout":"","ast-disable-related-posts":"","theme-transparent-header-meta":"","adv-header-id-meta":"","stick-header-meta":"","header-above-stick-meta":"","header-main-stick-meta":"","header-below-stick-meta":"","astra-migrate-meta-layouts":"default","ast-page-background-enabled":"default","ast-page-background-meta":{"desktop":{"background-color":"var(--ast-global-color-4)","background-image":"","background-repeat":"repeat","background-position":"center center","background-size":"auto","background-attachment":"scroll","background-type":"","background-media":"","overlay-type":"","overlay-color":"","overlay-opacity":"","overlay-gradient":""},"tablet":{"background-color":"","background-image":"","background-repeat":"repeat","background-position":"center center","background-size":"auto","background-attachment":"scroll","background-type":"","background-media":"","overlay-type":"","overlay-color":"","overlay-opacity":"","overlay-gradient":""},"mobile":{"background-color":"","background-image":"","background-repeat":"repeat","background-position":"center center","background-size":"auto","background-attachment":"scroll","background-type":"","background-media":"","overlay-type":"","overlay-color":"","overlay-opacity":"","overlay-gradient":""}},"ast-content-background-meta":{"desktop":{"background-color":"var(--ast-global-color-5)","background-image":"","background-repeat":"repeat","background-position":"center center","background-size":"auto","background-attachment":"scroll","background-type":"","background-media":"","overlay-type":"","overlay-color":"","overlay-opacity":"","overlay-gradient":""},"tablet":{"background-color":"var(--ast-global-color-5)","background-image":"","background-repeat":"repeat","background-position":"center center","background-size":"auto","background-attachment":"scroll","background-type":"","background-media":"","overlay-type":"","overlay-color":"","overlay-opacity":"","overlay-gradient":""},"mobile":{"background-color":"var(--ast-global-color-5)","background-image":"","background-repeat":"repeat","background-position":"center center","background-size":"auto","background-attachment":"scroll","background-type":"","background-media":"","overlay-type":"","overlay-color":"","overlay-opacity":"","overlay-gradient":""}},"footnotes":""},"categories":[16],"tags":[],"class_list":["post-969","post","type-post","status-publish","format-standard","has-post-thumbnail","hentry","category-archives-cms"],"_links":{"self":[{"href":"https:\/\/lavoiedessansvoix.fr\/lavoie\/wp-json\/wp\/v2\/posts\/969","targetHints":{"allow":["GET"]}}],"collection":[{"href":"https:\/\/lavoiedessansvoix.fr\/lavoie\/wp-json\/wp\/v2\/posts"}],"about":[{"href":"https:\/\/lavoiedessansvoix.fr\/lavoie\/wp-json\/wp\/v2\/types\/post"}],"author":[{"embeddable":true,"href":"https:\/\/lavoiedessansvoix.fr\/lavoie\/wp-json\/wp\/v2\/users\/1"}],"replies":[{"embeddable":true,"href":"https:\/\/lavoiedessansvoix.fr\/lavoie\/wp-json\/wp\/v2\/comments?post=969"}],"version-history":[{"count":1,"href":"https:\/\/lavoiedessansvoix.fr\/lavoie\/wp-json\/wp\/v2\/posts\/969\/revisions"}],"predecessor-version":[{"id":4560,"href":"https:\/\/lavoiedessansvoix.fr\/lavoie\/wp-json\/wp\/v2\/posts\/969\/revisions\/4560"}],"wp:featuredmedia":[{"embeddable":true,"href":"https:\/\/lavoiedessansvoix.fr\/lavoie\/wp-json\/wp\/v2\/media\/4559"}],"wp:attachment":[{"href":"https:\/\/lavoiedessansvoix.fr\/lavoie\/wp-json\/wp\/v2\/media?parent=969"}],"wp:term":[{"taxonomy":"category","embeddable":true,"href":"https:\/\/lavoiedessansvoix.fr\/lavoie\/wp-json\/wp\/v2\/categories?post=969"},{"taxonomy":"post_tag","embeddable":true,"href":"https:\/\/lavoiedessansvoix.fr\/lavoie\/wp-json\/wp\/v2\/tags?post=969"}],"curies":[{"name":"wp","href":"https:\/\/api.w.org\/{rel}","templated":true}]}}