{"id":965,"date":"2016-05-13T08:26:00","date_gmt":"2016-05-13T06:26:00","guid":{"rendered":"https:\/\/lavoiedessansvoix.fr\/lavoie\/2016\/05\/13\/archive-ils-ont-ose\/"},"modified":"2026-04-26T21:52:22","modified_gmt":"2026-04-26T19:52:22","slug":"archive-ils-ont-ose","status":"publish","type":"post","link":"https:\/\/lavoiedessansvoix.fr\/lavoie\/2016\/05\/13\/archive-ils-ont-ose\/","title":{"rendered":"ILS ONT OSE"},"content":{"rendered":"<p>ILS ONT OSE   1 &#8211; Forfaiture :  L\u2019\u00e9quipe des \u00ab dictateurs r\u00e9publicains \u00bb, Hollande, Valls Macron, a os\u00e9 faire adopter sous la contrainte une loi sc\u00e9l\u00e9rate dont les salari\u00e9s de ce pays ne voulaient pas. C\u2019est un abus de pouvoir, c\u2019est une \u00ab forfaiture \u00bb dont la sinistre tro\u00efka c\u2019est rendue coupable.  Or, songez que ce sont eux, qui ont l\u2019outrecuidance d\u2019en appeler au \u00ab dialogue social \u00bb, contre les gr\u00e8ves et l\u2019action syndicale, contre les manifestations d\u2019indignation ou de col\u00e8re des salari\u00e9s. De quel dialogue social peut-il bien s\u2019agir quand une loi cens\u00e9 r\u00e9gir les rapports sociaux dans les entreprises et qui impacte donc la grande majorit\u00e9 des citoyens est impos\u00e9e par la \u00ab vertu \u00bb du knout ?  Ainsi accouch\u00e9e dans la douleur, \u00e0 l\u2019aide des forceps de l\u2019article 49-3, la loi El-Khomri a donc commenc\u00e9 sa carri\u00e8re comme une loi sc\u00e9l\u00e9rate et coercitive, un d\u00e9ni de d\u00e9mocratie, une tache ind\u00e9l\u00e9bile, un chancre de mort qui pr\u00e9cipitera \u00ab la gauche de gouvernement \u00bb au tombeau.  Manuel Valls, la statue vivante de Mussolini, n\u2019est d\u2019ailleurs pas dupe des enjeux, qui a dit hier qu\u2019il \u00ab ne laisserai pas d\u00e9truire la gauche de gouvernement \u00bb ; A cela pr\u00e8s que lui par son propos vise les actes d\u2019agacement ou de r\u00e9bellion des d\u00e9put\u00e9s de \u00ab sa majorit\u00e9 \u00bb, alors qu\u2019il est l\u2019auteur de l\u2019acte destructeur par lequel le probl\u00e8me se pose.  2 \u2013 Sc\u00e9l\u00e9ratesse :  La responsabilit\u00e9 de l\u2019\u00e9quipe ex\u00e9cutive, dans cette affaire, est immense, et lui m\u00e9rite l\u2019opprobre populaire et la haine \u00e9ternelle des salari\u00e9s victimes de sa traitrise.   Pourtant il y a plus. Il y a ceux qui sont oppos\u00e9s \u00e0 cette loi, du moins le pr\u00e9tendent-ils, qui en ont critiqu\u00e9 tous les aspects n\u00e9fastes prouvant par l\u00e0 qu\u2019ils n\u2019en ignorent rien,  Qui pouvaient la bloquer  Qui en avaient le moyen et le pouvoir.  Mais qui ne l\u2019ont pas fait.   Qui ont os\u00e9 ne pas le faire !   Probablement guid\u00e9s par des raisons obscures qui n\u2019appartiennent qu\u2019\u00e0 eux.   Ceux-l\u00e0 ont d\u2019une certaine mani\u00e8re une responsabilit\u00e9 pire encore et m\u00e9ritent plus que les trois pr\u00e9c\u00e9dents de subir toute la rigueur de notre ire. Plus que les trois autres car leur attitude \u00e0 eux, outre la forfaiture et la traitrise qu\u2019ils ont ainsi partag\u00e9e, se caract\u00e9rise par la sc\u00e9l\u00e9ratesse.  Car c\u2019est de la perfidie, de la f\u00e9lonie de la l\u00e2chet\u00e9 et de la sc\u00e9l\u00e9ratesse que d\u2019\u00eatre convaincu d\u2019une chose (ou de pr\u00e9tendre l\u2019\u00eatre) et de ne pas la d\u00e9fendre jusqu\u2019au bout, de se rendre \u00e0 des raisons qui n\u2019ont rien \u00e0 voir avec l\u2019int\u00e9r\u00eat collectif auquel on se dit attach\u00e9, sans \u00e9gard pour les millions de salari\u00e9s qui en seront les victimes.  Car leurs raisons : \u00ab obscures qui n\u2019appartiennent qu\u2019\u00e0 eux \u00bb, \u00ab qui n\u2019ont rien \u00e0 voir avec l\u2019int\u00e9r\u00eat collectif auquel ils se disent attach\u00e9s \u00bb,  Nous les connaissons nous. Nous les avons d\u00e9crypt\u00e9 il y a bien longtemps et les avions d\u00e9j\u00e0 expliqu\u00e9 dans ces colonnes : c\u2019est l\u2019int\u00e9r\u00eat politicien de \u00ab Parti \u00bb, leur int\u00e9r\u00eat propre de caste.   Ce qu\u2019ils redoutent dans la loi El-Khomri, ce n\u2019est pas tant la loi elle-m\u00eame ni m\u00eame les effets n\u00e9fastes, catastrophiques, qu\u2019elle produira sur la condition des salari\u00e9s, de cela ils n\u2019ont cure. Ce qu\u2019ils craignent ce sont les voix \u00ab de gauche \u00bb que la politique ultra lib\u00e9rale du gouvernement va faire perdre en masse au Parti Socialiste, le leur, et par voie de cons\u00e9quence les \u00e9lus et toutes les pr\u00e9bendes et autres avantages du pouvoir politique, qu\u2019ils perdront aussi.   Alors ils pr\u00e9tendent r\u00e9agir en s\u2019opposant par le verbe \u00e0 la politique du gouvernement afin de faire voir \u00e0 l\u2019opinion qu\u2019il y a encore \u00ab des gens de gauche au PS \u00bb, que celui-ci n\u2019est donc peut-\u00eatre pas aussi pourri qu\u2019il n\u2019y parait, en esp\u00e9rant de la sorte limiter la casse.   Ils veulent limiter la sanction \u00e9lectorale de leur parti. C\u2019est cela qui les guide et c\u2019est pourquoi ils ne veulent pas rompre trop nettement avec le parti qu\u2019ils pr\u00e9tendent sauver. Ce serait \u00e0 leur sens, et en effet, \u00ab contre-productif \u00bb. C\u2019est pourquoi, parce que leurs int\u00e9r\u00eats de parti et personnels, priment sur l\u2019int\u00e9r\u00eat des salari\u00e9s et de leurs mandants, ils peuvent trahir l\u2019int\u00e9r\u00eat g\u00e9n\u00e9ral en laissant passer une loi ignominieuse qu\u2019ils pouvaient arr\u00eater, et le gouvernement \u00ab se tirer ainsi d\u2019\u00e9paisseur \u00bb.  Mais les \u00e9lecteurs, les salari\u00e9s, eux, c\u2019est des int\u00e9r\u00eats du PS et de ses \u00e9lus qu\u2019ils n\u2019ont cure. A quoi leur servirait-il donc de s\u2019attacher \u00e0 la d\u00e9fense d\u2019un parti qui d\u00e9fend des int\u00e9r\u00eats \u00e9trangers et m\u00eame contradictoires aux leurs ? Dissimul\u00e9s derri\u00e8re leurs discours perfides, c\u2019est gens \u2013l\u00e0 qui s\u2019appellent \u00ab la gauche du PS \u00bb, \u00ab les frondeurs \u00bb sont, sans nul doute, plus nuisibles encore que leurs alter-\u00e9go du gouvernement. On ne peut leur faire confiance. Il faut les \u00e9radiquer tous, autant qu\u2019ils sont, du paysage politique.  Patrick Seignon. \u00ab lavoiedessansvoix.fr \u00bb. Vendredi 13 mai 2016.<\/p>\n","protected":false},"excerpt":{"rendered":"<p>ILS ONT OSE 1 &#8211; Forfaiture : L\u2019\u00e9quipe des \u00ab dictateurs r\u00e9publicains \u00bb, Hollande, Valls Macron, a os\u00e9 faire adopter [&hellip;]<\/p>\n","protected":false},"author":1,"featured_media":4551,"comment_status":"open","ping_status":"open","sticky":false,"template":"","format":"standard","meta":{"sfsi_plus_gutenberg_text_before_share":"","sfsi_plus_gutenberg_show_text_before_share":"","sfsi_plus_gutenberg_icon_type":"","sfsi_plus_gutenberg_icon_alignemt":"","sfsi_plus_gutenburg_max_per_row":"","site-sidebar-layout":"default","site-content-layout":"","ast-site-content-layout":"default","site-content-style":"default","site-sidebar-style":"default","ast-global-header-display":"","ast-banner-title-visibility":"","ast-main-header-display":"","ast-hfb-above-header-display":"","ast-hfb-below-header-display":"","ast-hfb-mobile-header-display":"","site-post-title":"","ast-breadcrumbs-content":"","ast-featured-img":"","footer-sml-layout":"","ast-disable-related-posts":"","theme-transparent-header-meta":"","adv-header-id-meta":"","stick-header-meta":"","header-above-stick-meta":"","header-main-stick-meta":"","header-below-stick-meta":"","astra-migrate-meta-layouts":"default","ast-page-background-enabled":"default","ast-page-background-meta":{"desktop":{"background-color":"var(--ast-global-color-4)","background-image":"","background-repeat":"repeat","background-position":"center center","background-size":"auto","background-attachment":"scroll","background-type":"","background-media":"","overlay-type":"","overlay-color":"","overlay-opacity":"","overlay-gradient":""},"tablet":{"background-color":"","background-image":"","background-repeat":"repeat","background-position":"center center","background-size":"auto","background-attachment":"scroll","background-type":"","background-media":"","overlay-type":"","overlay-color":"","overlay-opacity":"","overlay-gradient":""},"mobile":{"background-color":"","background-image":"","background-repeat":"repeat","background-position":"center center","background-size":"auto","background-attachment":"scroll","background-type":"","background-media":"","overlay-type":"","overlay-color":"","overlay-opacity":"","overlay-gradient":""}},"ast-content-background-meta":{"desktop":{"background-color":"var(--ast-global-color-5)","background-image":"","background-repeat":"repeat","background-position":"center center","background-size":"auto","background-attachment":"scroll","background-type":"","background-media":"","overlay-type":"","overlay-color":"","overlay-opacity":"","overlay-gradient":""},"tablet":{"background-color":"var(--ast-global-color-5)","background-image":"","background-repeat":"repeat","background-position":"center center","background-size":"auto","background-attachment":"scroll","background-type":"","background-media":"","overlay-type":"","overlay-color":"","overlay-opacity":"","overlay-gradient":""},"mobile":{"background-color":"var(--ast-global-color-5)","background-image":"","background-repeat":"repeat","background-position":"center center","background-size":"auto","background-attachment":"scroll","background-type":"","background-media":"","overlay-type":"","overlay-color":"","overlay-opacity":"","overlay-gradient":""}},"footnotes":""},"categories":[16],"tags":[],"class_list":["post-965","post","type-post","status-publish","format-standard","has-post-thumbnail","hentry","category-archives-cms"],"_links":{"self":[{"href":"https:\/\/lavoiedessansvoix.fr\/lavoie\/wp-json\/wp\/v2\/posts\/965","targetHints":{"allow":["GET"]}}],"collection":[{"href":"https:\/\/lavoiedessansvoix.fr\/lavoie\/wp-json\/wp\/v2\/posts"}],"about":[{"href":"https:\/\/lavoiedessansvoix.fr\/lavoie\/wp-json\/wp\/v2\/types\/post"}],"author":[{"embeddable":true,"href":"https:\/\/lavoiedessansvoix.fr\/lavoie\/wp-json\/wp\/v2\/users\/1"}],"replies":[{"embeddable":true,"href":"https:\/\/lavoiedessansvoix.fr\/lavoie\/wp-json\/wp\/v2\/comments?post=965"}],"version-history":[{"count":1,"href":"https:\/\/lavoiedessansvoix.fr\/lavoie\/wp-json\/wp\/v2\/posts\/965\/revisions"}],"predecessor-version":[{"id":4552,"href":"https:\/\/lavoiedessansvoix.fr\/lavoie\/wp-json\/wp\/v2\/posts\/965\/revisions\/4552"}],"wp:featuredmedia":[{"embeddable":true,"href":"https:\/\/lavoiedessansvoix.fr\/lavoie\/wp-json\/wp\/v2\/media\/4551"}],"wp:attachment":[{"href":"https:\/\/lavoiedessansvoix.fr\/lavoie\/wp-json\/wp\/v2\/media?parent=965"}],"wp:term":[{"taxonomy":"category","embeddable":true,"href":"https:\/\/lavoiedessansvoix.fr\/lavoie\/wp-json\/wp\/v2\/categories?post=965"},{"taxonomy":"post_tag","embeddable":true,"href":"https:\/\/lavoiedessansvoix.fr\/lavoie\/wp-json\/wp\/v2\/tags?post=965"}],"curies":[{"name":"wp","href":"https:\/\/api.w.org\/{rel}","templated":true}]}}