{"id":964,"date":"2016-05-16T17:15:00","date_gmt":"2016-05-16T15:15:00","guid":{"rendered":"https:\/\/lavoiedessansvoix.fr\/lavoie\/2016\/05\/16\/archive-mais-taisez-vous-donc-monsieur-hollande\/"},"modified":"2026-04-26T21:52:14","modified_gmt":"2026-04-26T19:52:14","slug":"archive-mais-taisez-vous-donc-monsieur-hollande","status":"publish","type":"post","link":"https:\/\/lavoiedessansvoix.fr\/lavoie\/2016\/05\/16\/archive-mais-taisez-vous-donc-monsieur-hollande\/","title":{"rendered":"MAIS TAISEZ-VOUS DONC MONSIEUR HOLLANDE"},"content":{"rendered":"<p>MAIS TAISEZ-VOUS DONC MONSIEUR HOLLANDE   \u00ab Fran\u00e7ois Hollande en d\u00e9placement au Nigeria, a insist\u00e9 sur le r\u00f4le des forces de l\u2019ordre en place sur le territoire national. \u00ab 10 000 soldats sont dispos\u00e9s sur le territoire pour prot\u00e9ger (\u2026) la population et (\u2026) ne doivent pas \u00eatre d\u00e9tourn\u00e9es de leurs mission \u00bb, a rappel\u00e9 \u00bb le chef de l\u2019\u00c9tat alors que des incidents ont \u00e9clat\u00e9 vendredi soir \u00e0 Rennes en marge d\u2019un rassemblement. \u00ab Aucune violence ne sera accept\u00e9e \u00bb, a pr\u00e9venu le pr\u00e9sident alors qu\u2019une manifestation interdite se tient dans les rues de la capitale bretonne ce samedi. \u00bb (BFM-T\u00e9l\u00e9)*    Vous vous \u00eates r\u00e9cemment fendu d\u2019un rendez-vous t\u00e9l\u00e9vis\u00e9 avec les fran\u00e7ais, que ceux-ci ont boud\u00e9 et dans la foul\u00e9e duquel votre c\u00f4te de popularit\u00e9 a chut\u00e9 \u00e0 13 points \u00e0 peine.  Vous avez ces temps-ci battu la campagne en r\u00e9p\u00e9tant comme un mainate idiot que la France allait mieux, que vous l\u2019aviez bien redress\u00e9e, et autres balivernes du m\u00eame acabit qui sonnent comme autant d\u2019insultes aux oreilles des Fran\u00e7ais de plus en plus nombreux qui souffrent et choient dans l\u2019indigence.  Et voil\u00e0 \u00e0 pr\u00e9sent que vous vous appesantissez sur les violences qui ont eu lieu en marges des manifestations contre la \u00ab loi travail \u00bb. Mais taisez-vous donc monsieur Hollande. Votre parole est compl\u00e9tement d\u00e9cr\u00e9dibilis\u00e9e. Vous ne paraitrez jamais aussi intelligent que lorsque vous observez le silence. Dommage que de pars votre fonction vous vous croyez tenu de donner votre avis dont on se passerait ais\u00e9ment vu qu\u2019il n\u2019est fait que de fadaises et de platitudes.  Car dites-moi monsieur Hollande, la violence, c\u2019est qui, c\u2019est quoi, \u00e7a vient d\u2019o\u00f9 la violence ?  La violence, n\u2019est-ce pas d\u2019abord la violence sociale dont l\u2019\u00c9tat, outil de coercition fait pour maintenir en servitude les classes productives de la soci\u00e9t\u00e9, est l\u2019expression la plus achev\u00e9e ?  \u00ab Aucune violence ne doit-\u00eatre tol\u00e9r\u00e9e. \u00bb Mais la violence, comme chef de \u00ab l\u2019\u00c9tat \u00bb coercitif, n\u2019en \u00eates-vous pas vous-m\u00eame l\u2019incarnation le temps au moins d\u2019un quinquennat ? Incarnation m\u00eame assum\u00e9 dirai-je. Vous n\u2019avez eu de cesse d\u2019y avoir recours dans tous les aspects de votre politique, agricole, sociale, internationale. Guerre en Syrie et soutien aux groupes djihadistes anti-Assad, Guerre au Niger et au Mali, r\u00e9pression des manifestations d\u2019agriculteurs, r\u00e9pression des manifestations de salari\u00e9s, des \u00ab zadistes \u00bb et militants \u00e9cologistes, etc. Or la violence c\u2019est m\u00eame plus que cela : le ch\u00f4mage qui n\u2019a cess\u00e9 de croitre, la pr\u00e9carit\u00e9 qui n\u2019a cess\u00e9 de se d\u00e9velopper, la mis\u00e8re et la d\u00e9sesp\u00e9rance d\u2019un nombre grandissant de nos concitoyens, les retraites qui se d\u00e9pr\u00e9cient et les retrait\u00e9s condamn\u00e9s \u00e0 l\u2019assistanat et \u00e0 la mendicit\u00e9, les jeunes auxquels vous promettez comme avenir une vie d\u2019incertitudes et de servitudes, tous ces gens qui doivent renoncer \u00e0 des soins de premi\u00e8re n\u00e9cessit\u00e9, tous ceux \u00e0 qui l\u2019on vole leur emploi, les syndicalistes ou salari\u00e9s condamn\u00e9s par des tribunaux parce que menac\u00e9s dans leur int\u00e9grit\u00e9 sociale ils se sont rebiff\u00e9 en \u00ab \u00e9tat de l\u00e9gitime violence \u00bb. La violence, n\u2019est-ce pas la dictature du recours au 49-3 pour imposer \u00e0 la majorit\u00e9 active de la soci\u00e9t\u00e9 les termes inacceptables d\u2019un \u00ab nouveau contrat social \u00bb. La violence n\u2019est-ce pas aussi l\u2019outrecuidance de vos ministres et de vous-m\u00eame qui refusent d\u2019entendre le bruissement de la rue ? La violence, n\u2019est-ce pas quand vous (si ce n\u2019est vous c\u2019est donc vos fr\u00e8res, vos amis ou vos \u00ab ennemis de la finance), privez de leurs emplois, humiliez des travailleurs et les ch\u00f4meurs, quand vous venez prendre de mille fa\u00e7ons dans les poches des travailleurs des parts du revenu salarial pour le redistribuer aux patrons et aux actionnaires. La violence, n\u2019est-ce pas ces couples qui se d\u00e9chirent \u00e0 cause des difficult\u00e9s financi\u00e8res o\u00f9 les r\u00e9duisent la pr\u00e9carit\u00e9 et les salaires de mis\u00e8re, n\u2019est-ce pas ces familles expuls\u00e9es de leur logis parce qu\u2019elles ne peuvent plus payer leurs loyers ou leurs charges, ces enfants pr\u00e9cipit\u00e9s dans le d\u00e9nuement ?  La violence, n\u2019est-ce pas ces foyers en \u00ab d\u00e9tresse \u00e9nerg\u00e9tique \u00bb, ces millions de repas servis aux \u00ab Restaurants du c\u0153ur \u00bb ?  Alors, protesterez-vous peut-\u00eatre, il n\u2019y a pas de violence caract\u00e9ris\u00e9 en cela, seulement les lois du march\u00e9, la \u00ab Loi \u00bb, et l\u2019action politique. Cela pourtant je vous l\u2019affirme est tout \u00e0 fait comparable au \u00ab racket \u00bb ou \u00e0 un hold-up au coin du bois. Si les victimes fatalistes subissent sans broncher, la plupart du temps, n\u2019est-ce pas seulement parce qu\u2019elles redoutent l\u2019\u00e9p\u00e9e de Damocl\u00e8s de vindicte \u00e9tatique suspendue au-dessus de leurs t\u00eates ? N\u2019est-ce pas parce qu\u2019elles redoutent le r\u00e9volver de la violence institutionnelle braqu\u00e9e en permanence sur leur tempe. L\u2019\u00c9tat est une bande organis\u00e9e de brigands arm\u00e9s qui d\u00e9troussent les braves citoyens laborieux. Et vous en \u00eates le chef pour un an encore. \u00ab Aucune violence ne doit \u00eatre accept\u00e9e \u00bb dites-vous ? Mais ne trouvez-vous pas, dans votre position, que vous \u00eates bien mal qualifi\u00e9 pour \u00e9mettre un tel avis ?  Car oui, monsieur Hollande, c\u2019est tout cela la violence, elle est g\u00e9n\u00e9rale et constitutive de nos soci\u00e9t\u00e9s hi\u00e9rarchis\u00e9es, b\u00e2ties sur elle et qui n\u2019existent que par elle.  Alors quand des manifestations de violence se produisent en marges de manifestations de masse, ce ne sont en v\u00e9rit\u00e9 que des \u00e9piph\u00e9nom\u00e8nes bien marginaux au regard de la violence fondatrice de notre soci\u00e9t\u00e9. Vous seriez bien inspir\u00e9,  plut\u00f4t que de hasarder \u00ab qu\u2019aucune violence ne doit \u00eatre accept\u00e9e \u00bb, de sugg\u00e9rer plus humblement que vous ne voulez pas tol\u00e9rer cette violence-l\u00e0, sp\u00e9cifiquement, car l\u2019usage de la violence doit \u00e0 votre sens \u00eatre r\u00e9serv\u00e9 \u00e0 l\u2019\u00c9tat et au service des poss\u00e9dants. Au moins les choses seraient claires et cela vous \u00e9viterez d\u2019ajouter de la mauvaise foi \u00e0 l\u2019incongruit\u00e9 de vos vell\u00e9it\u00e9s d\u2019autorit\u00e9.  Nous ne nous laisserons pas intimider monsieur Hollande, et nos organisations syndicales vous renverront avec d\u00e9dain \u00ab dans les cordes \u00bb quand vous invoquerez encore ces violences marginales dont vos services de surcro\u00eet sont  peut-\u00eatre m\u00eame les premiers commanditaires et responsables, pour tenter de nous mettre dans l\u2019embarra et de \u00ab d\u00e9l\u00e9gitimer \u00bb notre juste protestation.  Patrick Seignon. \u00ab l\u00e9avoiedessansvoix.fr \u00bb. Dimanche 15 mai 2016.  NB : Cet article a \u00e9t\u00e9 republi\u00e9 le lundi soir 16 mai, afin de rectifier la mise en page impossible hier.<\/p>\n","protected":false},"excerpt":{"rendered":"<p>MAIS TAISEZ-VOUS DONC MONSIEUR HOLLANDE \u00ab Fran\u00e7ois Hollande en d\u00e9placement au Nigeria, a insist\u00e9 sur le r\u00f4le des forces de [&hellip;]<\/p>\n","protected":false},"author":1,"featured_media":4549,"comment_status":"open","ping_status":"open","sticky":false,"template":"","format":"standard","meta":{"sfsi_plus_gutenberg_text_before_share":"","sfsi_plus_gutenberg_show_text_before_share":"","sfsi_plus_gutenberg_icon_type":"","sfsi_plus_gutenberg_icon_alignemt":"","sfsi_plus_gutenburg_max_per_row":"","site-sidebar-layout":"default","site-content-layout":"","ast-site-content-layout":"default","site-content-style":"default","site-sidebar-style":"default","ast-global-header-display":"","ast-banner-title-visibility":"","ast-main-header-display":"","ast-hfb-above-header-display":"","ast-hfb-below-header-display":"","ast-hfb-mobile-header-display":"","site-post-title":"","ast-breadcrumbs-content":"","ast-featured-img":"","footer-sml-layout":"","ast-disable-related-posts":"","theme-transparent-header-meta":"","adv-header-id-meta":"","stick-header-meta":"","header-above-stick-meta":"","header-main-stick-meta":"","header-below-stick-meta":"","astra-migrate-meta-layouts":"default","ast-page-background-enabled":"default","ast-page-background-meta":{"desktop":{"background-color":"var(--ast-global-color-4)","background-image":"","background-repeat":"repeat","background-position":"center center","background-size":"auto","background-attachment":"scroll","background-type":"","background-media":"","overlay-type":"","overlay-color":"","overlay-opacity":"","overlay-gradient":""},"tablet":{"background-color":"","background-image":"","background-repeat":"repeat","background-position":"center center","background-size":"auto","background-attachment":"scroll","background-type":"","background-media":"","overlay-type":"","overlay-color":"","overlay-opacity":"","overlay-gradient":""},"mobile":{"background-color":"","background-image":"","background-repeat":"repeat","background-position":"center center","background-size":"auto","background-attachment":"scroll","background-type":"","background-media":"","overlay-type":"","overlay-color":"","overlay-opacity":"","overlay-gradient":""}},"ast-content-background-meta":{"desktop":{"background-color":"var(--ast-global-color-5)","background-image":"","background-repeat":"repeat","background-position":"center center","background-size":"auto","background-attachment":"scroll","background-type":"","background-media":"","overlay-type":"","overlay-color":"","overlay-opacity":"","overlay-gradient":""},"tablet":{"background-color":"var(--ast-global-color-5)","background-image":"","background-repeat":"repeat","background-position":"center center","background-size":"auto","background-attachment":"scroll","background-type":"","background-media":"","overlay-type":"","overlay-color":"","overlay-opacity":"","overlay-gradient":""},"mobile":{"background-color":"var(--ast-global-color-5)","background-image":"","background-repeat":"repeat","background-position":"center center","background-size":"auto","background-attachment":"scroll","background-type":"","background-media":"","overlay-type":"","overlay-color":"","overlay-opacity":"","overlay-gradient":""}},"footnotes":""},"categories":[16],"tags":[],"class_list":["post-964","post","type-post","status-publish","format-standard","has-post-thumbnail","hentry","category-archives-cms"],"_links":{"self":[{"href":"https:\/\/lavoiedessansvoix.fr\/lavoie\/wp-json\/wp\/v2\/posts\/964","targetHints":{"allow":["GET"]}}],"collection":[{"href":"https:\/\/lavoiedessansvoix.fr\/lavoie\/wp-json\/wp\/v2\/posts"}],"about":[{"href":"https:\/\/lavoiedessansvoix.fr\/lavoie\/wp-json\/wp\/v2\/types\/post"}],"author":[{"embeddable":true,"href":"https:\/\/lavoiedessansvoix.fr\/lavoie\/wp-json\/wp\/v2\/users\/1"}],"replies":[{"embeddable":true,"href":"https:\/\/lavoiedessansvoix.fr\/lavoie\/wp-json\/wp\/v2\/comments?post=964"}],"version-history":[{"count":1,"href":"https:\/\/lavoiedessansvoix.fr\/lavoie\/wp-json\/wp\/v2\/posts\/964\/revisions"}],"predecessor-version":[{"id":4550,"href":"https:\/\/lavoiedessansvoix.fr\/lavoie\/wp-json\/wp\/v2\/posts\/964\/revisions\/4550"}],"wp:featuredmedia":[{"embeddable":true,"href":"https:\/\/lavoiedessansvoix.fr\/lavoie\/wp-json\/wp\/v2\/media\/4549"}],"wp:attachment":[{"href":"https:\/\/lavoiedessansvoix.fr\/lavoie\/wp-json\/wp\/v2\/media?parent=964"}],"wp:term":[{"taxonomy":"category","embeddable":true,"href":"https:\/\/lavoiedessansvoix.fr\/lavoie\/wp-json\/wp\/v2\/categories?post=964"},{"taxonomy":"post_tag","embeddable":true,"href":"https:\/\/lavoiedessansvoix.fr\/lavoie\/wp-json\/wp\/v2\/tags?post=964"}],"curies":[{"name":"wp","href":"https:\/\/api.w.org\/{rel}","templated":true}]}}