{"id":961,"date":"2016-05-22T17:39:00","date_gmt":"2016-05-22T15:39:00","guid":{"rendered":"https:\/\/lavoiedessansvoix.fr\/lavoie\/2016\/05\/22\/archive-la-dictature-devoilee\/"},"modified":"2026-04-26T21:51:46","modified_gmt":"2026-04-26T19:51:46","slug":"archive-la-dictature-devoilee","status":"publish","type":"post","link":"https:\/\/lavoiedessansvoix.fr\/lavoie\/2016\/05\/22\/archive-la-dictature-devoilee\/","title":{"rendered":"LA DICTATURE D\u00c9VOIL\u00c9E"},"content":{"rendered":"<p>LA DICTATURE D\u00c9VOIL\u00c9E  Elle est malade la R\u00e9publique \u00bb avons-nous titr\u00e9 il y a quelques jours. Elle est malade en effet. Le parlement vient de proroger l\u2019\u00e9tat d\u2019urgence pour la troisi\u00e8me fois. On s\u2019installe dans la logique s\u00e9curitaire de la dictature.    \u00ab On s\u2019installe dans la logique s\u00e9curitaire de la dictature \u00bb Qu\u2019est-ce \u00e0 dire ? Non pas bien s\u00fbr que l\u2019on s\u2019installe dans la dictature politique. Il y a fort longtemps que notre pr\u00e9tendue R\u00e9publique 5\u00e8me du nom, fille du vrai faux coup d\u2019Etat (Putsch d\u2019Alger) du 13 mai 1958, n\u2019est qu\u2019une dictature dissimul\u00e9e sous un tchador d\u00e9mocratique. Mais elle faisait oublier sa r\u00e9alit\u00e9 en donnant le change, sur le plan des libert\u00e9s individuelles. La loi sur \u00ab le mariage pour tous \u00bb avait cette fonction d\u2019inscrire le quinquennat de Fran\u00e7ois Hollande sous le signe \u00ab des libert\u00e9s \u00bb. \u00ab Chez nous disais-t-on fr\u00e9quemment devant le zinc du bistro, rendez-vous des philosophes de comptoir, \u00ab on est libre de dire ce que l\u2019on veut, de critiquer le gouvernement autant qu\u2019on le souhaite. \u00bb Ce qui n\u2019emp\u00eachait nullement d\u2019ailleurs, le gouvernement de s\u2019en \u00ab fiche \u00bb \u00e9perdument et de n\u2019en faire qu\u2019\u00e0 sa t\u00eate, c\u2019est-\u00e0-dire selon la \u00ab feuille de route \u00bb du grand patronat et de la haute finance. Or, vous vous \u00eates rendus compte que cela n\u2019est plus exact, ne rel\u00e8ve m\u00eame plus d\u2019aucune r\u00e9alit\u00e9. Les attaques contre les libert\u00e9s individuelles se multiplient, tous azimuts (interdiction de fumer dans SA voiture, interdiction de la fess\u00e9e, installation de compteurs \u00e9lectriques espions qui vont \u00e0 vos lieux et places, moduler votre consommation, \u00e9teindre la lampe o\u00f9 vous \u00e9tiez en train de lire.). Nous ferons, un de ces jours,  un bilan hallucinant de cette d\u00e9rive autoritaire et dirigiste, qui s\u2019immisce au plus intime de nos vies priv\u00e9es.   L\u2019Etat d\u2019urgence ? Les plus \u00e9clair\u00e9s n\u2019\u00e9taient pas dupes, il s\u2019agissait en v\u00e9rit\u00e9, plus que d\u2019un authentique moyen de lutte contre \u00ab le terrorisme \u00bb d\u2019un outil d\u2019encadrement des libert\u00e9s individuelles. Le gouvernement, en effet, conscient de sa f\u00e9lonie \u00e0 l\u2019endroit des travailleurs et salari\u00e9s, redoute depuis longtemps une radicalisation politique et sociale, et entendait se munir ainsi de l\u2019arsenal l\u00e9gislatif n\u00e9cessaire \u00e0 la contenir ou la r\u00e9primer. La v\u00e9ritable \u00ab radicalisation \u00bb qui les inqui\u00e8tes est bien celle-l\u00e0 et non la radicalisation islamiste, qu\u2019ils ont instrumentalis\u00e9 de diverses mani\u00e8res. Les attentats du 13 novembre 2015 \u00e0 Paris n\u2019ont \u00e9t\u00e9 qu\u2019un pr\u00e9texte \u00e0 la mise en \u0153uvre de cet arsenal non n\u00e9cessaire pour lutter contre le terrorisme, mais qui pourrait s\u2019av\u00e9rer tellement utile pour juguler un temps, l\u2019explosion sociale qui couve. L\u2019interdiction de manifester signifi\u00e9e, en vertu des dispositions de l\u2019\u00e9tat d\u2019urgence, \u00e0 plusieurs citoyens, a lev\u00e9 le voile sur la r\u00e9alit\u00e9. Rien \u00e0 voir avec les buts affirm\u00e9s de \u00ab l\u2019\u00e9tat d\u2019urgence \u00bb de lutte contre le terrorisme. Quant aux motifs invoqu\u00e9s pour \u00ab justifier \u00bb ces interdictions ils sont \u00ab foireux \u00bb. Si les personnes vis\u00e9es se sont r\u00e9ellement rendues coupables de violences et de d\u00e9gradations des biens, l\u2019Etat poss\u00e8de un arsenal juridique suffisant pour les sanctionner s\u00e9v\u00e8rement. Alors pourquoi vouloir imposer des interdictions de manifester anticonstitutionnelles ?  Interdiction de manifester faite \u00e0 des personnes qui se sont, nous dit-on, rendus coupables de violences \u2026\u2026 Et demain interdiction de manifester \u00e0 toute personne susceptible par son profil ou ses id\u00e9es politiques de se rendre coupables de violence. On n\u2019en attendait pas moins de lui, Nicolas Sarkozy, \u00ab de la graine de dictateur \u00bb lui aussi, invit\u00e9 ce soir du journal de 20 heures de \u00ab France-2 \u00bb faisait une proposition en ce sens, et de la surench\u00e8re aussi, sugg\u00e9rant de rendre civilement responsables les organisateurs des manifestations des d\u00e9g\u00e2ts qui se produiraient dans leurs sillages. Et plus fort encore, interdiction pourquoi pas, de toute manifestation risquant de provoquer un trouble \u00e0 l\u2019ordre Public. J\u2019extrapole ? Je suis hors sujet ? Le croyez-vous vraiment ? Que nenni ! \u00c7a a m\u00eame d\u00e9j\u00e0 \u00e9t\u00e9 essay\u00e9. \u00ab Remember you \u00bb, il n\u2019y a pas si longtemps, c\u2019est sur de tels \u00ab attendus \u00bb que le Conseil d\u2019Etat et plusieurs pr\u00e9fets justifi\u00e8rent  l\u2019interdiction des spectacles de Dieudonn\u00e9.   On voit o\u00f9 conduit un tel engrenage : \u00e0 l\u2019encadrement juridique du droit de manifester, tel que les seules manifestations possibles resteraient les possessions religieuses et les \u00ab pardons \u00bb bretons, et bien entendu les \u00ab pri\u00e8res publiques \u00bb organis\u00e9es par les \u00ab b\u00e9nits oui-oui \u00bb de la bande \u00e0 Berger qui ne manifestent d\u2019ailleurs jamais vu qu\u2019ils ne contestent rien.  Un parlement croupion qui ne sert \u00e0 rien, auquel on demande son avis quand on est certain qu\u2019il abondera dans le sens du gouvernement, et que l\u2019on annule \u00e0 coup de 49-3 s\u2019il rechigne ou \u00e9met un avis contraire. L&rsquo; \u00e9tat d\u2019urgence \u00bb qui bafoue les libert\u00e9s publiques fondamentales. Le voile d\u00e9mocratique en est lev\u00e9e, notre \u00ab R\u00e9publique \u00bb est une Satrapie.     Patrick Seignon. \u00ab lavoiedessansvoix.fr \u00bb. Dimanche 22 mai 2016<\/p>\n","protected":false},"excerpt":{"rendered":"<p>LA DICTATURE D\u00c9VOIL\u00c9E Elle est malade la R\u00e9publique \u00bb avons-nous titr\u00e9 il y a quelques jours. Elle est malade en [&hellip;]<\/p>\n","protected":false},"author":1,"featured_media":4545,"comment_status":"open","ping_status":"open","sticky":false,"template":"","format":"standard","meta":{"sfsi_plus_gutenberg_text_before_share":"","sfsi_plus_gutenberg_show_text_before_share":"","sfsi_plus_gutenberg_icon_type":"","sfsi_plus_gutenberg_icon_alignemt":"","sfsi_plus_gutenburg_max_per_row":"","site-sidebar-layout":"default","site-content-layout":"","ast-site-content-layout":"default","site-content-style":"default","site-sidebar-style":"default","ast-global-header-display":"","ast-banner-title-visibility":"","ast-main-header-display":"","ast-hfb-above-header-display":"","ast-hfb-below-header-display":"","ast-hfb-mobile-header-display":"","site-post-title":"","ast-breadcrumbs-content":"","ast-featured-img":"","footer-sml-layout":"","ast-disable-related-posts":"","theme-transparent-header-meta":"","adv-header-id-meta":"","stick-header-meta":"","header-above-stick-meta":"","header-main-stick-meta":"","header-below-stick-meta":"","astra-migrate-meta-layouts":"default","ast-page-background-enabled":"default","ast-page-background-meta":{"desktop":{"background-color":"var(--ast-global-color-4)","background-image":"","background-repeat":"repeat","background-position":"center center","background-size":"auto","background-attachment":"scroll","background-type":"","background-media":"","overlay-type":"","overlay-color":"","overlay-opacity":"","overlay-gradient":""},"tablet":{"background-color":"","background-image":"","background-repeat":"repeat","background-position":"center center","background-size":"auto","background-attachment":"scroll","background-type":"","background-media":"","overlay-type":"","overlay-color":"","overlay-opacity":"","overlay-gradient":""},"mobile":{"background-color":"","background-image":"","background-repeat":"repeat","background-position":"center center","background-size":"auto","background-attachment":"scroll","background-type":"","background-media":"","overlay-type":"","overlay-color":"","overlay-opacity":"","overlay-gradient":""}},"ast-content-background-meta":{"desktop":{"background-color":"var(--ast-global-color-5)","background-image":"","background-repeat":"repeat","background-position":"center center","background-size":"auto","background-attachment":"scroll","background-type":"","background-media":"","overlay-type":"","overlay-color":"","overlay-opacity":"","overlay-gradient":""},"tablet":{"background-color":"var(--ast-global-color-5)","background-image":"","background-repeat":"repeat","background-position":"center center","background-size":"auto","background-attachment":"scroll","background-type":"","background-media":"","overlay-type":"","overlay-color":"","overlay-opacity":"","overlay-gradient":""},"mobile":{"background-color":"var(--ast-global-color-5)","background-image":"","background-repeat":"repeat","background-position":"center center","background-size":"auto","background-attachment":"scroll","background-type":"","background-media":"","overlay-type":"","overlay-color":"","overlay-opacity":"","overlay-gradient":""}},"footnotes":""},"categories":[16],"tags":[],"class_list":["post-961","post","type-post","status-publish","format-standard","has-post-thumbnail","hentry","category-archives-cms"],"_links":{"self":[{"href":"https:\/\/lavoiedessansvoix.fr\/lavoie\/wp-json\/wp\/v2\/posts\/961","targetHints":{"allow":["GET"]}}],"collection":[{"href":"https:\/\/lavoiedessansvoix.fr\/lavoie\/wp-json\/wp\/v2\/posts"}],"about":[{"href":"https:\/\/lavoiedessansvoix.fr\/lavoie\/wp-json\/wp\/v2\/types\/post"}],"author":[{"embeddable":true,"href":"https:\/\/lavoiedessansvoix.fr\/lavoie\/wp-json\/wp\/v2\/users\/1"}],"replies":[{"embeddable":true,"href":"https:\/\/lavoiedessansvoix.fr\/lavoie\/wp-json\/wp\/v2\/comments?post=961"}],"version-history":[{"count":1,"href":"https:\/\/lavoiedessansvoix.fr\/lavoie\/wp-json\/wp\/v2\/posts\/961\/revisions"}],"predecessor-version":[{"id":3941,"href":"https:\/\/lavoiedessansvoix.fr\/lavoie\/wp-json\/wp\/v2\/posts\/961\/revisions\/3941"}],"wp:featuredmedia":[{"embeddable":true,"href":"https:\/\/lavoiedessansvoix.fr\/lavoie\/wp-json\/wp\/v2\/media\/4545"}],"wp:attachment":[{"href":"https:\/\/lavoiedessansvoix.fr\/lavoie\/wp-json\/wp\/v2\/media?parent=961"}],"wp:term":[{"taxonomy":"category","embeddable":true,"href":"https:\/\/lavoiedessansvoix.fr\/lavoie\/wp-json\/wp\/v2\/categories?post=961"},{"taxonomy":"post_tag","embeddable":true,"href":"https:\/\/lavoiedessansvoix.fr\/lavoie\/wp-json\/wp\/v2\/tags?post=961"}],"curies":[{"name":"wp","href":"https:\/\/api.w.org\/{rel}","templated":true}]}}