{"id":960,"date":"2016-05-24T03:34:00","date_gmt":"2016-05-24T01:34:00","guid":{"rendered":"https:\/\/lavoiedessansvoix.fr\/lavoie\/2016\/05\/24\/archive-le-gouvernement-veut-rouler-les-routiers\/"},"modified":"2026-04-26T21:51:35","modified_gmt":"2026-04-26T19:51:35","slug":"archive-le-gouvernement-veut-rouler-les-routiers","status":"publish","type":"post","link":"https:\/\/lavoiedessansvoix.fr\/lavoie\/2016\/05\/24\/archive-le-gouvernement-veut-rouler-les-routiers\/","title":{"rendered":"LE GOUVERNEMENT VEUT \u00ab ROULER \u00bb LES ROUTIERS"},"content":{"rendered":"<p>LE GOUVERNEMENT VEUT \u00ab ROULER \u00bb LES ROUTIERS      Arr\u00eat et blocage des raffineries, associ\u00e9 \u00e0 l\u2019action des routiers CGT et FO, la semaine qui s\u2019annonce sera \u00ab chaude et extr\u00eamement tendue sur le plan social. Alors le gouvernement qui n\u2019est pas \u00e0 une trahison pr\u00e8s, joue de finasserie de ruses et de rudoiements (1) pour tenter de disloquer le mouvement de gr\u00e8ve en le divisant et en l\u2019intimidant.   C\u2019est dans ce cadre qu\u2019il convient de d\u2019appr\u00e9cier la man\u0153uvre dilatoire du minist\u00e8re des transports sous la signature de Monsieur Vidalies, secr\u00e9taire d\u2019\u00c9tat. Celui-ci \u00e9crivait la semaine pass\u00e9e aux routiers pour leur promettre que \u00ab le projet de loi Travail ne modifierait pas leur r\u00e9gime \u00ab\u00a0d\u00e9rogatoire\u00a0\u00bb sur les heures suppl\u00e9mentaires, qui ne pourront pas \u00eatre major\u00e9es de moins de 25%, dans un courrier aux syndicats dont l&rsquo;AFP a obtenu copie samedi. \u00bb (Home \u00e9conomie \u2013 Le Figaro)   Ce gouvernement s\u2019obstine depuis des semaines \u00e0 imposer une loi obsc\u00e8ne \u00e0 la majorit\u00e9 \u00e9crasante des salari\u00e9s qui n\u2019en veulent pas, il ne rechigne pas dans ce but \u00e0 avoir recours \u00e0 un dispositif dictatorial, l\u2019alin\u00e9a 3 de l\u2019article 49 de la constitution, il jure malgr\u00e9 la contestation et les gr\u00e8ves \u00ab qu\u2019il ne c\u00e9dera pas \u00bb, or, le voil\u00e0 qui propose en catimini un arrangement \u00ab sous le manteau \u00bb  \u00e0 une profession particuli\u00e8re, avec l\u2019id\u00e9e, derri\u00e8re la t\u00eate, peu \u00e9logieuse de faire un petit dans le dos au mouvement gr\u00e9viste qui s\u2019amplifie et monte en puissance.   Honte \u00e0 vous messieurs-dames du gouvernement ! Honte \u00e0 vous syndicalistes vendus, de la bande \u00e0 Berger, qui osaient donner foi \u00e0 pareille ineptie.   La loi El Khomri est \u00ab UNE LOI G\u00c9N\u00c9RALE \u00bb qui impactera en profondeur \u00ab le code du travail \u00bb. Qui pourrait croire un seul instant que cette loi si elle est adopt\u00e9e, ne s\u2019appliquera pas \u00e0 telle ou telle autre cat\u00e9gorie de salari\u00e9s. Surtout dans les temps o\u00f9 nous vivons o\u00f9 le mot d\u2019ordre est \u00e0 la destruction des acquis professionnels et cat\u00e9goriels et de tous les statuts particuliers, y compris celui de la fonction publique. Qui croira qu\u2019un \u00ab accord de branche \u00bb qui pr\u00e9voirait une d\u00e9rogation pour la r\u00e9mun\u00e9ration des heures suppl\u00e9mentaires des \u00ab routiers \u00bb puisse r\u00e9sister plus de quelques semaines ou mois, quand la loi sera que les accords d\u2019entreprises, obtenus si n\u00e9cessaire contre les syndicats, par r\u00e9f\u00e9rendum, priment sur les accords de branche et peuvent s\u2019en \u00e9manciper ?   La proposition du ministre aux routiers n\u2019est qu\u2019une feinte honteuse, une botte \u00bb \u00ab\u00a0traitreuse\u00a0\u00bb.  Et une fois encore elle d\u00e9montre l\u2019arrogance et le m\u00e9pris avec lequel ce gouvernement \u00e9tiquet\u00e9 \u00ab gauche \u00bb consid\u00e8re les salari\u00e9s. En l\u2019occurrence il prend les \u00ab routiers \u00bb pour des imb\u00e9ciles. Le gouvernement \u00ab des petits malins \u00bb voudrait rouler les routiers. Mais ceux-ci, qui ont \u00e9t\u00e9 insult\u00e9s qu\u2019on ait pu leur faire une proposition aussi ignominieuse, lui ont d\u00e9j\u00e0 fait, semble-t-il, la r\u00e9ponse digne qui convenait en maintenant leur gr\u00e8ves et leurs actions. Gageons m\u00eame que dans les jours \u00e0 venir ils \u00e9tendront et renforcerons leur mouvement et multiplierons les actions dures et \u00ab coups de poings.   Patrick Seignon. \u00ab lavoiedessansvoix.fr. Mardi 24 mai 2016.   1 \u2013 Nous apprenons que les milices du minist\u00e8re de l\u2019int\u00e9rieur charg\u00e9es de l\u2019exercice de la violence d\u2019Etat, (couramment d\u00e9nomm\u00e9es forces de l\u2019ordre par la presse\u2019 \u00e9logieuse) sont intervenues \u00e0 l\u2019aube, pour d\u00e9bloquer les sites p\u00e9troliers de Fos sur Mer. Nous publierons un article sur ce sujet, \u00e0 la mi-journ\u00e9e.<\/p>\n","protected":false},"excerpt":{"rendered":"<p>LE GOUVERNEMENT VEUT \u00ab ROULER \u00bb LES ROUTIERS Arr\u00eat et blocage des raffineries, associ\u00e9 \u00e0 l\u2019action des routiers CGT et [&hellip;]<\/p>\n","protected":false},"author":1,"featured_media":4544,"comment_status":"open","ping_status":"open","sticky":false,"template":"","format":"standard","meta":{"sfsi_plus_gutenberg_text_before_share":"","sfsi_plus_gutenberg_show_text_before_share":"","sfsi_plus_gutenberg_icon_type":"","sfsi_plus_gutenberg_icon_alignemt":"","sfsi_plus_gutenburg_max_per_row":"","site-sidebar-layout":"default","site-content-layout":"","ast-site-content-layout":"default","site-content-style":"default","site-sidebar-style":"default","ast-global-header-display":"","ast-banner-title-visibility":"","ast-main-header-display":"","ast-hfb-above-header-display":"","ast-hfb-below-header-display":"","ast-hfb-mobile-header-display":"","site-post-title":"","ast-breadcrumbs-content":"","ast-featured-img":"","footer-sml-layout":"","ast-disable-related-posts":"","theme-transparent-header-meta":"","adv-header-id-meta":"","stick-header-meta":"","header-above-stick-meta":"","header-main-stick-meta":"","header-below-stick-meta":"","astra-migrate-meta-layouts":"default","ast-page-background-enabled":"default","ast-page-background-meta":{"desktop":{"background-color":"var(--ast-global-color-4)","background-image":"","background-repeat":"repeat","background-position":"center center","background-size":"auto","background-attachment":"scroll","background-type":"","background-media":"","overlay-type":"","overlay-color":"","overlay-opacity":"","overlay-gradient":""},"tablet":{"background-color":"","background-image":"","background-repeat":"repeat","background-position":"center center","background-size":"auto","background-attachment":"scroll","background-type":"","background-media":"","overlay-type":"","overlay-color":"","overlay-opacity":"","overlay-gradient":""},"mobile":{"background-color":"","background-image":"","background-repeat":"repeat","background-position":"center center","background-size":"auto","background-attachment":"scroll","background-type":"","background-media":"","overlay-type":"","overlay-color":"","overlay-opacity":"","overlay-gradient":""}},"ast-content-background-meta":{"desktop":{"background-color":"var(--ast-global-color-5)","background-image":"","background-repeat":"repeat","background-position":"center center","background-size":"auto","background-attachment":"scroll","background-type":"","background-media":"","overlay-type":"","overlay-color":"","overlay-opacity":"","overlay-gradient":""},"tablet":{"background-color":"var(--ast-global-color-5)","background-image":"","background-repeat":"repeat","background-position":"center center","background-size":"auto","background-attachment":"scroll","background-type":"","background-media":"","overlay-type":"","overlay-color":"","overlay-opacity":"","overlay-gradient":""},"mobile":{"background-color":"var(--ast-global-color-5)","background-image":"","background-repeat":"repeat","background-position":"center center","background-size":"auto","background-attachment":"scroll","background-type":"","background-media":"","overlay-type":"","overlay-color":"","overlay-opacity":"","overlay-gradient":""}},"footnotes":""},"categories":[16],"tags":[],"class_list":["post-960","post","type-post","status-publish","format-standard","has-post-thumbnail","hentry","category-archives-cms"],"_links":{"self":[{"href":"https:\/\/lavoiedessansvoix.fr\/lavoie\/wp-json\/wp\/v2\/posts\/960","targetHints":{"allow":["GET"]}}],"collection":[{"href":"https:\/\/lavoiedessansvoix.fr\/lavoie\/wp-json\/wp\/v2\/posts"}],"about":[{"href":"https:\/\/lavoiedessansvoix.fr\/lavoie\/wp-json\/wp\/v2\/types\/post"}],"author":[{"embeddable":true,"href":"https:\/\/lavoiedessansvoix.fr\/lavoie\/wp-json\/wp\/v2\/users\/1"}],"replies":[{"embeddable":true,"href":"https:\/\/lavoiedessansvoix.fr\/lavoie\/wp-json\/wp\/v2\/comments?post=960"}],"version-history":[{"count":1,"href":"https:\/\/lavoiedessansvoix.fr\/lavoie\/wp-json\/wp\/v2\/posts\/960\/revisions"}],"predecessor-version":[{"id":3939,"href":"https:\/\/lavoiedessansvoix.fr\/lavoie\/wp-json\/wp\/v2\/posts\/960\/revisions\/3939"}],"wp:featuredmedia":[{"embeddable":true,"href":"https:\/\/lavoiedessansvoix.fr\/lavoie\/wp-json\/wp\/v2\/media\/4544"}],"wp:attachment":[{"href":"https:\/\/lavoiedessansvoix.fr\/lavoie\/wp-json\/wp\/v2\/media?parent=960"}],"wp:term":[{"taxonomy":"category","embeddable":true,"href":"https:\/\/lavoiedessansvoix.fr\/lavoie\/wp-json\/wp\/v2\/categories?post=960"},{"taxonomy":"post_tag","embeddable":true,"href":"https:\/\/lavoiedessansvoix.fr\/lavoie\/wp-json\/wp\/v2\/tags?post=960"}],"curies":[{"name":"wp","href":"https:\/\/api.w.org\/{rel}","templated":true}]}}