{"id":959,"date":"2016-05-24T16:49:00","date_gmt":"2016-05-24T14:49:00","guid":{"rendered":"https:\/\/lavoiedessansvoix.fr\/lavoie\/2016\/05\/24\/archive-bloquer-c-est-bien-il-ne-faut-pas-debloquer\/"},"modified":"2026-04-26T21:51:25","modified_gmt":"2026-04-26T19:51:25","slug":"archive-bloquer-c-est-bien-il-ne-faut-pas-debloquer","status":"publish","type":"post","link":"https:\/\/lavoiedessansvoix.fr\/lavoie\/2016\/05\/24\/archive-bloquer-c-est-bien-il-ne-faut-pas-debloquer\/","title":{"rendered":"BLOQUER C\u2019EST BIEN ?  IL NE FAUT PAS D\u00c9BLOQUER"},"content":{"rendered":"<p>BLOQUER C\u2019EST BIEN.  IL NE FAUT PAS D\u00c9BLOQUER   Nous avons appris ce matin que les milices du minist\u00e8re de l\u2019int\u00e9rieur charg\u00e9es de l\u2019exercice de la violence d\u2019\u00c9tat, (couramment d\u00e9nomm\u00e9es forces de l\u2019ordre par la presse\u2019 \u00e9logieuse) sont intervenues \u00e0 l\u2019aube, pour d\u00e9bloquer les sites p\u00e9troliers de Fos-sur-Mer  La r\u00e9ponse syndicale ne s\u2019est pas fait attendre. Aujourd\u2019hui la gr\u00e8ve s\u2019\u00e9tendait \u00e0 toutes les raffineries. Les syndicats appelaient les travailleurs de la RATP \u00e0 \u00ab la gr\u00e8ve illimit\u00e9e, les personnels de l\u2019aviation civile entraient \u00ab dans la valse \u00bb et la CGT appelait \u00e0 son tour \u00e0 la gr\u00e8ve reconductible \u00e0 la SNCF.  Tout cela est bien. Il faut en effet \u00e9tendre et g\u00e9n\u00e9raliser les gr\u00e8ves, il faut occuper les lieux de travail et bloquer l\u2019approvisionnement en carburant il faut que croisse la mobilisation et la d\u00e9termination des salari\u00e9s jusqu\u2019\u00e0 ramener le gouvernement \u00e0 la raison sans rechigner \u00e0 le faire tomber si n\u00e9cessaire.  Dans cette strat\u00e9gie de l\u2019action le blocage, des raffineries et des d\u00e9p\u00f4ts p\u00e9troliers, constitue un enjeu fondamental car il est devenu de facto l\u2019\u00e9pine dorsale et le moteur du mouvement. Bloquer c\u2019est bien et nous saluons avec fiert\u00e9 les salari\u00e9s et les syndicalistes, nos fr\u00e8res et camarades du secteur p\u00e9trolier et les assurons de notre soutien actif et ind\u00e9fectible. Mais le d\u00e9fi est de taille et ce gouvernement qui n\u2019est pas \u00e0 une perfidie pr\u00e8s, tentera bient\u00f4t de d\u00e9verrouiller le blocus par la force. Or il faut l\u00e0 aussi le mettre en \u00e9chec. Bloquer c\u2019est bien mais il ne faut pas l\u00e2cher prise, il ne faut pas d\u00e9bloquer. Alors on peut pour se faire jouer au chat et \u00e0 la souris, bloquer ailleurs quand on s\u2019est fait d\u00e9loger d\u2019un lieu. Mais \u00e0 ce jeu on risque de laisser s\u2019\u00e9roder les effectifs et le moral, de se faire \u00ab\u00a0minoriser\u00a0\u00bb et isoler. Tous les lieux n&rsquo;ont pas la m\u00eame valeur symbolique ou ne sont pas suffisamment propices \u00e0 la r\u00e9alisation de blocages de masse. Alors \u00e0 un moment ou l\u2019autre il faudra bien relever le gant, refuser d\u2019\u00eatre d\u00e9loger par la force, faire face \u00e0 la violence d\u2019\u00c9tat.  . La loi El-Khomri est une agression sans pr\u00e9c\u00e9dent contre le monde du travail. . Le recours au 49-3 est une agression contre la d\u00e9mocratie et le \u00ab pacte r\u00e9publicain \u00bb,   . L\u2019intervention des nomm\u00e9es \u00ab forces de l\u2019ordre \u00bb est une agression contre les gr\u00e9vistes et le droit de gr\u00e8ve.   A toutes ces raisons les travailleurs agress\u00e9s sont en droit de r\u00e9pondre  \u00e0 la hauteur qui s\u2019impose. Il faut maintenir les blocages, et si les milices gouvernementales font usage de la force alors les travailleurs seront l\u00e9gitim\u00e9s \u00e0 se mettre en situation de l\u00e9gitime d\u00e9fense.  Qu\u2019ils osent, qu\u2019ils s\u2019avisent donc \u00e0 frapper, blesser, r\u00e9quisitionner ou d\u00e9f\u00e9rer devant les tribunaux, des travailleurs, nos fr\u00e8res et s\u0153urs, nos fils et filles, nos amis et camarades en lutte, je vous l\u2019assure, dans l\u2019instant le pays s\u2019enflammera. C\u2019est par dizaines de milliers que nous accourons \u00e0 votre rescousse pour renforcer les barrages et sonner le tocsin de la gr\u00e8ve g\u00e9n\u00e9rale.  Patrick Seignon. \u00ab lavoiedessansvoix.fr \u00bb. Mardi 24 mai 2016.<\/p>\n","protected":false},"excerpt":{"rendered":"<p>BLOQUER C\u2019EST BIEN. IL NE FAUT PAS D\u00c9BLOQUER Nous avons appris ce matin que les milices du minist\u00e8re de l\u2019int\u00e9rieur [&hellip;]<\/p>\n","protected":false},"author":1,"featured_media":4543,"comment_status":"open","ping_status":"open","sticky":false,"template":"","format":"standard","meta":{"sfsi_plus_gutenberg_text_before_share":"","sfsi_plus_gutenberg_show_text_before_share":"","sfsi_plus_gutenberg_icon_type":"","sfsi_plus_gutenberg_icon_alignemt":"","sfsi_plus_gutenburg_max_per_row":"","site-sidebar-layout":"default","site-content-layout":"","ast-site-content-layout":"default","site-content-style":"default","site-sidebar-style":"default","ast-global-header-display":"","ast-banner-title-visibility":"","ast-main-header-display":"","ast-hfb-above-header-display":"","ast-hfb-below-header-display":"","ast-hfb-mobile-header-display":"","site-post-title":"","ast-breadcrumbs-content":"","ast-featured-img":"","footer-sml-layout":"","ast-disable-related-posts":"","theme-transparent-header-meta":"","adv-header-id-meta":"","stick-header-meta":"","header-above-stick-meta":"","header-main-stick-meta":"","header-below-stick-meta":"","astra-migrate-meta-layouts":"default","ast-page-background-enabled":"default","ast-page-background-meta":{"desktop":{"background-color":"var(--ast-global-color-4)","background-image":"","background-repeat":"repeat","background-position":"center center","background-size":"auto","background-attachment":"scroll","background-type":"","background-media":"","overlay-type":"","overlay-color":"","overlay-opacity":"","overlay-gradient":""},"tablet":{"background-color":"","background-image":"","background-repeat":"repeat","background-position":"center center","background-size":"auto","background-attachment":"scroll","background-type":"","background-media":"","overlay-type":"","overlay-color":"","overlay-opacity":"","overlay-gradient":""},"mobile":{"background-color":"","background-image":"","background-repeat":"repeat","background-position":"center center","background-size":"auto","background-attachment":"scroll","background-type":"","background-media":"","overlay-type":"","overlay-color":"","overlay-opacity":"","overlay-gradient":""}},"ast-content-background-meta":{"desktop":{"background-color":"var(--ast-global-color-5)","background-image":"","background-repeat":"repeat","background-position":"center center","background-size":"auto","background-attachment":"scroll","background-type":"","background-media":"","overlay-type":"","overlay-color":"","overlay-opacity":"","overlay-gradient":""},"tablet":{"background-color":"var(--ast-global-color-5)","background-image":"","background-repeat":"repeat","background-position":"center center","background-size":"auto","background-attachment":"scroll","background-type":"","background-media":"","overlay-type":"","overlay-color":"","overlay-opacity":"","overlay-gradient":""},"mobile":{"background-color":"var(--ast-global-color-5)","background-image":"","background-repeat":"repeat","background-position":"center center","background-size":"auto","background-attachment":"scroll","background-type":"","background-media":"","overlay-type":"","overlay-color":"","overlay-opacity":"","overlay-gradient":""}},"footnotes":""},"categories":[16],"tags":[],"class_list":["post-959","post","type-post","status-publish","format-standard","has-post-thumbnail","hentry","category-archives-cms"],"_links":{"self":[{"href":"https:\/\/lavoiedessansvoix.fr\/lavoie\/wp-json\/wp\/v2\/posts\/959","targetHints":{"allow":["GET"]}}],"collection":[{"href":"https:\/\/lavoiedessansvoix.fr\/lavoie\/wp-json\/wp\/v2\/posts"}],"about":[{"href":"https:\/\/lavoiedessansvoix.fr\/lavoie\/wp-json\/wp\/v2\/types\/post"}],"author":[{"embeddable":true,"href":"https:\/\/lavoiedessansvoix.fr\/lavoie\/wp-json\/wp\/v2\/users\/1"}],"replies":[{"embeddable":true,"href":"https:\/\/lavoiedessansvoix.fr\/lavoie\/wp-json\/wp\/v2\/comments?post=959"}],"version-history":[{"count":1,"href":"https:\/\/lavoiedessansvoix.fr\/lavoie\/wp-json\/wp\/v2\/posts\/959\/revisions"}],"predecessor-version":[{"id":3937,"href":"https:\/\/lavoiedessansvoix.fr\/lavoie\/wp-json\/wp\/v2\/posts\/959\/revisions\/3937"}],"wp:featuredmedia":[{"embeddable":true,"href":"https:\/\/lavoiedessansvoix.fr\/lavoie\/wp-json\/wp\/v2\/media\/4543"}],"wp:attachment":[{"href":"https:\/\/lavoiedessansvoix.fr\/lavoie\/wp-json\/wp\/v2\/media?parent=959"}],"wp:term":[{"taxonomy":"category","embeddable":true,"href":"https:\/\/lavoiedessansvoix.fr\/lavoie\/wp-json\/wp\/v2\/categories?post=959"},{"taxonomy":"post_tag","embeddable":true,"href":"https:\/\/lavoiedessansvoix.fr\/lavoie\/wp-json\/wp\/v2\/tags?post=959"}],"curies":[{"name":"wp","href":"https:\/\/api.w.org\/{rel}","templated":true}]}}