{"id":958,"date":"2016-05-25T09:03:00","date_gmt":"2016-05-25T07:03:00","guid":{"rendered":"https:\/\/lavoiedessansvoix.fr\/lavoie\/2016\/05\/25\/archive-berger-siffle-ses-moutons\/"},"modified":"2026-04-26T21:51:16","modified_gmt":"2026-04-26T19:51:16","slug":"archive-berger-siffle-ses-moutons","status":"publish","type":"post","link":"https:\/\/lavoiedessansvoix.fr\/lavoie\/2016\/05\/25\/archive-berger-siffle-ses-moutons\/","title":{"rendered":"BERGER SIFFLE SES MOUTONS"},"content":{"rendered":"<p>BERGER SIFFLE SES MOUTONS   Chacun l\u2019avait compris depuis longtemps, Laurent Berger (Premier secr\u00e9taire de la CFDT) n\u2019est qu\u2019un valet de pied au service du gouvernement et du patronat. Il n\u2019avait pas dit tout de suite qu\u2019il appuyait la \u00ab loi travail (El-Khomri). Comme il sentait monter la contestation il voulait plus ou moins l\u2019accompagner pour mieux la maitriser et la trahir. Alors il disait qu\u2019il y avait des choses \u00e0 y changer et que lui qui \u00e9tait tellement plus intelligent et \u00e9loquent que quiconque allait convaincre le gouvernement \u00ab de donner du mou \u00bb. Oui, mais les salari\u00e9s fran\u00e7ais ne sont pas tous idiots. Il s\u2019av\u00e9rerait m\u00eame \u00e0 l\u2019\u00e9clairage des \u00e9v\u00e8nements et des sondages, que la grande majorit\u00e9 d\u2019entre nous sommes plut\u00f4t avis\u00e9s et malins, \u00e0 l\u2019exception d\u2019une petite minorit\u00e9 qui serait enr\u00f4l\u00e9 comme \u00ab chiens \u00bb au service de ce gardien de moutons du capital. Alors la contestation, les gr\u00e8ves et les manifestations se sont d\u00e9velopp\u00e9es et amplifi\u00e9s en faisant peu de cas de cette \u00ab organisation syndicale \u00bb et de son chef plus enclins \u00e0 servir les int\u00e9r\u00eats des patrons et des actionnaires que ceux des salari\u00e9s. La contestation a grandi, un v\u00e9ritable bras de fer est engag\u00e9 entre les syndicats qui servent \u00e0 quelque chose (CGT, CGT-FO, SUD, SNES, UNEF, FIDL) et le gouvernement des trois satrapes (Hollande, Valls et Macron). Dans cette affaire Berger ses chiens et les moutons qui lui restent ne servent \u00e0 rien. C\u2019est pourquoi Monsieur Berger a tenu \u00e0 se faire entendre aujourd\u2019hui en esp\u00e9rant revenir dans la partie. Et que fait pour cela Monsieur Berger ? Il faut dire qu\u2019entre le mouvement qui grandit et durcit et le gouvernement qui se crispe, la marge de man\u0153uvre est \u00e0 pr\u00e9sent inexistante. Il n\u2019avait d\u2019autre choix que de choisir clairement son camp. Il l\u2019a fait ? Il a choisi ouvertement de passer avec armes et bagages dans le camp du gouvernement Social-lib\u00e9ral et de ses alli\u00e9s du patronat. Il a dit sans d\u00e9tour que la loi-travail \u00e0 laquelle sont oppos\u00e9s 70 % des fran\u00e7ais \u00e9tait une bonne loi et qu\u2019il fallait la d\u00e9fendre. (*).  Camarades, amis, coll\u00e8gues ou fr\u00e8res de la CFDT, je m\u2019adresse \u00e0 vous. Il y a bien s\u00fbr dans l\u2019appareil syndical CFDT des \u00ab bureaucrates \u00bb plus pr\u00e9occup\u00e9s de leur destin personnel que du destin collectif des salari\u00e9s. Ce sont ceux que je d\u00e9signe du nom de \u00ab chiens de berger. Il y a bien s\u00fbr \u00e0 la base de la CFDT un certain nombre d\u2019adh\u00e9rents suivistes et dociles, plus pr\u00e9occup\u00e9s de l\u2019\u00e9tiquette et du drapeau que des engagements r\u00e9els de leur conf\u00e9d\u00e9ration. Ce sont ceux que je d\u00e9signe du nom de moutons. Mais je suis bien conscient qu\u2019il y a aussi \u00e0 la CFDT des cadres et des adh\u00e9rents sinc\u00e8res, v\u00e9ritablement pr\u00e9occup\u00e9s de la d\u00e9fense des int\u00e9r\u00eats des salari\u00e9s, de leurs v\u00e9ritables int\u00e9r\u00eats de classe. Et je pense m\u00eame sinc\u00e8rement que ceux-l\u00e0 sont la majorit\u00e9 r\u00e9elle des effectifs, qu\u2019ils sont l\u00e0 parce qu\u2019ils ont un jour crois\u00e9 la route d\u2019un vrai militant sinc\u00e8re et engag\u00e9, parce que le contexte syndical et l\u2019histoire des luttes les y ont invit\u00e9s, parce qu\u2019ils ont \u00e9t\u00e9 abus\u00e9s par un discours radical qui ne recouvre pas la r\u00e9alit\u00e9.   Cela c\u2019est d\u00e9j\u00e0 produit \u00e0 plusieurs reprises dans l\u2019histoire syndicale contemporaine de la France. Apr\u00e8s des gr\u00e8ves m\u00e9morables dans les ann\u00e9es 1980, contre la privatisation rampante, la majorit\u00e9 des Postiers CFDT quitta la conf\u00e9d\u00e9ration pour cr\u00e9er \u00ab SUD-PTT \u00bb. En 1995, cons\u00e9quence de la gr\u00e8ve contre le plan Jupp\u00e9, la majorit\u00e9 de la f\u00e9d\u00e9ration des cheminots CFDT fit d\u00e9fection pour cr\u00e9er \u00ab SUD-Rail \u00bb, une autre saign\u00e9e se produisit en 2010, cons\u00e9quence de l\u2019appui de la conf\u00e9d\u00e9ration CFDT \u00e0 la r\u00e9forme des retraites de Sarkozy. La trahison de Laurent Berger est pire encore que celles de Nicole Notat ou Fran\u00e7ois Ch\u00e9r\u00e8que en leurs temps, car elle porte sur les fondements m\u00eame du contrat de travail qui concerne la quasi-totalit\u00e9 des salari\u00e9s. Il lui faut une r\u00e9ponse digne et cinglante de sa base. Refusez d\u2019\u00eatre trait\u00e9s comme des moutons que l\u2019on siffle et que l\u2019on m\u00e8ne au p\u00e2turage ou \u00e0 l\u2019abattoir. Le temps en est venu, mes amis coll\u00e8gues fr\u00e8res ou camarades, sortez en masse de cette maison des traitres, rejoignez le combat de tous les salari\u00e9s qui vous attendent fraternellement.  Patrick Seignon. \u00ab lavoiedessansvoix.fr \u00bb Mercredi 25 mai 2016.<\/p>\n","protected":false},"excerpt":{"rendered":"<p>BERGER SIFFLE SES MOUTONS Chacun l\u2019avait compris depuis longtemps, Laurent Berger (Premier secr\u00e9taire de la CFDT) n\u2019est qu\u2019un valet de [&hellip;]<\/p>\n","protected":false},"author":1,"featured_media":4542,"comment_status":"open","ping_status":"open","sticky":false,"template":"","format":"standard","meta":{"sfsi_plus_gutenberg_text_before_share":"","sfsi_plus_gutenberg_show_text_before_share":"","sfsi_plus_gutenberg_icon_type":"","sfsi_plus_gutenberg_icon_alignemt":"","sfsi_plus_gutenburg_max_per_row":"","site-sidebar-layout":"default","site-content-layout":"","ast-site-content-layout":"default","site-content-style":"default","site-sidebar-style":"default","ast-global-header-display":"","ast-banner-title-visibility":"","ast-main-header-display":"","ast-hfb-above-header-display":"","ast-hfb-below-header-display":"","ast-hfb-mobile-header-display":"","site-post-title":"","ast-breadcrumbs-content":"","ast-featured-img":"","footer-sml-layout":"","ast-disable-related-posts":"","theme-transparent-header-meta":"","adv-header-id-meta":"","stick-header-meta":"","header-above-stick-meta":"","header-main-stick-meta":"","header-below-stick-meta":"","astra-migrate-meta-layouts":"default","ast-page-background-enabled":"default","ast-page-background-meta":{"desktop":{"background-color":"var(--ast-global-color-4)","background-image":"","background-repeat":"repeat","background-position":"center center","background-size":"auto","background-attachment":"scroll","background-type":"","background-media":"","overlay-type":"","overlay-color":"","overlay-opacity":"","overlay-gradient":""},"tablet":{"background-color":"","background-image":"","background-repeat":"repeat","background-position":"center center","background-size":"auto","background-attachment":"scroll","background-type":"","background-media":"","overlay-type":"","overlay-color":"","overlay-opacity":"","overlay-gradient":""},"mobile":{"background-color":"","background-image":"","background-repeat":"repeat","background-position":"center center","background-size":"auto","background-attachment":"scroll","background-type":"","background-media":"","overlay-type":"","overlay-color":"","overlay-opacity":"","overlay-gradient":""}},"ast-content-background-meta":{"desktop":{"background-color":"var(--ast-global-color-5)","background-image":"","background-repeat":"repeat","background-position":"center center","background-size":"auto","background-attachment":"scroll","background-type":"","background-media":"","overlay-type":"","overlay-color":"","overlay-opacity":"","overlay-gradient":""},"tablet":{"background-color":"var(--ast-global-color-5)","background-image":"","background-repeat":"repeat","background-position":"center center","background-size":"auto","background-attachment":"scroll","background-type":"","background-media":"","overlay-type":"","overlay-color":"","overlay-opacity":"","overlay-gradient":""},"mobile":{"background-color":"var(--ast-global-color-5)","background-image":"","background-repeat":"repeat","background-position":"center center","background-size":"auto","background-attachment":"scroll","background-type":"","background-media":"","overlay-type":"","overlay-color":"","overlay-opacity":"","overlay-gradient":""}},"footnotes":""},"categories":[16],"tags":[],"class_list":["post-958","post","type-post","status-publish","format-standard","has-post-thumbnail","hentry","category-archives-cms"],"_links":{"self":[{"href":"https:\/\/lavoiedessansvoix.fr\/lavoie\/wp-json\/wp\/v2\/posts\/958","targetHints":{"allow":["GET"]}}],"collection":[{"href":"https:\/\/lavoiedessansvoix.fr\/lavoie\/wp-json\/wp\/v2\/posts"}],"about":[{"href":"https:\/\/lavoiedessansvoix.fr\/lavoie\/wp-json\/wp\/v2\/types\/post"}],"author":[{"embeddable":true,"href":"https:\/\/lavoiedessansvoix.fr\/lavoie\/wp-json\/wp\/v2\/users\/1"}],"replies":[{"embeddable":true,"href":"https:\/\/lavoiedessansvoix.fr\/lavoie\/wp-json\/wp\/v2\/comments?post=958"}],"version-history":[{"count":1,"href":"https:\/\/lavoiedessansvoix.fr\/lavoie\/wp-json\/wp\/v2\/posts\/958\/revisions"}],"predecessor-version":[{"id":3935,"href":"https:\/\/lavoiedessansvoix.fr\/lavoie\/wp-json\/wp\/v2\/posts\/958\/revisions\/3935"}],"wp:featuredmedia":[{"embeddable":true,"href":"https:\/\/lavoiedessansvoix.fr\/lavoie\/wp-json\/wp\/v2\/media\/4542"}],"wp:attachment":[{"href":"https:\/\/lavoiedessansvoix.fr\/lavoie\/wp-json\/wp\/v2\/media?parent=958"}],"wp:term":[{"taxonomy":"category","embeddable":true,"href":"https:\/\/lavoiedessansvoix.fr\/lavoie\/wp-json\/wp\/v2\/categories?post=958"},{"taxonomy":"post_tag","embeddable":true,"href":"https:\/\/lavoiedessansvoix.fr\/lavoie\/wp-json\/wp\/v2\/tags?post=958"}],"curies":[{"name":"wp","href":"https:\/\/api.w.org\/{rel}","templated":true}]}}