{"id":957,"date":"2016-05-25T17:23:00","date_gmt":"2016-05-25T15:23:00","guid":{"rendered":"https:\/\/lavoiedessansvoix.fr\/lavoie\/2016\/05\/25\/archive-deux-breves-inspirees-de-l-actualite-du-jour-1-sarkozy-ego-a-lui-meme-2-schmoll\/"},"modified":"2026-04-26T21:51:08","modified_gmt":"2026-04-26T19:51:08","slug":"archive-deux-breves-inspirees-de-l-actualite-du-jour-1-sarkozy-ego-a-lui-meme-2-schmoll","status":"publish","type":"post","link":"https:\/\/lavoiedessansvoix.fr\/lavoie\/2016\/05\/25\/archive-deux-breves-inspirees-de-l-actualite-du-jour-1-sarkozy-ego-a-lui-meme-2-schmoll\/","title":{"rendered":"DEUX  BR\u00c8VES INSPIR\u00c9ES DE L\u2019ACTUALIT\u00c9 DU JOUR.1 &#8211; SARKOZY \u00ab EGO \u00bb A LUI M\u00caME 2 &#8211; SCHMOLL \u00ab CONVOQUE \u00bb PAR L\u2019ACTUALITE."},"content":{"rendered":"<p>DEUX BR\u00c8VES INSPIR\u00c9ES DE L\u2019ACTUALIT\u00c9 DU JOUR.   1 &#8211; SARKOZY \u00ab EGO \u00bb A LUI M\u00caME  Sarkozy \u00bb : La loi El-Khomri rien, pour un rien nous avons le 49-3, pour un rien nous avons la contestation dans les rues. Voil\u00e0 la diff\u00e9rence entre un quinquennat et un autre \u00bb. France 2 a rediffus\u00e9e le m\u00eame soir cette phrase de Sarko. Mais elle l\u2019a tronqu\u00e9e de sa chute : \u00ab Voil\u00e0 la&#038; diff\u00e9rence entre un quinquennat et un autre \u00bb. Pourquoi ? Je ne suis pas familier des arcanes des m\u00e9dias sold\u00e9s, mais je subodorerais volontiers que c\u2019est \u00e0 la demande d\u2019une instance dirigeante du parti \u00ab les R\u00e9publicains \u00bb que la coupure a \u00e9t\u00e9 faite. Ce que Sarkozy avait con\u00e7u comme une \u00ab pique \u00bb \u00e0 l\u2019endroit de Fran\u00e7ois hollande, \u00e9tait surtout trop r\u00e9v\u00e9lateur de son vilain \u00e9tat d\u2019esprit \u00ab\u00a0revanchiste\u00a0\u00bb et de l\u2019ego surdimensionn\u00e9 qui perturbe ses capacit\u00e9s cognitives.  N\u2019avait-il pas jur\u00e9 pourtant, revenant \u00e0 la politique, lui qui lui avait fait un adieu d\u00e9finitif en 2007, qu\u2019il avait chang\u00e9, qu\u2019il \u00e9tait un homme neuf.   Eh oui, pauvre de vous monsieur Guaino, il faut encore que vous lui teniez la plume et exigez de lui qu\u2019il se limite lors de ses interventions t\u00e9l\u00e9vis\u00e9es strictement au texte du prompteur. D\u00e8s qu\u2019il tente d\u2019 innover un peu, il d\u00e9rape ou dit une \u00e2nerie.    2 &#8211; SCHMOLL \u00ab CONVOQUE \u00bb PAR L\u2019ACTUALIT\u00c9.  Le Chanteur et acteur Eddy Mitchell qui \u00e9tait invit\u00e9 du journal de la mi-journ\u00e9e de France 2, paraissait pr\u00e9occup\u00e9. L\u2019actualit\u00e9 fran\u00e7aise le perturbait. \u00ab L\u2019actualit\u00e9 nous convoque tous \u00bb a-t-il dit. Et d\u2019ajouter que la situation sociale de la France lui rappelait 68. \u00ab Ce n\u2019est pas 68 mais \u00e7a y ressemble \u00bb. Je vous le dit, il avait l\u2019air pr\u00e9occup\u00e9 notre vieux \u00ab Schmoll \u00bb. Je n\u2019ai pas compris si l\u2019\u00e9vocation de Mai 68 l\u2019inqui\u00e9tait ou le r\u00e9jouissait. Peu importe.  Mais s\u2019il avait raison Eddy Mitchell ? Si le mouvement qui s\u2019est enclench\u00e9 contre la \u00ab loi-travail \u00bb d\u00e9bouchait ENFIN sur ce nouveau mai 68 dont nombre de travailleurs r\u00eavent, esp\u00e8rent, souhaitent, et qu\u2019ils appellent de leurs v\u0153ux depuis tant d\u2019ann\u00e9es ?   Ah Prince, ce que je serais combl\u00e9 moi-m\u00eame, vivre deux \u00ab mai 68 \u00bb dans une seule existence, ce serait un privil\u00e8ge rare dont je ne pourrai jamais assez remercier l\u2019histoire et les peuples qui la font vraiment.   Mais alors tout de m\u00eame un souhait, que cette fois le peuple insurg\u00e9 ne s\u2019arr\u00eate pas \u00e0 mi-chemin, qu\u2019ils pr\u00e9cipite aux poubelles de l\u2019histoire cette vieille dictature d\u00e9guis\u00e9e en \u00ab d\u00e9mocratie \u00bb et tous ces vieux partis politiciens de droites et de gauche qui ne r\u00eavent que de se succ\u00e9der pour assurer la p\u00e9rennit\u00e9 du pouvoir du capital et de la Banque. Et qu\u2019il r\u00e9invente un pouvoir nouveau, celui du peuple laborieux fond\u00e9 sur les valeurs de travail de partage et de solidarit\u00e9.  Patrick Seignon. \u00ab lavoiedessansvoix.fr \u00bb. Mercredi 25 mai 2016.<\/p>\n","protected":false},"excerpt":{"rendered":"<p>DEUX BR\u00c8VES INSPIR\u00c9ES DE L\u2019ACTUALIT\u00c9 DU JOUR. 1 &#8211; SARKOZY \u00ab EGO \u00bb A LUI M\u00caME Sarkozy \u00bb : La [&hellip;]<\/p>\n","protected":false},"author":1,"featured_media":4541,"comment_status":"open","ping_status":"open","sticky":false,"template":"","format":"standard","meta":{"sfsi_plus_gutenberg_text_before_share":"","sfsi_plus_gutenberg_show_text_before_share":"","sfsi_plus_gutenberg_icon_type":"","sfsi_plus_gutenberg_icon_alignemt":"","sfsi_plus_gutenburg_max_per_row":"","site-sidebar-layout":"default","site-content-layout":"","ast-site-content-layout":"default","site-content-style":"default","site-sidebar-style":"default","ast-global-header-display":"","ast-banner-title-visibility":"","ast-main-header-display":"","ast-hfb-above-header-display":"","ast-hfb-below-header-display":"","ast-hfb-mobile-header-display":"","site-post-title":"","ast-breadcrumbs-content":"","ast-featured-img":"","footer-sml-layout":"","ast-disable-related-posts":"","theme-transparent-header-meta":"","adv-header-id-meta":"","stick-header-meta":"","header-above-stick-meta":"","header-main-stick-meta":"","header-below-stick-meta":"","astra-migrate-meta-layouts":"default","ast-page-background-enabled":"default","ast-page-background-meta":{"desktop":{"background-color":"var(--ast-global-color-4)","background-image":"","background-repeat":"repeat","background-position":"center center","background-size":"auto","background-attachment":"scroll","background-type":"","background-media":"","overlay-type":"","overlay-color":"","overlay-opacity":"","overlay-gradient":""},"tablet":{"background-color":"","background-image":"","background-repeat":"repeat","background-position":"center center","background-size":"auto","background-attachment":"scroll","background-type":"","background-media":"","overlay-type":"","overlay-color":"","overlay-opacity":"","overlay-gradient":""},"mobile":{"background-color":"","background-image":"","background-repeat":"repeat","background-position":"center center","background-size":"auto","background-attachment":"scroll","background-type":"","background-media":"","overlay-type":"","overlay-color":"","overlay-opacity":"","overlay-gradient":""}},"ast-content-background-meta":{"desktop":{"background-color":"var(--ast-global-color-5)","background-image":"","background-repeat":"repeat","background-position":"center center","background-size":"auto","background-attachment":"scroll","background-type":"","background-media":"","overlay-type":"","overlay-color":"","overlay-opacity":"","overlay-gradient":""},"tablet":{"background-color":"var(--ast-global-color-5)","background-image":"","background-repeat":"repeat","background-position":"center center","background-size":"auto","background-attachment":"scroll","background-type":"","background-media":"","overlay-type":"","overlay-color":"","overlay-opacity":"","overlay-gradient":""},"mobile":{"background-color":"var(--ast-global-color-5)","background-image":"","background-repeat":"repeat","background-position":"center center","background-size":"auto","background-attachment":"scroll","background-type":"","background-media":"","overlay-type":"","overlay-color":"","overlay-opacity":"","overlay-gradient":""}},"footnotes":""},"categories":[16],"tags":[],"class_list":["post-957","post","type-post","status-publish","format-standard","has-post-thumbnail","hentry","category-archives-cms"],"_links":{"self":[{"href":"https:\/\/lavoiedessansvoix.fr\/lavoie\/wp-json\/wp\/v2\/posts\/957","targetHints":{"allow":["GET"]}}],"collection":[{"href":"https:\/\/lavoiedessansvoix.fr\/lavoie\/wp-json\/wp\/v2\/posts"}],"about":[{"href":"https:\/\/lavoiedessansvoix.fr\/lavoie\/wp-json\/wp\/v2\/types\/post"}],"author":[{"embeddable":true,"href":"https:\/\/lavoiedessansvoix.fr\/lavoie\/wp-json\/wp\/v2\/users\/1"}],"replies":[{"embeddable":true,"href":"https:\/\/lavoiedessansvoix.fr\/lavoie\/wp-json\/wp\/v2\/comments?post=957"}],"version-history":[{"count":1,"href":"https:\/\/lavoiedessansvoix.fr\/lavoie\/wp-json\/wp\/v2\/posts\/957\/revisions"}],"predecessor-version":[{"id":3933,"href":"https:\/\/lavoiedessansvoix.fr\/lavoie\/wp-json\/wp\/v2\/posts\/957\/revisions\/3933"}],"wp:featuredmedia":[{"embeddable":true,"href":"https:\/\/lavoiedessansvoix.fr\/lavoie\/wp-json\/wp\/v2\/media\/4541"}],"wp:attachment":[{"href":"https:\/\/lavoiedessansvoix.fr\/lavoie\/wp-json\/wp\/v2\/media?parent=957"}],"wp:term":[{"taxonomy":"category","embeddable":true,"href":"https:\/\/lavoiedessansvoix.fr\/lavoie\/wp-json\/wp\/v2\/categories?post=957"},{"taxonomy":"post_tag","embeddable":true,"href":"https:\/\/lavoiedessansvoix.fr\/lavoie\/wp-json\/wp\/v2\/tags?post=957"}],"curies":[{"name":"wp","href":"https:\/\/api.w.org\/{rel}","templated":true}]}}