{"id":953,"date":"2016-05-30T07:53:00","date_gmt":"2016-05-30T05:53:00","guid":{"rendered":"https:\/\/lavoiedessansvoix.fr\/lavoie\/2016\/05\/30\/archive-lil-est-fol\/"},"modified":"2026-04-26T21:50:31","modified_gmt":"2026-04-26T19:50:31","slug":"archive-lil-est-fol","status":"publish","type":"post","link":"https:\/\/lavoiedessansvoix.fr\/lavoie\/2016\/05\/30\/archive-lil-est-fol\/","title":{"rendered":"LIL EST FOL"},"content":{"rendered":"<p>IL EST FOL   Une nouvelle semaine s\u2019annonce de gr\u00e8ves, d\u2019actions et de manifestations pour le retrait de la loi EL-Khomri. Vous l\u2019avez peut-\u00eatre entendu comme moi, hier au 20 heures de \u00ab France 2 \u00bb :  \u00ab Il y a des syndicats qui repr\u00e9sentent plus de 50 % des salari\u00e9s, qui sont pour \u00bb  Telle fut l\u2019ignominieuse saillie de Monsieur St\u00e9phan Le Foll, porte-parole du gouvernement.  Ignominieuse, ce n\u2019est pas trop fort, nous allons dire pourquoi.  Parce que c\u2019est un mensonge honteux qu\u2019il fonde sur une r\u00e9alit\u00e9 objective dans l\u2019intention d\u2019abuser son auditoire. La r\u00e9alit\u00e9 objective c\u2019est le fait qu\u2019aux derni\u00e8res \u00e9lections professionnelles le club, des syndicats dit \u00ab r\u00e9formistes \u00bb, \u00e9tait majoritaire. Mais l\u2019horrible mensonge consiste en ceci que, sur la question d\u2019actualit\u00e9 br\u00fblante de \u00ab la loi El-Khomri, 70 % des Fran\u00e7ais y sont oppos\u00e9s.   Des FRAN\u00c7AIS ai-je bien dit. Si on ram\u00e8ne cela \u00e0 la seule population salari\u00e9s, on en d\u00e9duit que plus de 90 % d\u2019entre eux sont contre l\u2019adoption de cette loi.Mais dans ce cas, ou sont donc pass\u00e9 les plus de 50 % d\u2019opinions favorables \u00e0 la loi que la trahison des int\u00e9r\u00eats salari\u00e9s par Monsieur Berger, serait cens\u00e9 repr\u00e9senter ? Du vent, rien que du vent.   Tout comme d\u2019ailleurs la majorit\u00e9 de 51, 64 % qui a \u00e9lu monsieur Hollande en 2012. Car Monsieur Le Foll qui semble vouloir nous dire : \u00ab les syndicats majoritaires aux \u00e9lections professionnelles sont POUR la \u00ab loi-travail \u00bb, vous n\u2019avez qu\u2019\u00e0 vous incliner. \u00bb, pourrait nous dire tout aussi bien : \u00ab la majorit\u00e9 a \u00e9lu Fran\u00e7ois Hollande en 2012, vous n\u2019avez \u00ab qu\u2019\u00e0 la fermer ! \u00bb Jusqu\u2019aux prochaines \u00e9lections pr\u00e9sidentielles de 2017. \u00bbDr\u00f4le de conception de la d\u00e9mocratie et du d\u00e9bat d\u00e9mocratique. Mais comment en arrive-t-on \u00e0 \u00e9noncer de telles \u00e2neries ? Voil\u00e0 le subterfuge :  Ce n\u2019est pas LA majorit\u00e9, c\u2019est UNE majorit\u00e9 conjoncturelle qui a \u00e9lu Fran\u00e7ois Hollande. Celle-ci qui a \u00e9t\u00e9 trahie n\u2019existe plus. Alors certes du point de vue constitutionnel le Pr\u00e9sident de la r\u00e9publique a \u00e9t\u00e9 \u00e9lu pour un mandat de cinq ans, et peut pour se justifier, se r\u00e9clamer de cette l\u00e9gende qu\u2019est la majorit\u00e9 qui l\u2019a \u00e9lu. Ce raisonnement \u00ab de droit \u00bb r\u00e9sulte d\u2019un artifice constitutionnel. Il consiste en une \u00ab convenance \u00bb accept\u00e9e par les divers acteurs du monde politique, mais cela n\u2019est en rien tenu de rendre compte de la r\u00e9alit\u00e9 du moment. Chacun sait m\u00eame que c\u2019est actuellement le contraire qui est vrai, seulement 13 % des fran\u00e7ais approuvent l\u2019action du Pr\u00e9sident de la r\u00e9publique.     Il en va de m\u00eame avec la majorit\u00e9 des syndicats r\u00e9formistes aux \u00e9lections professionnelles. Comment concilier le fait que ceux-ci qui \u00ab sont pour la loi El-Khomri\u00bb repr\u00e9sentaient 50 % des salari\u00e9s aux \u00e9lections professionnelles quand les sondages disent que les fran\u00e7ais sont \u00e0 70 % contre ?    Comme tout scrutin, le r\u00e9sultat des \u00e9lections professionnelles n\u2019est qu\u2019une r\u00e9alit\u00e9 fugace, qui a certes la vertu de permettre l\u2019\u00e9lection des repr\u00e9sentants syndicaux pour la dur\u00e9e d\u2019un mandat, mais \u00e0 laquelle il convient de ne pas attacher d\u2019autre signification. Et surtout pas celle d\u2019une majorit\u00e9 inamovible.      Les salari\u00e9s qui ont alors vot\u00e9 pour les repr\u00e9sentants des syndicats r\u00e9formistes ont fait confiance \u00e0 ceux-l\u00e0 pour d\u00e9fendre leurs int\u00e9r\u00eats dans le cadre de la l\u00e9gislation existante, ils ne leur ont pas donn\u00e9 carte blanche, ni mandat d\u2019approuver le d\u00e9mant\u00e8lement du code du travail ni de modifier les termes essentiel du contrat de travail. Sur ces questions une autre majorit\u00e9 des salari\u00e9s c\u2019est form\u00e9 qui annule la pr\u00e9c\u00e9dente. C\u2019est une r\u00e9alit\u00e9 qu\u2019il faut-\u00eatre bien fol de vouloir nier, comme le fait St\u00e9phan Le Foll dans sa grande extravagance.     Les situations de mobilisation et de lutte rebattent les cartes et modifient la donne, c\u2019est le \u00ab b\u00e9aba \u00bb de toute science politique. Monsieur le fol voudrait, lui, appliquer aux situations nouvelles du pr\u00e9sent le diktat d\u2019une majorit\u00e9 \u00ab\u00a0ante\u00a0\u00bb et inamovible Il voudrait appliquer \u00e0 une situation conflictuelle les crit\u00e8res d\u2019\u00e9valuation des p\u00e9riodes de paix sociales.    Le club des syndicats \u00ab r\u00e9formistes \u00bb b\u00e9n\u00e9ficie d\u2019un avantage de situation aux \u00e9lections professionnelles, qui lui permet d\u2019arriver en t\u00eate alors m\u00eame qu\u2019il n\u2019occupe qu\u2019une place passive dans la vie revendicative des salari\u00e9s.  Cet avantage de situation r\u00e9sulte \u00e0 la fois du vaste d\u00e9sert que constitue en v\u00e9rit\u00e9 le secteur des petites et moyennes entreprises, o\u00f9 n\u2019existe la plupart du temps, ni structures syndicales, ni traditions de lutte, ni consciences syndicale r\u00e9elle,  et du syndrome de \u00ab la majorit\u00e9 silencieuse \u00bb qui le caract\u00e9rise, qui souhaite d\u00e9signer, puisque la loi l\u2019y oblige, des repr\u00e9sentants syndicaux \u00e0 minimas, sans faire de vagues et sans s\u2019attirer l\u2019inimit\u00e9 de leurs employeurs.  C\u2019est dans ce secteur, cons\u00e9quence de l\u2019\u00e9volution des dispositions sur la repr\u00e9sentation des salari\u00e9s, que s\u2019implantent ces syndicats, chez des salari\u00e9s mal avertis.     Ce secteur salari\u00e9 est \u00e0 la traine du secteur salari\u00e9s des grandes entreprises priv\u00e9es ou de la fonction publique. Cette r\u00e9alit\u00e9 qui r\u00e9sulte des conditions structurelles, n\u2019est qu\u2019un fait, non infamant, mais un fait ind\u00e9niable tout de m\u00eame.    En voulant faire taire, comme le voudrait monsieur Le Foll, la contestation \u00e0 la raison que \u00ab les syndicats r\u00e9formistes \u00bb qui ont obtenu la majorit\u00e9 aux \u00e9lections professionnelles sont \u00ab  pour la loi travail \u00bb, c\u2019est vouloir mettre la t\u00eate \u00e0 la place de la queue, la locomotive du mouvement revendicatif \u00e0 la remorque de ses wagons frein\u00e9s.    Et puis, il y a un autre subterfuge dans l\u2019intention de monsieur Le Foll, construite celle-l\u00e0 sur un mensonge par omission. Monsieur St\u00e9phane ne nous dit pas qu\u2019en v\u00e9rit\u00e9, ce n\u2019est qu\u2019une petite \u00e9quipe de dirigeants conf\u00e9d\u00e9raux traitres qui est \u00ab pour la loi El-Khomri \u00bb, en opposition \u00e0 l\u2019avis de nombreuses instances interm\u00e9diaires et d\u2019une large fraction de leur base syndicale, dont la contestation ne manquera pas de se faire entendre bient\u00f4t.. A fortiori, on le devine, contre l\u2019avis de la majorit\u00e9 des votants aux \u00e9lections professionnelles, qui leur avait accord\u00e9 sa confiance mais ne leur a jamais donn\u00e9 un ch\u00e8que en blanc pour approuver la loi El-Khomri. Tout comme les \u00e9lecteurs de Fran\u00e7ois Hollande n\u2019ont jamais vot\u00e9 pour que celui-ci fasse une politique social-lib\u00e9rale au profit des capitalistes et au d\u00e9triment des ouvriers et salari\u00e9s.  Il y a enfin un ultime subterfuge, le troisi\u00e8me, dans le raisonnement malade de monsieur Le Foll. C\u2019est celui qui a trait au statut des minorit\u00e9s en \u00ab d\u00e9mocratie \u00bb. Nous avons vu que la majorit\u00e9 des Fran\u00e7ais \u00e9tait oppos\u00e9e \u00e0 la loi El-Khomri, ce qui en toute \u00ab logique d\u00e9mocratique devrait-\u00eatre suffisant \u00e0 clore le d\u00e9bat.  Nous avons vu que la majorit\u00e9 \u00e9crasante des salari\u00e9s, pour ne pas dire la quasi-unanimit\u00e9, \u00e9tait contre. Or s\u2019agissant du \u00ab contrat de travail \u00bb, les salari\u00e9s qui sont une des parties contractantes devraient avoir le pouvoir d\u2019accepter ou de refuser, de leur propre chef, les termes du contrat qu\u2019on leur propose. L\u2019\u00e9galit\u00e9 des contractants, c\u2019est la base m\u00eame du droit contractuel. Si bien que majorit\u00e9 politique ou pas, les salari\u00e9s ne devraient pas de toute fa\u00e7on avoir \u00e0 se plier \u00e0 celle-ci, l\u2019acceptation ou pas des termes du contrat ne devant appartenir qu\u2019\u00e0 eux-m\u00eames. Or cela va plus loin. M\u00eame civilement ultra minoritaire, aucune cat\u00e9gorie sociale n\u2019est tenu d\u2019accepter les termes d\u2019un contrat qui ne lui convient pas ou des lois qui nient ses droits fondamentaux.   Les esclaves noirs de nos colonies n\u2019\u00e9taient qu\u2019une minorit\u00e9 rapport\u00e9 \u00e0 la population de la R\u00e9publique fran\u00e7aise, pour autant le maintien de leur statut de servitude eu-t-il \u00e9t\u00e9 justifi\u00e9 par le vote d\u2019une majorit\u00e9 ?  Les termes du contrat de travail qui d\u00e9couleraient de l\u2019application de la loi El-khomri sont d\u00e9gradants et destructeurs pour la condition des salari\u00e9s. Ceux-ci seraient-ils seulement une minorit\u00e9 \u00e0 s\u2019y opposer, ils seraient encore tout \u00e0 fait justifi\u00e9s \u00e0 le faire.    Or, ils sont la majorit\u00e9 \u00e9crasante !    Patrick Seignon. \u00ab lavoiedessansvoix.fr \u00bb Lundi 29 mai 2016.<\/p>\n","protected":false},"excerpt":{"rendered":"<p>IL EST FOL Une nouvelle semaine s\u2019annonce de gr\u00e8ves, d\u2019actions et de manifestations pour le retrait de la loi EL-Khomri. [&hellip;]<\/p>\n","protected":false},"author":1,"featured_media":4537,"comment_status":"open","ping_status":"open","sticky":false,"template":"","format":"standard","meta":{"sfsi_plus_gutenberg_text_before_share":"","sfsi_plus_gutenberg_show_text_before_share":"","sfsi_plus_gutenberg_icon_type":"","sfsi_plus_gutenberg_icon_alignemt":"","sfsi_plus_gutenburg_max_per_row":"","site-sidebar-layout":"default","site-content-layout":"","ast-site-content-layout":"default","site-content-style":"default","site-sidebar-style":"default","ast-global-header-display":"","ast-banner-title-visibility":"","ast-main-header-display":"","ast-hfb-above-header-display":"","ast-hfb-below-header-display":"","ast-hfb-mobile-header-display":"","site-post-title":"","ast-breadcrumbs-content":"","ast-featured-img":"","footer-sml-layout":"","ast-disable-related-posts":"","theme-transparent-header-meta":"","adv-header-id-meta":"","stick-header-meta":"","header-above-stick-meta":"","header-main-stick-meta":"","header-below-stick-meta":"","astra-migrate-meta-layouts":"default","ast-page-background-enabled":"default","ast-page-background-meta":{"desktop":{"background-color":"var(--ast-global-color-4)","background-image":"","background-repeat":"repeat","background-position":"center center","background-size":"auto","background-attachment":"scroll","background-type":"","background-media":"","overlay-type":"","overlay-color":"","overlay-opacity":"","overlay-gradient":""},"tablet":{"background-color":"","background-image":"","background-repeat":"repeat","background-position":"center center","background-size":"auto","background-attachment":"scroll","background-type":"","background-media":"","overlay-type":"","overlay-color":"","overlay-opacity":"","overlay-gradient":""},"mobile":{"background-color":"","background-image":"","background-repeat":"repeat","background-position":"center center","background-size":"auto","background-attachment":"scroll","background-type":"","background-media":"","overlay-type":"","overlay-color":"","overlay-opacity":"","overlay-gradient":""}},"ast-content-background-meta":{"desktop":{"background-color":"var(--ast-global-color-5)","background-image":"","background-repeat":"repeat","background-position":"center center","background-size":"auto","background-attachment":"scroll","background-type":"","background-media":"","overlay-type":"","overlay-color":"","overlay-opacity":"","overlay-gradient":""},"tablet":{"background-color":"var(--ast-global-color-5)","background-image":"","background-repeat":"repeat","background-position":"center center","background-size":"auto","background-attachment":"scroll","background-type":"","background-media":"","overlay-type":"","overlay-color":"","overlay-opacity":"","overlay-gradient":""},"mobile":{"background-color":"var(--ast-global-color-5)","background-image":"","background-repeat":"repeat","background-position":"center center","background-size":"auto","background-attachment":"scroll","background-type":"","background-media":"","overlay-type":"","overlay-color":"","overlay-opacity":"","overlay-gradient":""}},"footnotes":""},"categories":[16],"tags":[],"class_list":["post-953","post","type-post","status-publish","format-standard","has-post-thumbnail","hentry","category-archives-cms"],"_links":{"self":[{"href":"https:\/\/lavoiedessansvoix.fr\/lavoie\/wp-json\/wp\/v2\/posts\/953","targetHints":{"allow":["GET"]}}],"collection":[{"href":"https:\/\/lavoiedessansvoix.fr\/lavoie\/wp-json\/wp\/v2\/posts"}],"about":[{"href":"https:\/\/lavoiedessansvoix.fr\/lavoie\/wp-json\/wp\/v2\/types\/post"}],"author":[{"embeddable":true,"href":"https:\/\/lavoiedessansvoix.fr\/lavoie\/wp-json\/wp\/v2\/users\/1"}],"replies":[{"embeddable":true,"href":"https:\/\/lavoiedessansvoix.fr\/lavoie\/wp-json\/wp\/v2\/comments?post=953"}],"version-history":[{"count":1,"href":"https:\/\/lavoiedessansvoix.fr\/lavoie\/wp-json\/wp\/v2\/posts\/953\/revisions"}],"predecessor-version":[{"id":3925,"href":"https:\/\/lavoiedessansvoix.fr\/lavoie\/wp-json\/wp\/v2\/posts\/953\/revisions\/3925"}],"wp:featuredmedia":[{"embeddable":true,"href":"https:\/\/lavoiedessansvoix.fr\/lavoie\/wp-json\/wp\/v2\/media\/4537"}],"wp:attachment":[{"href":"https:\/\/lavoiedessansvoix.fr\/lavoie\/wp-json\/wp\/v2\/media?parent=953"}],"wp:term":[{"taxonomy":"category","embeddable":true,"href":"https:\/\/lavoiedessansvoix.fr\/lavoie\/wp-json\/wp\/v2\/categories?post=953"},{"taxonomy":"post_tag","embeddable":true,"href":"https:\/\/lavoiedessansvoix.fr\/lavoie\/wp-json\/wp\/v2\/tags?post=953"}],"curies":[{"name":"wp","href":"https:\/\/api.w.org\/{rel}","templated":true}]}}