{"id":948,"date":"2016-06-03T08:09:00","date_gmt":"2016-06-03T06:09:00","guid":{"rendered":"https:\/\/lavoiedessansvoix.fr\/lavoie\/2016\/06\/03\/archive-14-juin-manifestation-nationale-a-paris\/"},"modified":"2026-04-26T21:49:48","modified_gmt":"2026-04-26T19:49:48","slug":"archive-14-juin-manifestation-nationale-a-paris","status":"publish","type":"post","link":"https:\/\/lavoiedessansvoix.fr\/lavoie\/2016\/06\/03\/archive-14-juin-manifestation-nationale-a-paris\/","title":{"rendered":"14 juin, manifestation nationale \u00e0 Paris :"},"content":{"rendered":"<p>APPEL A LA MANIFESTATION  NATIONALE DU 14 JUIN A PARIS(La voie des sans voix\u00a0\u00bb reprend ici, afin de contribuer \u00e0 sa diffusion la plus large, le communiqu\u00e9 de Caroline de \u00ab\u00a0loitravailnonmerci). participez, diffusez, co-voiturez ! #LoiTravailNonMerci  file:\/\/\/C:\\Users\\Seignon\\AppData\\Local\\Temp\\msohtmlclip1\\01\\clip_image001.jpg  Caroline DE HAAS  Paris, France  file:\/\/\/C:\\Users\\Seignon\\AppData\\Local\\Temp\\msohtmlclip1\\01\\clip_image002.jpg  3 juin 2016 \u2014 Mardi 14 juin aura lieu \u00e0 Paris une manifestation nationale contre la Loi Travail. Pour venir \u00e0 Paris, choisissez le co-voiturage ! Avec Covoiturage-libre, une association loi 1901, nous vous proposons une plateforme d\u00e9di\u00e9e : http:\/\/covoiturage-libre.fr\/manif_14juin.php.Pour que cette manifestation soit une r\u00e9ussite, faites la conna\u00eetre autour de vous. Rejoignez l&rsquo;\u00e9v\u00e9nement Facebook d\u00e9di\u00e9 \u00e0 la manifestation : http:\/\/bit.ly\/1Y5M3iF.Partagez l&rsquo;\u00e9v\u00e9nement sur Facebook (cliquez ici : http:\/\/bit.ly\/1Y5XBCo) et sur Twitter (cliquez ici : http:\/\/bit.ly\/1Uj9fUQ)Faites conna\u00eetre la plateforme de covoiturage autour de vous :- Partagez sur Twitter : http:\/\/bit.ly\/1XVbDGO- Partagez sur Facebook : http:\/\/bit.ly\/1sRs7UtA bient\u00f4t,Caroline, de \u00ab\u00a0Loi travail, non merci !\u00a0\u00bbLa loi travail est examin\u00e9e (et modifi\u00e9e) en ce moment au S\u00e9nat. Pour en savoir plus sur les modifications apport\u00e9es par les s\u00e9nateurs et s\u00e9natrices (suppression des 35 heures notamment) : http:\/\/bit.ly\/1TSqvWV<\/p>\n","protected":false},"excerpt":{"rendered":"<p>APPEL A LA MANIFESTATION NATIONALE DU 14 JUIN A PARIS(La voie des sans voix\u00a0\u00bb reprend ici, afin de contribuer \u00e0 [&hellip;]<\/p>\n","protected":false},"author":1,"featured_media":4532,"comment_status":"open","ping_status":"open","sticky":false,"template":"","format":"standard","meta":{"sfsi_plus_gutenberg_text_before_share":"","sfsi_plus_gutenberg_show_text_before_share":"","sfsi_plus_gutenberg_icon_type":"","sfsi_plus_gutenberg_icon_alignemt":"","sfsi_plus_gutenburg_max_per_row":"","site-sidebar-layout":"default","site-content-layout":"","ast-site-content-layout":"default","site-content-style":"default","site-sidebar-style":"default","ast-global-header-display":"","ast-banner-title-visibility":"","ast-main-header-display":"","ast-hfb-above-header-display":"","ast-hfb-below-header-display":"","ast-hfb-mobile-header-display":"","site-post-title":"","ast-breadcrumbs-content":"","ast-featured-img":"","footer-sml-layout":"","ast-disable-related-posts":"","theme-transparent-header-meta":"","adv-header-id-meta":"","stick-header-meta":"","header-above-stick-meta":"","header-main-stick-meta":"","header-below-stick-meta":"","astra-migrate-meta-layouts":"default","ast-page-background-enabled":"default","ast-page-background-meta":{"desktop":{"background-color":"var(--ast-global-color-4)","background-image":"","background-repeat":"repeat","background-position":"center center","background-size":"auto","background-attachment":"scroll","background-type":"","background-media":"","overlay-type":"","overlay-color":"","overlay-opacity":"","overlay-gradient":""},"tablet":{"background-color":"","background-image":"","background-repeat":"repeat","background-position":"center center","background-size":"auto","background-attachment":"scroll","background-type":"","background-media":"","overlay-type":"","overlay-color":"","overlay-opacity":"","overlay-gradient":""},"mobile":{"background-color":"","background-image":"","background-repeat":"repeat","background-position":"center center","background-size":"auto","background-attachment":"scroll","background-type":"","background-media":"","overlay-type":"","overlay-color":"","overlay-opacity":"","overlay-gradient":""}},"ast-content-background-meta":{"desktop":{"background-color":"var(--ast-global-color-5)","background-image":"","background-repeat":"repeat","background-position":"center center","background-size":"auto","background-attachment":"scroll","background-type":"","background-media":"","overlay-type":"","overlay-color":"","overlay-opacity":"","overlay-gradient":""},"tablet":{"background-color":"var(--ast-global-color-5)","background-image":"","background-repeat":"repeat","background-position":"center center","background-size":"auto","background-attachment":"scroll","background-type":"","background-media":"","overlay-type":"","overlay-color":"","overlay-opacity":"","overlay-gradient":""},"mobile":{"background-color":"var(--ast-global-color-5)","background-image":"","background-repeat":"repeat","background-position":"center center","background-size":"auto","background-attachment":"scroll","background-type":"","background-media":"","overlay-type":"","overlay-color":"","overlay-opacity":"","overlay-gradient":""}},"footnotes":""},"categories":[16],"tags":[],"class_list":["post-948","post","type-post","status-publish","format-standard","has-post-thumbnail","hentry","category-archives-cms"],"_links":{"self":[{"href":"https:\/\/lavoiedessansvoix.fr\/lavoie\/wp-json\/wp\/v2\/posts\/948","targetHints":{"allow":["GET"]}}],"collection":[{"href":"https:\/\/lavoiedessansvoix.fr\/lavoie\/wp-json\/wp\/v2\/posts"}],"about":[{"href":"https:\/\/lavoiedessansvoix.fr\/lavoie\/wp-json\/wp\/v2\/types\/post"}],"author":[{"embeddable":true,"href":"https:\/\/lavoiedessansvoix.fr\/lavoie\/wp-json\/wp\/v2\/users\/1"}],"replies":[{"embeddable":true,"href":"https:\/\/lavoiedessansvoix.fr\/lavoie\/wp-json\/wp\/v2\/comments?post=948"}],"version-history":[{"count":1,"href":"https:\/\/lavoiedessansvoix.fr\/lavoie\/wp-json\/wp\/v2\/posts\/948\/revisions"}],"predecessor-version":[{"id":3915,"href":"https:\/\/lavoiedessansvoix.fr\/lavoie\/wp-json\/wp\/v2\/posts\/948\/revisions\/3915"}],"wp:featuredmedia":[{"embeddable":true,"href":"https:\/\/lavoiedessansvoix.fr\/lavoie\/wp-json\/wp\/v2\/media\/4532"}],"wp:attachment":[{"href":"https:\/\/lavoiedessansvoix.fr\/lavoie\/wp-json\/wp\/v2\/media?parent=948"}],"wp:term":[{"taxonomy":"category","embeddable":true,"href":"https:\/\/lavoiedessansvoix.fr\/lavoie\/wp-json\/wp\/v2\/categories?post=948"},{"taxonomy":"post_tag","embeddable":true,"href":"https:\/\/lavoiedessansvoix.fr\/lavoie\/wp-json\/wp\/v2\/tags?post=948"}],"curies":[{"name":"wp","href":"https:\/\/api.w.org\/{rel}","templated":true}]}}