{"id":945,"date":"2016-06-07T08:15:00","date_gmt":"2016-06-07T06:15:00","guid":{"rendered":"https:\/\/lavoiedessansvoix.fr\/lavoie\/2016\/06\/07\/archive-non-je-ne-soutiens-pas-les-bleus\/"},"modified":"2026-04-26T19:59:02","modified_gmt":"2026-04-26T17:59:02","slug":"archive-non-je-ne-soutiens-pas-les-bleus","status":"publish","type":"post","link":"https:\/\/lavoiedessansvoix.fr\/lavoie\/2016\/06\/07\/archive-non-je-ne-soutiens-pas-les-bleus\/","title":{"rendered":"NON, JE NE SOUTIENS PAS LES BLEUS !"},"content":{"rendered":"<p>NON, JE NE SOUTIENS PAS LES BLEUS !     Dans 4 jours commencera \u00ab L\u2019Euro de football, et toute la machine m\u00e9diatique va se mettre \u00e0 cr\u00e9piter et \u00e0 d\u00e9biter les reportages, annonces et commentaires, la plupart sans grand int\u00e9r\u00eat, ressass\u00e9s jusqu\u2019au d\u00e9gout. Cette actualit\u00e9 \u00ab sportive \u00bb sera un bon moyen d\u2019occulter, plusieurs semaines durant, l\u2019actualit\u00e9 sociale politique et internationale   Je sais qu\u2019il y a de nombreux fran\u00e7ais comme d\u2019autres partout en Europe et dans le monde, qui aiment le foot. Je les respecte et respecte leur amour du football, sport de masse, et m\u00eame pourquoi pas leur passion du football spectacle.  Mais le football d\u2019aujourd\u2019hui a \u00e9t\u00e9 achet\u00e9 par la finance internationale et quelques milliardaires qui ont transform\u00e9 en pompe \u00e0 fric et en canon \u00e0 \u00ab merde \u00bb, ce qui avait pour vocation d\u2019\u00eatre un sport et une r\u00e9jouissance populaire.  Bon, dirons les initi\u00e9s, ce n\u2019est pas vraiment nouveaux. Karl Marx et Friedrich Engels n\u2019avaient-ils pas d\u00e9j\u00e0 \u00e9crit dans le \u00ab manifeste du parti communiste en 1848 \u00bb : \u00ab La bourgeoisie a d\u00e9pouill\u00e9 de leur aur\u00e9ole toutes les activit\u00e9s qui passaient jusque-l\u00e0 pour v\u00e9n\u00e9rables et qu\u2019on consid\u00e9rait avec un saint respect. Le m\u00e9decin, le juriste, le pr\u00eatre, le po\u00e8te, le savant, elle en a fait des salari\u00e9s \u00e0 gages. \u00bb . Nous pouvons ajouter le journaliste, le footballeur. Le credo Olympique lui-m\u00eame a c\u00e9d\u00e9 aux sir\u00e8nes des corrupteurs.  On s\u2019offusque, sur commande, mais \u00e0 raison tout de m\u00eame, des salaires fastueux que s\u2019arrogent les PDG du CAC 40. Ne faut-il pas \u00eatre outr\u00e9 des salaires \u00e0 plusieurs millions d\u2019euros mensuels distribu\u00e9s aux footballeurs vedettes, aux cadres tripatouilleurs de la Fifa et autres instances ;  des millions qui coulent \u00e0 flots en droits de t\u00e9l\u00e9 etc. Ne faut-il pas \u00eatre indign\u00e9 des clubs rachet\u00e9s par le Qatar, cette cr\u00e9ature Moyen-Orientale diabolique de la finance internationale pourvoyeur des fonds des \u00ab terroristes \u00bb qui ont mis la Syrie \u00e0 feu et \u00e0 sang ?  Les milliardaires manipulateurs qui pilotent la machinerie du football international, utilisent celle-ci comme une drogue, un opium du peuple, un anesth\u00e9siant. Pendant que \u00ab ces imb\u00e9ciles \u00bb, pensent-ils (ce sont eux qui le pensent et non moi, je ne me permettrai pas), s\u2019excitent devant leur poste de t\u00e9l\u00e9, ils oublient la mis\u00e8re et les soucis quotidiens dont ils nous rendraient responsables sans cela.  Alors certes, il est de bon ton, et c\u2019est le chemin de la facilit\u00e9, d\u2019aller dans le sens du vent, de caresser le \u00ab peuple \u00bb dans le sens du poil par crainte de se l\u2019ali\u00e9ner.  Alors Oui plus que jamais je suis en lutte contre la loi \u00ab El-Khomri \u00bb mais non, pour autant je ne soutiens pas les bleus Je ne veux pas apporter la moindre contribution fut-elle infime \u00e0 cette entreprise de mystification et d\u2019aveuglement de masse.  Moi qui connais la chanson : \u00ab C\u2019est la racaille eh bien j\u2019en suis \u00bb, moi qui suis de ce peuple que j\u2019aime tendrement, je ne crains pas de dire la v\u00e9rit\u00e9 toute crue. Et foin de m\u2019attirer l\u2019inimit\u00e9 de mes semblables je suis bien certain qu\u2019ils seront fiers et me remercieront de la franchise de mon propos.  Les gros bataillons de ce peuple, mes s\u0153urs et fr\u00e8res qui seront captiv\u00e9s durant deux semaines par l\u2019euro de football, ne sont-ils pas les m\u00eames pour la plupart qui s\u2019opposent par maints moyens \u00e0 la \u00ab loi travail El-Khomri \u00bb. Les croyez-vous vraiment assez b\u00eates pour ne pas savoir que la d\u00e9fense des droits du travail est bien plus importante qu\u2019une manifestation footballistique ? Et que si la premi\u00e8re doit perturber la deuxi\u00e8me, alors tant-pis ?   Moi qui en suis et qui ne les prends pas pour des imb\u00e9ciles, je n\u2019ai pas le moindre doute l\u00e0-dessus. Et les manipulateurs d\u2019opinions en seront pour leurs frais qui devront se r\u00e9soudre \u00e0 admettre que l\u2019opinion majoritaire reste, malgr\u00e9 les perturbations cr\u00e9es, solidaires des gr\u00e8ves et autres actions.    Patrick Seignon. \u00ab lavoiedessansvoix.fr \u00bb. Mardi 7 mars 2016.<\/p>\n","protected":false},"excerpt":{"rendered":"<p>NON, JE NE SOUTIENS PAS LES BLEUS ! Dans 4 jours commencera \u00ab L\u2019Euro de football, et toute la machine [&hellip;]<\/p>\n","protected":false},"author":1,"featured_media":3908,"comment_status":"open","ping_status":"open","sticky":false,"template":"","format":"standard","meta":{"sfsi_plus_gutenberg_text_before_share":"","sfsi_plus_gutenberg_show_text_before_share":"","sfsi_plus_gutenberg_icon_type":"","sfsi_plus_gutenberg_icon_alignemt":"","sfsi_plus_gutenburg_max_per_row":"","site-sidebar-layout":"default","site-content-layout":"","ast-site-content-layout":"default","site-content-style":"default","site-sidebar-style":"default","ast-global-header-display":"","ast-banner-title-visibility":"","ast-main-header-display":"","ast-hfb-above-header-display":"","ast-hfb-below-header-display":"","ast-hfb-mobile-header-display":"","site-post-title":"","ast-breadcrumbs-content":"","ast-featured-img":"","footer-sml-layout":"","ast-disable-related-posts":"","theme-transparent-header-meta":"","adv-header-id-meta":"","stick-header-meta":"","header-above-stick-meta":"","header-main-stick-meta":"","header-below-stick-meta":"","astra-migrate-meta-layouts":"default","ast-page-background-enabled":"default","ast-page-background-meta":{"desktop":{"background-color":"var(--ast-global-color-4)","background-image":"","background-repeat":"repeat","background-position":"center center","background-size":"auto","background-attachment":"scroll","background-type":"","background-media":"","overlay-type":"","overlay-color":"","overlay-opacity":"","overlay-gradient":""},"tablet":{"background-color":"","background-image":"","background-repeat":"repeat","background-position":"center center","background-size":"auto","background-attachment":"scroll","background-type":"","background-media":"","overlay-type":"","overlay-color":"","overlay-opacity":"","overlay-gradient":""},"mobile":{"background-color":"","background-image":"","background-repeat":"repeat","background-position":"center center","background-size":"auto","background-attachment":"scroll","background-type":"","background-media":"","overlay-type":"","overlay-color":"","overlay-opacity":"","overlay-gradient":""}},"ast-content-background-meta":{"desktop":{"background-color":"var(--ast-global-color-5)","background-image":"","background-repeat":"repeat","background-position":"center center","background-size":"auto","background-attachment":"scroll","background-type":"","background-media":"","overlay-type":"","overlay-color":"","overlay-opacity":"","overlay-gradient":""},"tablet":{"background-color":"var(--ast-global-color-5)","background-image":"","background-repeat":"repeat","background-position":"center center","background-size":"auto","background-attachment":"scroll","background-type":"","background-media":"","overlay-type":"","overlay-color":"","overlay-opacity":"","overlay-gradient":""},"mobile":{"background-color":"var(--ast-global-color-5)","background-image":"","background-repeat":"repeat","background-position":"center center","background-size":"auto","background-attachment":"scroll","background-type":"","background-media":"","overlay-type":"","overlay-color":"","overlay-opacity":"","overlay-gradient":""}},"footnotes":""},"categories":[16],"tags":[],"class_list":["post-945","post","type-post","status-publish","format-standard","has-post-thumbnail","hentry","category-archives-cms"],"_links":{"self":[{"href":"https:\/\/lavoiedessansvoix.fr\/lavoie\/wp-json\/wp\/v2\/posts\/945","targetHints":{"allow":["GET"]}}],"collection":[{"href":"https:\/\/lavoiedessansvoix.fr\/lavoie\/wp-json\/wp\/v2\/posts"}],"about":[{"href":"https:\/\/lavoiedessansvoix.fr\/lavoie\/wp-json\/wp\/v2\/types\/post"}],"author":[{"embeddable":true,"href":"https:\/\/lavoiedessansvoix.fr\/lavoie\/wp-json\/wp\/v2\/users\/1"}],"replies":[{"embeddable":true,"href":"https:\/\/lavoiedessansvoix.fr\/lavoie\/wp-json\/wp\/v2\/comments?post=945"}],"version-history":[{"count":1,"href":"https:\/\/lavoiedessansvoix.fr\/lavoie\/wp-json\/wp\/v2\/posts\/945\/revisions"}],"predecessor-version":[{"id":3909,"href":"https:\/\/lavoiedessansvoix.fr\/lavoie\/wp-json\/wp\/v2\/posts\/945\/revisions\/3909"}],"wp:featuredmedia":[{"embeddable":true,"href":"https:\/\/lavoiedessansvoix.fr\/lavoie\/wp-json\/wp\/v2\/media\/3908"}],"wp:attachment":[{"href":"https:\/\/lavoiedessansvoix.fr\/lavoie\/wp-json\/wp\/v2\/media?parent=945"}],"wp:term":[{"taxonomy":"category","embeddable":true,"href":"https:\/\/lavoiedessansvoix.fr\/lavoie\/wp-json\/wp\/v2\/categories?post=945"},{"taxonomy":"post_tag","embeddable":true,"href":"https:\/\/lavoiedessansvoix.fr\/lavoie\/wp-json\/wp\/v2\/tags?post=945"}],"curies":[{"name":"wp","href":"https:\/\/api.w.org\/{rel}","templated":true}]}}