{"id":944,"date":"2016-06-08T17:13:00","date_gmt":"2016-06-08T15:13:00","guid":{"rendered":"https:\/\/lavoiedessansvoix.fr\/lavoie\/2016\/06\/08\/archive-le-chemin-de-raqqa\/"},"modified":"2026-04-26T21:49:13","modified_gmt":"2026-04-26T19:49:13","slug":"archive-le-chemin-de-raqqa","status":"publish","type":"post","link":"https:\/\/lavoiedessansvoix.fr\/lavoie\/2016\/06\/08\/archive-le-chemin-de-raqqa\/","title":{"rendered":"LE CHEMIN DE RAQQA"},"content":{"rendered":"<p>LE CHEMIN DE RAQQA   J\u2019avais titr\u00e9 l\u2019article ci-dessous : SYRIE : LA PARTITION EN MARCHE. J\u2019ai appris hier soir le d\u00e9clenchement d\u2019une offensive de l\u2019arm\u00e9e syrienne, soutenue par l\u2019aviation russe, par le sud de la province de Raqqa. Voil\u00e0 pourquoi j\u2019ai chang\u00e9 le titre initial de \u00bb cet article.    SYRIE : LE DANGER DE LA PARTITION  Nous avons expliqu\u00e9 en son temps les d\u00e9cisions des USA et de la France, de Frapper Daesh en Syrie, par la volont\u00e9 occidentale de ne pas laisser le champ libre \u00e0 la reconqu\u00eate de son territoire par le r\u00e9gime l\u00e9gal Syrien et ses alli\u00e9s russes. La probl\u00e9matique des occidentaux disions-nous \u00e9tait : comment d\u00e9loger Daesh des territoires syriens sous son contr\u00f4le sans que ceux-ci retombent dans l\u2019escarcelle de \u00ab Bachar Al Assad \u00bb. Et nous ajoutions que cette probl\u00e9matique conduisait n\u00e9cessairement \u00e0 l\u2019implication directe des occidentaux et une logique \u00ab partitionniste \u00bb.   Cette arri\u00e8re-pens\u00e9e de la diplomatie US nous l\u2019avons d\u00e9cel\u00e9 il y a plusieurs mois d\u00e9j\u00e0 et en avons fait \u00e9tat dans nos articles successifs : \u00ab Non, la politique syrienne de la France n\u2019a pas chang\u00e9 \u00bb(20 novembre 2015),\u00ab La r\u00e9ponse occidentale du berger \u00e0 la berg\u00e8re \u00bb (12 f\u00e9vrier 2016) \u00ab Kerry jette le masque \u00bb (20 f\u00e9vrier 2016) \u00ab John Kerry ou la mauvaise foi criminelle \u00bb (21 f\u00e9vrier 2016), \u00ab Tr\u00eave en Syrie. Les intentions cach\u00e9es de la diplomatie US \u00bb (27 f\u00e9vrier 2016) \u00ab Le joker Kurde d\u2019Obama \u00bb (23 mars 2016)    Or, ce que l\u2019on avait pu jusque-l\u00e0 d\u00e9finir comme \u00ab une arri\u00e8re-pens\u00e9e \u00bb est clairement apparue sous la forme d\u2019une quasi-revendication lorsque John Kerry a propos\u00e9 d\u2019\u00e9tablir une \u00ab ligne de d\u00e9marcation entre des zones russes et am\u00e9ricaines \u00bb, dont nous rend\u00eemes compte \u00e9galement dans notre article du 23 avril \u00ab le jugement de Salomon \u00bb. \u00ab Nous avons propos\u00e9, (disait John Kerry au NewYork times) de tracer une ligne, une ligne absolue, et de dire: vous ne la franchissez pas et nous non plus \u00bb, \u00ab Selon lui, les autorit\u00e9s russes sont en train d\u2019\u00e9tudier cette proposition. \u00bb (\u00ab infosmaintenant \u2013 Site de r\u00e9information).  Nous nous \u00e9tions gard\u00e9s alors, pour rendre compte dans le m\u00eame article de ce que pourrait-\u00eatre vraiment la r\u00e9ponse de la Russie, de paraitre trop affirmatif et avions opt\u00e9 pour une forme interrogative empreinte d\u2019inqui\u00e9tude.  \u00ab La Russie s\u2019est honor\u00e9e jusqu\u2019ici en s\u2019en tenant \u00e0 une ligne de conduite, celle du respect des fronti\u00e8res et de la souverainet\u00e9 des \u00c9tats, qui a contribu\u00e9 \u00e0 accroitre son \u00ab aura \u00bb internationale, Nous ne pouvons croire qu\u2019elle accepterait tout \u00e0 coup de se d\u00e9partir de cette conduite pour se livrer \u00e0 des tripatouillages dignes des pires heures de l\u2019Histoire coloniale. Il nous parait exclue que la Russie puisse accepter de discuter dans le dos des \u00c9tats existants et de leurs gouvernements l\u00e9gaux d\u2019un partage de Brigands digne des accords secrets Sykes-Picot que la toute jeune r\u00e9volution russe s\u2019\u00e9tait fait un honneur de r\u00e9v\u00e9ler au monde ? \u00bb  Notre inqui\u00e9tude n\u2019avait cess\u00e9 de croitre depuis car les nouvelles se succ\u00e9daient qui semblaient indiquer qu\u2019\u00e0 d\u00e9faut \u00ab d\u2019un deal \u00bb avec les USA, la diplomatie Russe laissait se d\u00e9velopper, et m\u00eame parfois a-t-elle d\u2019une certaine mani\u00e8re encourag\u00e9, le d\u00e9veloppement d\u2019une situation du fait accompli dont les cons\u00e9quences pr\u00e9visibles sont de la m\u00eame nature.   On se souvient qu\u2019il y a 2 mois, ayant repris Palmyre avec l\u2019appui de l\u2019aviation russe, le gouvernement et l\u2019arm\u00e9e syrienne manifestaient ouvertement leur volont\u00e9 de d\u00e9faire l\u2019EI en Syrie. \u00ab Victoire \u00e0 Palmyre : vers un d\u00e9mant\u00e8lement total de Daesh \u00bb titrait le Site \u00ab Sputniknews.com \u00bb le 27 avril. Et le m\u00eame relatait le 29 avril : \u00a0\u00bb Les forces syriennes soutenues par l&rsquo;aviation russe pr\u00e9parent une offensive en direction de Deir ez-Zor et de Raqqa, a annonc\u00e9 aux journalistes l&rsquo;ambassadeur de Russie aupr\u00e8s de l&rsquo;Onu \u00e0 Gen\u00e8ve Alexe\u00ef Borodavkine.\u00a0\u00bb  Et puis plus rien. Silence sur les ondes.  Par contre, d\u2019autres nouvelles, inqui\u00e9tantes se succ\u00e9daient :  \u00ab\u00a0Moscou hostile \u00e0 tout \u00ab\u00a0plan B\u00a0\u00bb am\u00e9ricain en Syrie\u00a0\u00bb (15 avril) Cela donnait \u00e0 entendre que les USA pr\u00e9parait un sale coup.  \u00ab\u00a0Syrie: les USA s&rsquo;opposent \u00e0 la cr\u00e9ation d&rsquo;une zone d&rsquo;exclusion a\u00e9rienne\u00a0\u00bb (15 avril). Vous souvenez-vous qu\u2019ils militaient pour en imposer une il y a trois ans ? Il s\u2019agissait alors d\u2019interdire \u00e0 l\u2019aviation syrienne les vols dans son propre ciel. Mais trois ans apr\u00e8s il s\u2019agit de toute autre chose, de la reprise de contr\u00f4le de son espace a\u00e9rien par le pouvoir l \u00e9gal syrien. Et l\u00e0 les USA s\u2019y opposent.  Et, afin de bien mettre les points sur les \u00ab i \u00bb, de bien faire connaitre le sens de son refus \u00ab La coalition dirig\u00e9e par les USA frappe Daech pr\u00e8s de Palmyre \u00bb (26 mai 2016), sans demander bien s\u00fbr l\u2019aval des autorit\u00e9s l\u00e9gales du pays : signification : \u00ab on fait ce que l\u2019on veut dans le ciel syrien \u00bb.  \u00ab\u00a0L&rsquo;Arm\u00e9e syrienne libre se d\u00e9clare bloc militaire unifi\u00e9\u00a0\u00bb (1 mai 2016). Signe que les forces hostiles \u00e0 la Syrie La\u00efque, Baasiste, se r\u00e9organisent  Et puis enfin cette nouvelle surprenante dans la forme : \u00ab Les Forces d\u00e9mocratiques syriennes se pr\u00e9parent \u00e0 lib\u00e9rer Raqqa \u00bb. Les forces d\u2019opposition seules avec l\u2019appui a\u00e9rien de la coalition am\u00e9ricaine. C\u2019est d\u00e9j\u00e0 vouloir installer une autre l\u00e9gitimit\u00e9 sur une portion de territoire. C\u2019est la partition en pointill\u00e9. D\u2019ailleurs cette interpr\u00e9tation ne tarde pas \u00ab d\u2019\u00eatre confirm\u00e9.   \u00ab\u00a0Syrie: Washington oppos\u00e9 \u00e0 une op\u00e9ration anti-Daech conjointe avec la Russie.\u00a0\u00bb (25 mai 2016) Comme de bien entendu. Washington dit \u00e0 Moscou \u00ab Vous avez lib\u00e9r\u00e9 Palmyre \u00bb, Raqqa c\u2019est nous ! \u00bb  \u00ab Kurdes: Raqqa lib\u00e9r\u00e9e fera partie du syst\u00e8me f\u00e9d\u00e9ral de la Syrie du Nord \u00bb (26 mai 2016). \u00ab\u00a0Comme l&rsquo;assaut de Raqqa est men\u00e9 par les Forces d\u00e9mocratiques de Syrie, il est logique qu&rsquo;apr\u00e8s sa prise elle fasse automatiquement partie du syst\u00e8me f\u00e9d\u00e9ral d\u00e9mocratique que nous cr\u00e9ons dans le nord du pays, selon un responsable kurde.\u00a0\u00bb La partition serait-elle d\u00e9j\u00e0 en marche ? C\u2019est ce que nous avons craint alors.  L\u2019offensive a d\u00e9j\u00e0 commenc\u00e9. \u00ab Daech bat en retraite sous les coups des milices kurdes \u00e0 Raqqa \u00bb (24 mai 2016). Et comme il est \u00e9crit pr\u00e9c\u00e9demment \u00ab cet assaut de Raqqa est men\u00e9 par les forces d\u00e9mocratiques \u00bb\u2026..  Or, pour sa part, dans le m\u00eame temps \u00ab L&rsquo;aviation russe reporte ses frappes en Syrie \u00bb (25 mai 2016). \u00ab\u00a0Les chefs de plusieurs groupes arm\u00e9s de l&rsquo;opposition syrienne ont demand\u00e9 au Centre russe pour la r\u00e9conciliation des parties en conflit en Syrie de ne pas proc\u00e9der \u00e0 des frappes a\u00e9riennes tant qu&rsquo;ils ne se s\u00e9pareront pas des terroristes du Front al-Nosra.\u00a0\u00bb  Et enfin ce titre en forme de constat d\u2019\u00e9chec : \u00ab Lib\u00e9ration de Raqqa : la coop\u00e9ration USA-Russie compromise ? \u00bb (25 mai 2016).  Tout donnait \u00e0 croire depuis deux mois que la Russie, peut-\u00eatre par crainte d\u2019un affrontement direct avec les USA, laissait faire cette situation du fait accompli qui d\u00e9boucherait n\u00e9cessairement sur la partition de la Syrie et l\u2019\u00e9tablissement d\u2019une ligne de partage telle que la souhaitait John Kerry.  Tout portait \u00e0 croire cela !  Jusqu\u2019\u00e0 Samedi 4 juin o\u00f9 l\u2019on a appris le d\u00e9clenchement, par le sud de la province de Raqqa de l\u2019offensive de l\u2019arm\u00e9e l\u00e9gale syrienne, avec l\u2019appui de l\u2019aviation russe,  dont on entendait plus parler depuis deux mois.  Une fois encore Assad et Poutine abattent leurs cartes et bouleversent les plans pervers des USA. La partition reste un danger, elle le restera aussi longtemps que les USA auront cette id\u00e9e derri\u00e8re la t\u00eate. Mais elle n\u2019est pas en marche et pourrait-\u00eatre m\u00eame mise en \u00e9chec.  Patrick Seignon. \u00ab lavoiedessansvoix.fr \u00bb Mercredi 8 juin 2016.<\/p>\n","protected":false},"excerpt":{"rendered":"<p>LE CHEMIN DE RAQQA J\u2019avais titr\u00e9 l\u2019article ci-dessous : SYRIE : LA PARTITION EN MARCHE. J\u2019ai appris hier soir le [&hellip;]<\/p>\n","protected":false},"author":1,"featured_media":4529,"comment_status":"open","ping_status":"open","sticky":false,"template":"","format":"standard","meta":{"sfsi_plus_gutenberg_text_before_share":"","sfsi_plus_gutenberg_show_text_before_share":"","sfsi_plus_gutenberg_icon_type":"","sfsi_plus_gutenberg_icon_alignemt":"","sfsi_plus_gutenburg_max_per_row":"","site-sidebar-layout":"default","site-content-layout":"","ast-site-content-layout":"default","site-content-style":"default","site-sidebar-style":"default","ast-global-header-display":"","ast-banner-title-visibility":"","ast-main-header-display":"","ast-hfb-above-header-display":"","ast-hfb-below-header-display":"","ast-hfb-mobile-header-display":"","site-post-title":"","ast-breadcrumbs-content":"","ast-featured-img":"","footer-sml-layout":"","ast-disable-related-posts":"","theme-transparent-header-meta":"","adv-header-id-meta":"","stick-header-meta":"","header-above-stick-meta":"","header-main-stick-meta":"","header-below-stick-meta":"","astra-migrate-meta-layouts":"default","ast-page-background-enabled":"default","ast-page-background-meta":{"desktop":{"background-color":"var(--ast-global-color-4)","background-image":"","background-repeat":"repeat","background-position":"center center","background-size":"auto","background-attachment":"scroll","background-type":"","background-media":"","overlay-type":"","overlay-color":"","overlay-opacity":"","overlay-gradient":""},"tablet":{"background-color":"","background-image":"","background-repeat":"repeat","background-position":"center center","background-size":"auto","background-attachment":"scroll","background-type":"","background-media":"","overlay-type":"","overlay-color":"","overlay-opacity":"","overlay-gradient":""},"mobile":{"background-color":"","background-image":"","background-repeat":"repeat","background-position":"center center","background-size":"auto","background-attachment":"scroll","background-type":"","background-media":"","overlay-type":"","overlay-color":"","overlay-opacity":"","overlay-gradient":""}},"ast-content-background-meta":{"desktop":{"background-color":"var(--ast-global-color-5)","background-image":"","background-repeat":"repeat","background-position":"center center","background-size":"auto","background-attachment":"scroll","background-type":"","background-media":"","overlay-type":"","overlay-color":"","overlay-opacity":"","overlay-gradient":""},"tablet":{"background-color":"var(--ast-global-color-5)","background-image":"","background-repeat":"repeat","background-position":"center center","background-size":"auto","background-attachment":"scroll","background-type":"","background-media":"","overlay-type":"","overlay-color":"","overlay-opacity":"","overlay-gradient":""},"mobile":{"background-color":"var(--ast-global-color-5)","background-image":"","background-repeat":"repeat","background-position":"center center","background-size":"auto","background-attachment":"scroll","background-type":"","background-media":"","overlay-type":"","overlay-color":"","overlay-opacity":"","overlay-gradient":""}},"footnotes":""},"categories":[16],"tags":[],"class_list":["post-944","post","type-post","status-publish","format-standard","has-post-thumbnail","hentry","category-archives-cms"],"_links":{"self":[{"href":"https:\/\/lavoiedessansvoix.fr\/lavoie\/wp-json\/wp\/v2\/posts\/944","targetHints":{"allow":["GET"]}}],"collection":[{"href":"https:\/\/lavoiedessansvoix.fr\/lavoie\/wp-json\/wp\/v2\/posts"}],"about":[{"href":"https:\/\/lavoiedessansvoix.fr\/lavoie\/wp-json\/wp\/v2\/types\/post"}],"author":[{"embeddable":true,"href":"https:\/\/lavoiedessansvoix.fr\/lavoie\/wp-json\/wp\/v2\/users\/1"}],"replies":[{"embeddable":true,"href":"https:\/\/lavoiedessansvoix.fr\/lavoie\/wp-json\/wp\/v2\/comments?post=944"}],"version-history":[{"count":1,"href":"https:\/\/lavoiedessansvoix.fr\/lavoie\/wp-json\/wp\/v2\/posts\/944\/revisions"}],"predecessor-version":[{"id":3907,"href":"https:\/\/lavoiedessansvoix.fr\/lavoie\/wp-json\/wp\/v2\/posts\/944\/revisions\/3907"}],"wp:featuredmedia":[{"embeddable":true,"href":"https:\/\/lavoiedessansvoix.fr\/lavoie\/wp-json\/wp\/v2\/media\/4529"}],"wp:attachment":[{"href":"https:\/\/lavoiedessansvoix.fr\/lavoie\/wp-json\/wp\/v2\/media?parent=944"}],"wp:term":[{"taxonomy":"category","embeddable":true,"href":"https:\/\/lavoiedessansvoix.fr\/lavoie\/wp-json\/wp\/v2\/categories?post=944"},{"taxonomy":"post_tag","embeddable":true,"href":"https:\/\/lavoiedessansvoix.fr\/lavoie\/wp-json\/wp\/v2\/tags?post=944"}],"curies":[{"name":"wp","href":"https:\/\/api.w.org\/{rel}","templated":true}]}}