{"id":943,"date":"2016-06-09T03:55:00","date_gmt":"2016-06-09T01:55:00","guid":{"rendered":"https:\/\/lavoiedessansvoix.fr\/lavoie\/2016\/06\/09\/archive-unis-et-solidaires-jusqu-a-la-victoire\/"},"modified":"2026-04-26T21:49:04","modified_gmt":"2026-04-26T19:49:04","slug":"archive-unis-et-solidaires-jusqu-a-la-victoire","status":"publish","type":"post","link":"https:\/\/lavoiedessansvoix.fr\/lavoie\/2016\/06\/09\/archive-unis-et-solidaires-jusqu-a-la-victoire\/","title":{"rendered":"UNIS ET SOLIDAIRES JUSQU\u2019\u00c0 LA VICTOIRE"},"content":{"rendered":"<p>UNIS ET SOLIDAIRES JUSQU\u2019\u00c0 LA VICTOIRE   (Solidarit\u00e9 avec  les cheminots, les employ\u00e9s de la RATP, les \u00e9boueurs et d\u00e9ch\u00e8teries en gr\u00e8ve contre la loi \u00ab El-Khomri \u00bb.)   Il y a eu tour \u00e0 tour, \u00e0 la pointe du combat contre cette fichue \u00ab loi-travail \u00bb, les salari\u00e9s des d\u00e9p\u00f4ts de carburant, ceux des raffineries, des ports et docks, des routiers, les employ\u00e9s EDF des centrales nucl\u00e9aires, avec des milliers d\u2019autres tout aussi mobilis\u00e9s contre le coup de force antisocial du gouvernement. Tous en lutte pour une m\u00eame cause que partage 70 % de la population g\u00e9n\u00e9rale (ce sont les sondages qui le disent), donc en v\u00e9rit\u00e9 plus de 90 % des salari\u00e9s. C\u2019est \u00e0 pr\u00e9sent le tour des employ\u00e9s de la RATP et des cheminots SNCF, des \u00e9boueurs et employ\u00e9s des d\u00e9ch\u00e8teries, de se trouver aux avants postes de la lutte.  Or, vous n\u2019avez pas \u00e9t\u00e9 sans remarquer, qu\u2019elle que soit la cat\u00e9gorie en gr\u00e8ve, le gouvernement et \u00ab l\u2019Office National de la Radio-T\u00e9l\u00e9vision fran\u00e7aise \u00bb aux ordres, trouvent toujours que c\u2019est fort mal.   Les ouvriers du p\u00e9trole prennent les automobilistes en otage ! Ah le grand mot ! Ah l\u2019expression terrible.   Les routiers \u00ab prennent l\u2019\u00e9conomie en otage ! \u00bb,   Les employ\u00e9s des centrales \u00e9lectriques \u00ab prennent les m\u00e9nages en otages ! \u00bb   Les \u00e9boueurs et employ\u00e9s des d\u00e9ch\u00e8teries prennent \u00ab les restaurants en otages \u00bb  Et voil\u00e0 qu\u2019\u00e0 pr\u00e9sent ce sont ceux de la RATP et les cheminots, ceux-l\u00e0 sont de multir\u00e9cidivistes, qui prennent \u00ab les usagers en otages \u00bb.    Il faut savoir arr\u00eater une gr\u00e8ve ?  Il faut aussi savoir la fermer quand on n\u2019a rien \u00e0 dire.  Il faut aussi savoir renoncer \u00e0 une loi qui fait la quasi-unanimit\u00e9 contre elle.  Car vous l\u2019avez entendu comme moi toute l\u2019\u00e9quipe \u00ab des ministres int\u00e8gres \u00bb est de l\u2019avis que cette situation ne peut ou ne doit plus durer. Tous, demandent, \u00e0 nous les victimes, les agress\u00e9s, de mettre un terme \u00e0 notre lutte d\u2019autod\u00e9fense. Mais pas un seul ne s\u2019avise de dire qu\u2019il suffit d\u2019une chose for simple pour que tout rentre dans l\u2019ordre : que le gouvernement cesse son agression contre les salari\u00e9s, retire cette satan\u00e9e loi sorti tout droit des cartons du MEDEF.  L\u2019expression hypertrophi\u00e9e selon laquelle tout le monde, et je ne sais qui, prendrait tout le monde en otage d\u00e8s qu\u2019il s\u2019insurge et se d\u00e9fend, est devenue d\u2019un usage si banal, tellement \u00e0 contre-emploi,  qu\u2019elle en est ridicule et donne \u00e0 douter du bon sens et de la sant\u00e9 intellectuelle et mentale de ceux qui en font usage. C\u2019est pourquoi je rechigne \u00e0 l\u2019utiliser moi-m\u00eame. Mais puisqu\u2019ils insistent tellement, allons y tout de m\u00eame. Conscient de ne pas faire en cela acte de de v\u00e9rit\u00e9 mais comme expression de notre col\u00e8re et de notre agacement : Si quelqu\u2019un dans ce pays, et dans ce contexte, prend quelqu\u2019un en otage, alors ce sont n\u00e9cessairement ceux-l\u00e0 du gouvernement, les dictateurs obtus, les \u00ab butors but\u00e9s \u00bb, qui s\u2019obstinent quoi qu\u2019il en co\u00fbte, dussent-ils pour cela provoquer la paralysie du pays, \u00e0 maintenir leur loi sc\u00e9l\u00e9rate.    Les cheminots, les employ\u00e9s de la RATP, ceux du secteur des d\u00e9chets, ont pris le relais de l\u2019action contre la loi El-Khomri, et n\u2019entendent pas l\u00e2cher la proie pour l\u2019ombre. ILS ONT RAISON !    Malgr\u00e9 les tracasseries que cela peut infliger \u00e0 nous-m\u00eames, comment pourrait-on ne pas leur donner raison \u00e0 eux qui de par les circonstances se trouvent pour quelques jours aux avants postes d\u2019un combat commun, que nous partageons tous, car c\u2019est notre combat, et que c\u2019est notre int\u00e9r\u00eat collectif \u00e0 nous tous les salari\u00e9s de faire \u00e9chec \u00e0 la \u00ab loi travail \u00bb.  Le calcul diabolique et pervers de ce pr\u00e9tendu gouvernement de gauche qui se conduit comme une droite de combat, c\u2019est qu\u2019il parviendra, \u00e0 la faveur de \u00ab l\u2019Euro de football \u00bb, \u00e0 retourner l\u2019opinion publique contre les gr\u00e9vistes et autres \u00ab perturbateurs \u00bb.   Dans cette entreprise insane ils peuvent compter avec la collaboration active des \u00abchaines de \u00ab l\u2019ORTF \u00bb (relook\u00e9 \u00e0 pr\u00e9sent en \u00ab service public \u00bb) et celles aux ordres du fric puisqu\u2019elles sont la propri\u00e9t\u00e9 priv\u00e9e des milliardaires leurs pots de la Banque et de la haute finance. Ils peuvent compter aussi avec le renfort de la droite \u00ab\u00a0R\u00e9public-haine. \u00abIls  font, ils feront feu de tout bois. Mais nous les en assurons : ils  peuvent faire cr\u00e9piter jusqu\u2019\u00e0 la surchauffe leur grande machine  m\u00e9diatique de propagande de mensonges et d\u2019insultes, Jupp\u00e9 s&rsquo;\u00e9tait aussi  fourvoy\u00e9 en son temps (1995), ils ne viendront pas \u00e0 bout de nous  d\u00e9solidariser de nos camarades en luttes pour le bien commun.     Courage, amis et camarades, nous sommes des millions de victimes de leur loi obsc\u00e8ne, nous sommes des millions d\u00e9cid\u00e9s \u00e0 ce que celle-ci ne voit jamais le jour. La victoire nous appartient. Elle est le salaire de la mobilisation et des luttes. C\u2019est pourquoi nous sommes tous solidaires de nos amis et camarades RATP, cheminots et \u00e9boueurs en gr\u00e8ve et les assurons de notre soutien actif et ind\u00e9fectible.  Patrick Seignon. \u00ab lavoiedessansvoix.fr \u00bb Jeudi 9 juin 2016.<\/p>\n","protected":false},"excerpt":{"rendered":"<p>UNIS ET SOLIDAIRES JUSQU\u2019\u00c0 LA VICTOIRE (Solidarit\u00e9 avec les cheminots, les employ\u00e9s de la RATP, les \u00e9boueurs et d\u00e9ch\u00e8teries en [&hellip;]<\/p>\n","protected":false},"author":1,"featured_media":4528,"comment_status":"open","ping_status":"open","sticky":false,"template":"","format":"standard","meta":{"sfsi_plus_gutenberg_text_before_share":"","sfsi_plus_gutenberg_show_text_before_share":"","sfsi_plus_gutenberg_icon_type":"","sfsi_plus_gutenberg_icon_alignemt":"","sfsi_plus_gutenburg_max_per_row":"","site-sidebar-layout":"default","site-content-layout":"","ast-site-content-layout":"default","site-content-style":"default","site-sidebar-style":"default","ast-global-header-display":"","ast-banner-title-visibility":"","ast-main-header-display":"","ast-hfb-above-header-display":"","ast-hfb-below-header-display":"","ast-hfb-mobile-header-display":"","site-post-title":"","ast-breadcrumbs-content":"","ast-featured-img":"","footer-sml-layout":"","ast-disable-related-posts":"","theme-transparent-header-meta":"","adv-header-id-meta":"","stick-header-meta":"","header-above-stick-meta":"","header-main-stick-meta":"","header-below-stick-meta":"","astra-migrate-meta-layouts":"default","ast-page-background-enabled":"default","ast-page-background-meta":{"desktop":{"background-color":"var(--ast-global-color-4)","background-image":"","background-repeat":"repeat","background-position":"center center","background-size":"auto","background-attachment":"scroll","background-type":"","background-media":"","overlay-type":"","overlay-color":"","overlay-opacity":"","overlay-gradient":""},"tablet":{"background-color":"","background-image":"","background-repeat":"repeat","background-position":"center center","background-size":"auto","background-attachment":"scroll","background-type":"","background-media":"","overlay-type":"","overlay-color":"","overlay-opacity":"","overlay-gradient":""},"mobile":{"background-color":"","background-image":"","background-repeat":"repeat","background-position":"center center","background-size":"auto","background-attachment":"scroll","background-type":"","background-media":"","overlay-type":"","overlay-color":"","overlay-opacity":"","overlay-gradient":""}},"ast-content-background-meta":{"desktop":{"background-color":"var(--ast-global-color-5)","background-image":"","background-repeat":"repeat","background-position":"center center","background-size":"auto","background-attachment":"scroll","background-type":"","background-media":"","overlay-type":"","overlay-color":"","overlay-opacity":"","overlay-gradient":""},"tablet":{"background-color":"var(--ast-global-color-5)","background-image":"","background-repeat":"repeat","background-position":"center center","background-size":"auto","background-attachment":"scroll","background-type":"","background-media":"","overlay-type":"","overlay-color":"","overlay-opacity":"","overlay-gradient":""},"mobile":{"background-color":"var(--ast-global-color-5)","background-image":"","background-repeat":"repeat","background-position":"center center","background-size":"auto","background-attachment":"scroll","background-type":"","background-media":"","overlay-type":"","overlay-color":"","overlay-opacity":"","overlay-gradient":""}},"footnotes":""},"categories":[16],"tags":[],"class_list":["post-943","post","type-post","status-publish","format-standard","has-post-thumbnail","hentry","category-archives-cms"],"_links":{"self":[{"href":"https:\/\/lavoiedessansvoix.fr\/lavoie\/wp-json\/wp\/v2\/posts\/943","targetHints":{"allow":["GET"]}}],"collection":[{"href":"https:\/\/lavoiedessansvoix.fr\/lavoie\/wp-json\/wp\/v2\/posts"}],"about":[{"href":"https:\/\/lavoiedessansvoix.fr\/lavoie\/wp-json\/wp\/v2\/types\/post"}],"author":[{"embeddable":true,"href":"https:\/\/lavoiedessansvoix.fr\/lavoie\/wp-json\/wp\/v2\/users\/1"}],"replies":[{"embeddable":true,"href":"https:\/\/lavoiedessansvoix.fr\/lavoie\/wp-json\/wp\/v2\/comments?post=943"}],"version-history":[{"count":1,"href":"https:\/\/lavoiedessansvoix.fr\/lavoie\/wp-json\/wp\/v2\/posts\/943\/revisions"}],"predecessor-version":[{"id":3905,"href":"https:\/\/lavoiedessansvoix.fr\/lavoie\/wp-json\/wp\/v2\/posts\/943\/revisions\/3905"}],"wp:featuredmedia":[{"embeddable":true,"href":"https:\/\/lavoiedessansvoix.fr\/lavoie\/wp-json\/wp\/v2\/media\/4528"}],"wp:attachment":[{"href":"https:\/\/lavoiedessansvoix.fr\/lavoie\/wp-json\/wp\/v2\/media?parent=943"}],"wp:term":[{"taxonomy":"category","embeddable":true,"href":"https:\/\/lavoiedessansvoix.fr\/lavoie\/wp-json\/wp\/v2\/categories?post=943"},{"taxonomy":"post_tag","embeddable":true,"href":"https:\/\/lavoiedessansvoix.fr\/lavoie\/wp-json\/wp\/v2\/tags?post=943"}],"curies":[{"name":"wp","href":"https:\/\/api.w.org\/{rel}","templated":true}]}}