{"id":940,"date":"2016-06-13T10:16:00","date_gmt":"2016-06-13T08:16:00","guid":{"rendered":"https:\/\/lavoiedessansvoix.fr\/lavoie\/2016\/06\/13\/archive-sapin-perd-les-sens\/"},"modified":"2026-04-26T21:48:38","modified_gmt":"2026-04-26T19:48:38","slug":"archive-sapin-perd-les-sens","status":"publish","type":"post","link":"https:\/\/lavoiedessansvoix.fr\/lavoie\/2016\/06\/13\/archive-sapin-perd-les-sens\/","title":{"rendered":"SAPIN PERD LES SENS"},"content":{"rendered":"<p>SAPIN PERD LES SENS  A l\u2019approche de \u00ab l\u2019Euro de Football \u00bb il ne fait gu\u00e8re de doute que consigne a \u00e9t\u00e9 donn\u00e9 \u00e0 tous les ministres, de mener la charge contre les gr\u00e8ves, et la CGT. C\u2019est en quelque sorte comme un rituel initiatique par lequel chacun d\u2019eux  se doit de confirmer sa fid\u00e9lit\u00e9 au Pr\u00e9sident de la R\u00e9publique et au Premier ministre. Alors bien entendu, invit\u00e9 jeudi de \u00ab France info \u00bb pour s\u2019exprimer sur le co\u00fbt de l\u2019Euro de foot, Michel Sapin y est all\u00e9 lui aussi de sa petite rengaine de commande.   Mais \u00e0 l\u2019\u00e9vidence l\u2019homme n\u2019avait pas pr\u00e9par\u00e9 son sujet, il n\u2019avait rien \u00e0 dire. C\u2019est malgr\u00e9 tout une pratique courante de la presse de demander aux Ministres d\u2019ouvrir leur gueule quand ils n\u2019ont rien \u00e0 dire, et de broder sur rien le canevas de la b\u00eatise. \u00ab Michel Sapin, ministre des Finances et des Comptes publics, a estim\u00e9  \u2026 que la gr\u00e8ve \u00ab\u00a0n&rsquo;a plus aucun sens\u00a0\u00bb.  \u00ab N\u2019a plus aucun sens \u00bb ? Elle en a donc eu ? Mais \u00e0 quel moment la gr\u00e8ve a-t-elle eu un sens pour Michel Sapin ?  Comment un homme qui n\u2019a jamais jug\u00e9 que la gr\u00e8ve ait un sens peut-il s\u2019autoriser \u00e0 dire qu\u2019elle n\u2019en a plus ?   \u00ab Quel est le sens de la gr\u00e8ve des conducteurs de camion qui ramassent les ordures. \u00bb Interroge Monsieur Sapin. Le dernier des imb\u00e9ciles lui eut r\u00e9pondu du tac au tac : \u00ab Faire annuler la loi El-Khomri \u00bb. C\u2019est pourquoi en dessous encore du dernier il apporte lui-m\u00eame sa r\u00e9ponse \u00e0 sa question idiote : \u00ab  Personne n\u2019est capable de le dire ? \u00bb \u00ab Quel est le sens de ceux qui bloquent l&rsquo;entr\u00e9e de Rungis ? \u00bb Monsieur Sapin parait ne pas savoir que le gouvernement auquel il appartient veut imposer une loi dite travail qui constitue une agression contre les droits fondamentaux de toutes les cat\u00e9gories de travailleurs. Ou plut\u00f4t oui, bien entendu il le sait mais il joue les imb\u00e9ciles, persuad\u00e9 qu\u2019il est que les salari\u00e9s l\u2019\u00e9tant plus que lui ils vont gober \u00ab comme la v\u00e9rit\u00e9 r\u00e9v\u00e9l\u00e9e, ses paroles \u00ab insens\u00e9es \u00bb sur le \u00ab sens perdu des gr\u00e8ves.  Insens\u00e9es en effet le propos d\u2019un Ministre qui les a perdu jusqu\u2019au plus essentiel que l\u2019on nomme \u00ab le bon sens \u00bb.   Puisque les gr\u00e8ves n\u2019ont pas de sens \u00e0 son sens, monsieur Sapin va probablement nous dire pourquoi et nous en administrer la preuve, on l\u2019\u00e9coute : \u00ab On est dans des manifestations qui n\u2019ont plus aucun sens \u00bb. La preuve selon monsieur Sapin que ces gr\u00e8ves n\u2019ont pas de sens, serait donc, qu\u2019elles n\u2019ont pas de sens.   Or, s\u2019il est une chose \u00e0 laquelle  monsieur Sapin, ministre du gouvernement dictatorial de Messieurs Hollande et Valls, tient absolument c\u2019est de paraitre un vrai d\u00e9mocrate. Il ne faudrait pas tout de m\u00eame parce qu\u2019il juge que les gr\u00e8ves n\u2019ont pas de sens qu\u2019on en d\u00e9duise qu\u2019il est contre le droit de gr\u00e8ve. Alors il ajoute : \u00ab Une gr\u00e8ve doit \u00eatre respect\u00e9e. Toujours. \u00c7a fait partie de l&rsquo;ordre constitutionnel. \u00c7a fait partie des libert\u00e9s. Les manifestations font partie des libert\u00e9s. Simplement, il faut qu&rsquo;il y ait un sens. Elle n&rsquo;a plus aucun sens\u00a0\u00bb,  Autrement dit les gr\u00e8ves qui n\u2019ont pas de sens au sens de monsieur Sapin ne sont pas de celles dont il faut respecter le libre exercice. Mais comme les gr\u00e8ves n\u2019ont aucun sens pour Monsieur Sapin m\u00eame quand il s\u2019agit de la d\u00e9fense des droits les plus fondamentaux et g\u00e9n\u00e9raux des salari\u00e9s, il faut en conclure que Monsieur Sapin est un d\u00e9fenseur du droit des gr\u00e8ves que l\u2019on ne fait pas vu que \u00e7a n\u2019a aucun sens.   On touche l\u00e0 \u00e0 un sujet sensible. Michel Sapin le sait. Alors il tente de nous entortiller avec des consid\u00e9rations g\u00e9n\u00e9ralistes sur son \u00ab amour suppos\u00e9 des syndicats et du droit de gr\u00e8ve. \u00ab Le ministre des Finances a rappel\u00e9 son attachement aux organisations syndicales : \u00ab\u00a0J&rsquo;ai \u00e9t\u00e9 ministre du Travail avant d\u2019\u00eatre ministre des Finances.  Mes interlocuteurs c&rsquo;\u00e9taient les organisations syndicales. J&rsquo;ai un immense respect pour toutes les organisations syndicales. C&rsquo;est parce que j&rsquo;ai ce respect et que je consid\u00e8re que ce sont des acteurs fondamentaux, m\u00eame pour marquer un d\u00e9saccord, du dialogue social. \u00c7a me fait mal quand je vois de grandes organisations syndicales qui se battent sans qu&rsquo;il y ait plus aucun sens\u00a0\u00bb. (France info)  Dans ce seul court extrait Monsieur Sapin a donc r\u00e9p\u00e9t\u00e9 9 fois le mot sens, \u2018manque ou absence de\u2019 sens, aucun sens). Le lexique de Monsieur Sapin est extr\u00eamement r\u00e9duit. Mais il est vrai que pour exprimer des id\u00e9es aussi pauvres et d\u00e9nu\u00e9es de \u00ab sens \u00bb il n\u2019est point besoin de disposer d\u2019un riche vocabulaire.  Patrick Seignon. \u00ab lavoiedessansvoix.fr \u00bb Dimanche 12 juin 2016.<\/p>\n","protected":false},"excerpt":{"rendered":"<p>SAPIN PERD LES SENS A l\u2019approche de \u00ab l\u2019Euro de Football \u00bb il ne fait gu\u00e8re de doute que consigne [&hellip;]<\/p>\n","protected":false},"author":1,"featured_media":4525,"comment_status":"open","ping_status":"open","sticky":false,"template":"","format":"standard","meta":{"sfsi_plus_gutenberg_text_before_share":"","sfsi_plus_gutenberg_show_text_before_share":"","sfsi_plus_gutenberg_icon_type":"","sfsi_plus_gutenberg_icon_alignemt":"","sfsi_plus_gutenburg_max_per_row":"","site-sidebar-layout":"default","site-content-layout":"","ast-site-content-layout":"default","site-content-style":"default","site-sidebar-style":"default","ast-global-header-display":"","ast-banner-title-visibility":"","ast-main-header-display":"","ast-hfb-above-header-display":"","ast-hfb-below-header-display":"","ast-hfb-mobile-header-display":"","site-post-title":"","ast-breadcrumbs-content":"","ast-featured-img":"","footer-sml-layout":"","ast-disable-related-posts":"","theme-transparent-header-meta":"","adv-header-id-meta":"","stick-header-meta":"","header-above-stick-meta":"","header-main-stick-meta":"","header-below-stick-meta":"","astra-migrate-meta-layouts":"default","ast-page-background-enabled":"default","ast-page-background-meta":{"desktop":{"background-color":"var(--ast-global-color-4)","background-image":"","background-repeat":"repeat","background-position":"center center","background-size":"auto","background-attachment":"scroll","background-type":"","background-media":"","overlay-type":"","overlay-color":"","overlay-opacity":"","overlay-gradient":""},"tablet":{"background-color":"","background-image":"","background-repeat":"repeat","background-position":"center center","background-size":"auto","background-attachment":"scroll","background-type":"","background-media":"","overlay-type":"","overlay-color":"","overlay-opacity":"","overlay-gradient":""},"mobile":{"background-color":"","background-image":"","background-repeat":"repeat","background-position":"center center","background-size":"auto","background-attachment":"scroll","background-type":"","background-media":"","overlay-type":"","overlay-color":"","overlay-opacity":"","overlay-gradient":""}},"ast-content-background-meta":{"desktop":{"background-color":"var(--ast-global-color-5)","background-image":"","background-repeat":"repeat","background-position":"center center","background-size":"auto","background-attachment":"scroll","background-type":"","background-media":"","overlay-type":"","overlay-color":"","overlay-opacity":"","overlay-gradient":""},"tablet":{"background-color":"var(--ast-global-color-5)","background-image":"","background-repeat":"repeat","background-position":"center center","background-size":"auto","background-attachment":"scroll","background-type":"","background-media":"","overlay-type":"","overlay-color":"","overlay-opacity":"","overlay-gradient":""},"mobile":{"background-color":"var(--ast-global-color-5)","background-image":"","background-repeat":"repeat","background-position":"center center","background-size":"auto","background-attachment":"scroll","background-type":"","background-media":"","overlay-type":"","overlay-color":"","overlay-opacity":"","overlay-gradient":""}},"footnotes":""},"categories":[16],"tags":[],"class_list":["post-940","post","type-post","status-publish","format-standard","has-post-thumbnail","hentry","category-archives-cms"],"_links":{"self":[{"href":"https:\/\/lavoiedessansvoix.fr\/lavoie\/wp-json\/wp\/v2\/posts\/940","targetHints":{"allow":["GET"]}}],"collection":[{"href":"https:\/\/lavoiedessansvoix.fr\/lavoie\/wp-json\/wp\/v2\/posts"}],"about":[{"href":"https:\/\/lavoiedessansvoix.fr\/lavoie\/wp-json\/wp\/v2\/types\/post"}],"author":[{"embeddable":true,"href":"https:\/\/lavoiedessansvoix.fr\/lavoie\/wp-json\/wp\/v2\/users\/1"}],"replies":[{"embeddable":true,"href":"https:\/\/lavoiedessansvoix.fr\/lavoie\/wp-json\/wp\/v2\/comments?post=940"}],"version-history":[{"count":1,"href":"https:\/\/lavoiedessansvoix.fr\/lavoie\/wp-json\/wp\/v2\/posts\/940\/revisions"}],"predecessor-version":[{"id":3899,"href":"https:\/\/lavoiedessansvoix.fr\/lavoie\/wp-json\/wp\/v2\/posts\/940\/revisions\/3899"}],"wp:featuredmedia":[{"embeddable":true,"href":"https:\/\/lavoiedessansvoix.fr\/lavoie\/wp-json\/wp\/v2\/media\/4525"}],"wp:attachment":[{"href":"https:\/\/lavoiedessansvoix.fr\/lavoie\/wp-json\/wp\/v2\/media?parent=940"}],"wp:term":[{"taxonomy":"category","embeddable":true,"href":"https:\/\/lavoiedessansvoix.fr\/lavoie\/wp-json\/wp\/v2\/categories?post=940"},{"taxonomy":"post_tag","embeddable":true,"href":"https:\/\/lavoiedessansvoix.fr\/lavoie\/wp-json\/wp\/v2\/tags?post=940"}],"curies":[{"name":"wp","href":"https:\/\/api.w.org\/{rel}","templated":true}]}}