{"id":938,"date":"2016-06-20T18:12:00","date_gmt":"2016-06-20T16:12:00","guid":{"rendered":"https:\/\/lavoiedessansvoix.fr\/lavoie\/2016\/06\/20\/archive-defense-de-la-c-g-t\/"},"modified":"2026-04-26T21:48:18","modified_gmt":"2026-04-26T19:48:18","slug":"archive-defense-de-la-c-g-t","status":"publish","type":"post","link":"https:\/\/lavoiedessansvoix.fr\/lavoie\/2016\/06\/20\/archive-defense-de-la-c-g-t\/","title":{"rendered":"D\u00c9FENSE DE LA C.G.T."},"content":{"rendered":"<p>D\u00c9FENSE DE LA C.G.T.   C\u2019\u00e9tait il y a 5 jours, le 15 juin, au lendemain de la manifestation Nationale contre la loi El-Khomri, qui a r\u00e9uni un million de protestataires \u00e0 Paris, vous avez entendu, le concert des salauds, des graines de dictateurs, dictateurs en herbes et dictateurs en exercice. Tous faisaient Chorus contre la CGT et mena\u00e7aient de s\u2019en prendre au droit de manifester.  1 \u2013 Tromperie :   Le Pr\u00e9sident de la r\u00e9publique en t\u00eate qui donne le \u00ab la \u00bb et son premier ministre ont pouss\u00e9 leur charge contre la CGT qui serait responsable des violences en marge des manifestations, et envisagent s\u00e9rieusement la possibilit\u00e9 d\u2019interdire les manifestations sociales. Un des reproches que \u00ab l\u2019establishment \u00bb adressait \u00e0 celles-ci \u00e9tait de dissiper les forces de l\u2019ordre de leur taches prioritaire de s\u00e9curit\u00e9 des populations face \u00e0 la menace terroriste. L\u2019autre \u00e9tait d\u2019entraver le bon d\u00e9roulement de l\u2019Euro de football. Or depuis que celui-ci a commenc\u00e9 les d\u00e9sordres incidents et troubles \u00e0 l\u2019ordre public se sont multipli\u00e9s du fait des \u00ab supporters des club \u00bb et des hooligans. Pourquoi diable Hollande et Valls ne proposent-ils pas d\u2019interdire \u00ab la MANIFESTATION footballistique \u00e0 la marge de laquelle se produisent ces incidents ?  2 \u2013 Chorus contre la CGT :   Alain Jupp\u00e9 qui apr\u00e8s une travers\u00e9e du d\u00e9sert et un all\u00e9 retour outre Atlantique chez nos cousins du Qu\u00e9bec pr\u00e9tendait avoir chang\u00e9, \u00eatre devenu un autre homme sans les bottes o\u00f9 il se tenait trop raide en 1995, rechausse aussit\u00f4t ses bottes, renoue avec ses raideurs d\u2019antan, se d\u00e9clare partisan de l\u2019interdiction des manifestations.   Graine de dictateur Sarkozy pr\u00e9tendait lui aussi avoir tellement chang\u00e9. \u00ab Chassez le naturel il revient au galop \u00bb. Le voil\u00e0 qui renoue avec ses fondamentaux, appelant \u00e0 la responsabilisation p\u00e9nale et financi\u00e8re de la CGT. Il semble vouloir indiquer au gouvernement les outils \u00ab l\u00e9gaux \u00bb dont celui-ci pourrait faire usage pour la mettre \u00e0 genoux. L\u00e9gaux les moyens que sugg\u00e8re Sarkozy ? Autant, mais pas plus que la r\u00e9troactivit\u00e9 des lois de Vichy, car il s\u2019agit ni plus ni moins que d\u2019instaurer une notion de responsabilit\u00e9 collective en d\u00e9pit de toutes les traditions et jurisprudences du droit fran\u00e7ais.  Le FN est lui avant tout soucieux de ne pas s\u2019ali\u00e9ner une partie de ses \u00e9lecteurs potentiels. Il y va donc d\u2019un grand \u00e9cart. Si Florian Philippot d\u00e9clare que les salari\u00e9s que le gouvernement ne veut pas entendre ont raison d\u2019avoir recours aux moyens utiles de se faire entendre. Deux jours apr\u00e8s Gilbert Collard,  avec l\u2019intention probable de lui faire contrepoids, d\u00e9clarait : \u00ab\u00a0si j\u2019avais eu une once de pouvoir j\u2019aurais d\u00e9j\u00e0 interdit ces manifestations\u00a0\u00bb. S\u2019il \u00ab avait une once de pouvoir \u00bb ? Mais que serait-ce alors s\u2019il avait la totalit\u00e9 du pouvoir ? C\u2019est ainsi que l\u2019avocat, non membre du Parti lep\u00e9niste nous rappelle, en nous gla\u00e7ant les sangs, que ce parti \u00ab d\u00e9-diabolis\u00e9 \u00bb entend rester tout de m\u00eame le parti de \u00ab l\u2019ordre nouveau \u00bb. Louis Aliot y est all\u00e9 lui aussi de sa partition, empruntant la ligne m\u00e9diane. La CGT n\u2019est qu\u2019un \u00ab groupuscule \u00bb, laissons la faire. Depuis Jean-Pierre Raffarin c\u2019est solidaris\u00e9 avec Maitre Collard dont il a repris presque mot \u00e0 mot la d\u00e9claration.  Le Ministre de l\u2019int\u00e9rieur pour sa part s\u2019efforce d\u2019impliquer directement la CGT dans les violences en tentant d\u2019accr\u00e9diter l\u2019id\u00e9e que des membres de son service d\u2019ordre \u00ab s\u2019en sont pris \u00e0 des policiers \u00bb. Mais il y a l\u00e0 une distorsion des faits et des notions. Tout d\u2019abord parce que les d\u00e9pr\u00e9dations inflig\u00e9es aux biens par des groupes \u00e0 la marges des manifestations ne saurait \u00eatre imput\u00e9s aux manifestations ni aux manifestants, et que la s\u00e9curit\u00e9 des biens des personnes et des manifestations rel\u00e8ve de la responsabilit\u00e9 du minist\u00e8re de l\u2019int\u00e9rieur et de la comp\u00e9tence des policiers. Il en va autrement des affrontements \u00e9ventuels entre forces de l\u2019ordre et manifestants qui sont d\u2019une toute autre nature. Et il n\u2019y a pas de raison ni morale ni l\u00e9gale d\u2019incriminer des manifestants brutalis\u00e9s qui r\u00e9agissent en situation de \u00ab l\u00e9gitime violence \u00bb. Nombreuses sont les manifestations de l\u2019histoire sociale et politique qui ont donn\u00e9 lieu \u00e0 de tels affrontements, sans qu\u2019aucun pouvoir politique n\u2019en d\u00e9duise l\u2019id\u00e9e perverse de s\u2019en prendre au droit de manifester lui-m\u00eame.   3 \u2013 Profession de mauvaise foi.   La CGT  organisatrice des gr\u00e8ves et des manifestations, la CGT qui appelle aux nouvelles journ\u00e9es de mobilisation  des 23 et 28 juin. Mais sacrebleu, il ne s\u2019agit pas de la CGT toute seule, mais bien d\u2019une intersyndicale regroupant 7 organisations de salari\u00e9s, \u00e9tudiants et lyc\u00e9ens (CGT, CGT-FO, SUD, FSU, UNEF, FIDL, UNL). Cette \u00ab FOCALISATION \u00bb maniganc\u00e9 contre la CGT d\u00e9montre on  ne peut plus clairement la mauvaise foi de ceux qui s\u2019y adonnent et donne \u00e0 entrevoir leurs desseins cach\u00e9s. Et bien entendu les m\u00e9dias serviles et la meute des journalistes sold\u00e9s ce sont mis au service de cette chasse sans \u00e9tats d\u2019\u00e2mes.  Mais c\u2019est quoi donc qu\u2019ils ont dans la t\u00eate, ou derri\u00e8re, tous ces pr\u00e9tendants dictateurs, ces statues de Mussolini, ces \u00e9mules de Franco et de Pinochet, ces fils de fer de madame Tchatcher, \u00ab ces enfants de P\u00e9tain \u00bb ?   C\u2019est de mettre un point final \u00e0 la transformation du paysage syndical fran\u00e7ais en rel\u00e9guant la CGT \u00e0 la marge, ou mieux en la liquidant, et en promouvant avec la collaboration active des chiens de berger et de leurs moutons un syndicalisme \u00ab maison \u00bb int\u00e9gr\u00e9 et docile. Et cela explique la focalisation particuli\u00e8re sur la CGT, car elle est l\u2019incarnation de l\u2019histoire du syndicalisme fran\u00e7ais de lutte de classe, et venir \u00e0 bout d\u2019elle c\u2019est \u00e0 leur sens venir \u00e0 bout de lui.   Souvenez-vous du mot de Martin Niem\u00f6ller \u00ab lorsque les nazis sont venus chercher les communistes, je n\u2019ai rien dit, je n\u2019\u00e9tais pas communiste. Lorsqu\u2019ils onr enferm\u00e9 les sociaux-d\u00e9mocrates je n\u2019ai rien dit, je n\u2019\u00e9tais pas social-d\u00e9mocrate. Lorsqu\u2019ils sont venus chercher les syndicalistes je n\u2019ai rien dit, je n\u2019\u00e9tais pas syndicaliste. Lorsqu\u2019ils sont venus me chercher, il ne restait plus personne pour protester. \u00bb  Il ne faudrait pas que l\u2019on puisse appliquer un jour la formule \u00e0 la situation que nous vivons : \u00ab Quand ils s\u2019en sont pris \u00e0 la CGT \u2026 etc. \u00bb La CGT-FO appartient au m\u00eame tronc historique \u2026 Et SUD en rompant avec la CFDT s\u2019est plac\u00e9 de facto lui aussi sur le terrain du syndicalisme de classe. La CGT r\u00e9duite, et sauf \u00e0 capituler, ces centrales seraient sans nul doute les prochaines cibles.     Si d\u2019aventure les voyous du gouvernement et du MEDEF parvenaient \u00e0 leurs fins, s\u2019ils venaient \u00e0 bout de r\u00e9duire la CGT, croyez-vous qu\u2019il y aurait encore, avant longtemps, une place dans ce pays pour un syndicalisme vraiment ind\u00e9pendant et de lutte ?  Et cette catastrophe surviendrait l\u00e0, pr\u00e9cis\u00e9ment au moment o\u00f9 la condition ouvri\u00e8re et salari\u00e9 se d\u00e9grade cruellement, au moment o\u00f9 il faudrait au contraire accumuler les mat\u00e9riaux et les forces d\u2019une contre-offensive g\u00e9n\u00e9ralis\u00e9e des classes prol\u00e9tariennes.  On est libre bien s\u00fbr de partager ou pas les options et les orientations de la CGT. Je ne les ai pas toutes ni toujours partag\u00e9 moi-m\u00eame. Mais confront\u00e9 au travail de sape gouvernemental celle-ci se trouve aujourd\u2019hui du fait de la conjoncture, dans la position de \u00ab gaillard d\u2019avant \u00bb du mouvement syndical fran\u00e7ais. Nous devons r\u00e9agir comme un seul homme, nous mettre en d\u00e9fense. La CGT c\u2019est nous ! \u00ab No Pasaran ! \u00bb Car si le gaillard tombe nous savons tr\u00e8s bien que c\u2019est toute la citadelle qui sera menac\u00e9e, probablement prise et asservie.  \u00ab Nous sommes tous CGT ! \u00bb  Patrick Seignon. \u00ab lavoiedessansvoix.fr. Lundi 20 juin 2016.<\/p>\n","protected":false},"excerpt":{"rendered":"<p>D\u00c9FENSE DE LA C.G.T. C\u2019\u00e9tait il y a 5 jours, le 15 juin, au lendemain de la manifestation Nationale contre [&hellip;]<\/p>\n","protected":false},"author":1,"featured_media":4523,"comment_status":"open","ping_status":"open","sticky":false,"template":"","format":"standard","meta":{"sfsi_plus_gutenberg_text_before_share":"","sfsi_plus_gutenberg_show_text_before_share":"","sfsi_plus_gutenberg_icon_type":"","sfsi_plus_gutenberg_icon_alignemt":"","sfsi_plus_gutenburg_max_per_row":"","site-sidebar-layout":"default","site-content-layout":"","ast-site-content-layout":"default","site-content-style":"default","site-sidebar-style":"default","ast-global-header-display":"","ast-banner-title-visibility":"","ast-main-header-display":"","ast-hfb-above-header-display":"","ast-hfb-below-header-display":"","ast-hfb-mobile-header-display":"","site-post-title":"","ast-breadcrumbs-content":"","ast-featured-img":"","footer-sml-layout":"","ast-disable-related-posts":"","theme-transparent-header-meta":"","adv-header-id-meta":"","stick-header-meta":"","header-above-stick-meta":"","header-main-stick-meta":"","header-below-stick-meta":"","astra-migrate-meta-layouts":"default","ast-page-background-enabled":"default","ast-page-background-meta":{"desktop":{"background-color":"var(--ast-global-color-4)","background-image":"","background-repeat":"repeat","background-position":"center center","background-size":"auto","background-attachment":"scroll","background-type":"","background-media":"","overlay-type":"","overlay-color":"","overlay-opacity":"","overlay-gradient":""},"tablet":{"background-color":"","background-image":"","background-repeat":"repeat","background-position":"center center","background-size":"auto","background-attachment":"scroll","background-type":"","background-media":"","overlay-type":"","overlay-color":"","overlay-opacity":"","overlay-gradient":""},"mobile":{"background-color":"","background-image":"","background-repeat":"repeat","background-position":"center center","background-size":"auto","background-attachment":"scroll","background-type":"","background-media":"","overlay-type":"","overlay-color":"","overlay-opacity":"","overlay-gradient":""}},"ast-content-background-meta":{"desktop":{"background-color":"var(--ast-global-color-5)","background-image":"","background-repeat":"repeat","background-position":"center center","background-size":"auto","background-attachment":"scroll","background-type":"","background-media":"","overlay-type":"","overlay-color":"","overlay-opacity":"","overlay-gradient":""},"tablet":{"background-color":"var(--ast-global-color-5)","background-image":"","background-repeat":"repeat","background-position":"center center","background-size":"auto","background-attachment":"scroll","background-type":"","background-media":"","overlay-type":"","overlay-color":"","overlay-opacity":"","overlay-gradient":""},"mobile":{"background-color":"var(--ast-global-color-5)","background-image":"","background-repeat":"repeat","background-position":"center center","background-size":"auto","background-attachment":"scroll","background-type":"","background-media":"","overlay-type":"","overlay-color":"","overlay-opacity":"","overlay-gradient":""}},"footnotes":""},"categories":[16],"tags":[],"class_list":["post-938","post","type-post","status-publish","format-standard","has-post-thumbnail","hentry","category-archives-cms"],"_links":{"self":[{"href":"https:\/\/lavoiedessansvoix.fr\/lavoie\/wp-json\/wp\/v2\/posts\/938","targetHints":{"allow":["GET"]}}],"collection":[{"href":"https:\/\/lavoiedessansvoix.fr\/lavoie\/wp-json\/wp\/v2\/posts"}],"about":[{"href":"https:\/\/lavoiedessansvoix.fr\/lavoie\/wp-json\/wp\/v2\/types\/post"}],"author":[{"embeddable":true,"href":"https:\/\/lavoiedessansvoix.fr\/lavoie\/wp-json\/wp\/v2\/users\/1"}],"replies":[{"embeddable":true,"href":"https:\/\/lavoiedessansvoix.fr\/lavoie\/wp-json\/wp\/v2\/comments?post=938"}],"version-history":[{"count":1,"href":"https:\/\/lavoiedessansvoix.fr\/lavoie\/wp-json\/wp\/v2\/posts\/938\/revisions"}],"predecessor-version":[{"id":3895,"href":"https:\/\/lavoiedessansvoix.fr\/lavoie\/wp-json\/wp\/v2\/posts\/938\/revisions\/3895"}],"wp:featuredmedia":[{"embeddable":true,"href":"https:\/\/lavoiedessansvoix.fr\/lavoie\/wp-json\/wp\/v2\/media\/4523"}],"wp:attachment":[{"href":"https:\/\/lavoiedessansvoix.fr\/lavoie\/wp-json\/wp\/v2\/media?parent=938"}],"wp:term":[{"taxonomy":"category","embeddable":true,"href":"https:\/\/lavoiedessansvoix.fr\/lavoie\/wp-json\/wp\/v2\/categories?post=938"},{"taxonomy":"post_tag","embeddable":true,"href":"https:\/\/lavoiedessansvoix.fr\/lavoie\/wp-json\/wp\/v2\/tags?post=938"}],"curies":[{"name":"wp","href":"https:\/\/api.w.org\/{rel}","templated":true}]}}