{"id":936,"date":"2016-06-22T17:10:00","date_gmt":"2016-06-22T15:10:00","guid":{"rendered":"https:\/\/lavoiedessansvoix.fr\/lavoie\/2016\/06\/22\/archive-manuel-valls-a-franchi-le-rubicon-nous-exigeons-sa-demission\/"},"modified":"2026-04-26T21:47:59","modified_gmt":"2026-04-26T19:47:59","slug":"archive-manuel-valls-a-franchi-le-rubicon-nous-exigeons-sa-demission","status":"publish","type":"post","link":"https:\/\/lavoiedessansvoix.fr\/lavoie\/2016\/06\/22\/archive-manuel-valls-a-franchi-le-rubicon-nous-exigeons-sa-demission\/","title":{"rendered":"MANUEL VALLS A FRANCHI LE RUBICON  NOUS EXIGEONS SA D\u00c9MISSION"},"content":{"rendered":"<p>MANUEL VALLS A FRANCHI LE RUBICONNOUS EXIGEONS SA D\u00c9MISSION(Vous pouvez signer cette p\u00e9tition sur \u00ab\u00a0Change.org\u00a0\u00bb)https:\/\/d22r54gnmuhwmk.cloudfront.net\/photos\/5\/qd\/wh\/qRQDwHgsyCfHfCb-800&#215;450-noPad.jpg?1466619648    Le matin Mercredi 22 juin, le pr\u00e9fet de police a interdit la manifestation convoqu\u00e9e par 7 centrales syndicales, contre la \u00ab loi-travail \u00bb. Personne n\u2019est dupe. Nul ne peut ignorer que c\u2019est aux instances du Premier-ministre que s\u2019est rendu le pr\u00e9fet de police.  Aux termes d\u2019une valse-h\u00e9sitation la manifestation a certes \u00e9t\u00e9 autoris\u00e9e par le Ministre de l\u2019int\u00e9rieur en personne, selon un parcours r\u00e9duit d\u00e9fini par lui-m\u00eame. Il s\u2019est agi alors de d\u00e9dire l\u2019interdiction en sauvant la face, tant que faire se peut, en invoquant des \u00ab conditions de s\u00e9curit\u00e9 enfin remplies \u00bb.  Mais la r\u00e9alit\u00e9 forte qui ressort de cet imbroglio, c\u2019est que le Premier ministre de la France, a eu jusqu\u2019au bout la ferme intention d\u2019attenter \u00e0 nos libert\u00e9s fondamentales et de commettre un crime contre \u00ab la d\u00e9mocratie \u00bb.  Cet homme, cette graine de dictateur, est dangereux pour notre R\u00e9publique et nos libert\u00e9s fondamentales. Il s\u2019est disqualifi\u00e9 comme membre, et \u00e0 fortiori comme chef, d\u2019une \u00e9quipe gouvernementale qui se pr\u00e9tend jalousement d\u00e9mocratique. Cet homme n\u2019a plus sa place dans nos instances gouvernementales.  C\u2019est notre devoir de vigilance citoyenne d\u2019exiger sa d\u00e9mission.https:\/\/www.change.org\/p\/monsieur-manuel-valls-manuel-valls-a-franchi-le-rubicon-nous-exigeons-sa-demission?recruiter=75836660&#038;utm_source=petitions_show_components_action_panel_wrapper&#038;utm_medium=copylink<\/p>\n","protected":false},"excerpt":{"rendered":"<p>MANUEL VALLS A FRANCHI LE RUBICONNOUS EXIGEONS SA D\u00c9MISSION(Vous pouvez signer cette p\u00e9tition sur \u00ab\u00a0Change.org\u00a0\u00bb)https:\/\/d22r54gnmuhwmk.cloudfront.net\/photos\/5\/qd\/wh\/qRQDwHgsyCfHfCb-800&#215;450-noPad.jpg?1466619648 Le matin Mercredi 22 juin, [&hellip;]<\/p>\n","protected":false},"author":1,"featured_media":4521,"comment_status":"open","ping_status":"open","sticky":false,"template":"","format":"standard","meta":{"sfsi_plus_gutenberg_text_before_share":"","sfsi_plus_gutenberg_show_text_before_share":"","sfsi_plus_gutenberg_icon_type":"","sfsi_plus_gutenberg_icon_alignemt":"","sfsi_plus_gutenburg_max_per_row":"","site-sidebar-layout":"default","site-content-layout":"","ast-site-content-layout":"default","site-content-style":"default","site-sidebar-style":"default","ast-global-header-display":"","ast-banner-title-visibility":"","ast-main-header-display":"","ast-hfb-above-header-display":"","ast-hfb-below-header-display":"","ast-hfb-mobile-header-display":"","site-post-title":"","ast-breadcrumbs-content":"","ast-featured-img":"","footer-sml-layout":"","ast-disable-related-posts":"","theme-transparent-header-meta":"","adv-header-id-meta":"","stick-header-meta":"","header-above-stick-meta":"","header-main-stick-meta":"","header-below-stick-meta":"","astra-migrate-meta-layouts":"default","ast-page-background-enabled":"default","ast-page-background-meta":{"desktop":{"background-color":"var(--ast-global-color-4)","background-image":"","background-repeat":"repeat","background-position":"center center","background-size":"auto","background-attachment":"scroll","background-type":"","background-media":"","overlay-type":"","overlay-color":"","overlay-opacity":"","overlay-gradient":""},"tablet":{"background-color":"","background-image":"","background-repeat":"repeat","background-position":"center center","background-size":"auto","background-attachment":"scroll","background-type":"","background-media":"","overlay-type":"","overlay-color":"","overlay-opacity":"","overlay-gradient":""},"mobile":{"background-color":"","background-image":"","background-repeat":"repeat","background-position":"center center","background-size":"auto","background-attachment":"scroll","background-type":"","background-media":"","overlay-type":"","overlay-color":"","overlay-opacity":"","overlay-gradient":""}},"ast-content-background-meta":{"desktop":{"background-color":"var(--ast-global-color-5)","background-image":"","background-repeat":"repeat","background-position":"center center","background-size":"auto","background-attachment":"scroll","background-type":"","background-media":"","overlay-type":"","overlay-color":"","overlay-opacity":"","overlay-gradient":""},"tablet":{"background-color":"var(--ast-global-color-5)","background-image":"","background-repeat":"repeat","background-position":"center center","background-size":"auto","background-attachment":"scroll","background-type":"","background-media":"","overlay-type":"","overlay-color":"","overlay-opacity":"","overlay-gradient":""},"mobile":{"background-color":"var(--ast-global-color-5)","background-image":"","background-repeat":"repeat","background-position":"center center","background-size":"auto","background-attachment":"scroll","background-type":"","background-media":"","overlay-type":"","overlay-color":"","overlay-opacity":"","overlay-gradient":""}},"footnotes":""},"categories":[16],"tags":[],"class_list":["post-936","post","type-post","status-publish","format-standard","has-post-thumbnail","hentry","category-archives-cms"],"_links":{"self":[{"href":"https:\/\/lavoiedessansvoix.fr\/lavoie\/wp-json\/wp\/v2\/posts\/936","targetHints":{"allow":["GET"]}}],"collection":[{"href":"https:\/\/lavoiedessansvoix.fr\/lavoie\/wp-json\/wp\/v2\/posts"}],"about":[{"href":"https:\/\/lavoiedessansvoix.fr\/lavoie\/wp-json\/wp\/v2\/types\/post"}],"author":[{"embeddable":true,"href":"https:\/\/lavoiedessansvoix.fr\/lavoie\/wp-json\/wp\/v2\/users\/1"}],"replies":[{"embeddable":true,"href":"https:\/\/lavoiedessansvoix.fr\/lavoie\/wp-json\/wp\/v2\/comments?post=936"}],"version-history":[{"count":1,"href":"https:\/\/lavoiedessansvoix.fr\/lavoie\/wp-json\/wp\/v2\/posts\/936\/revisions"}],"predecessor-version":[{"id":3891,"href":"https:\/\/lavoiedessansvoix.fr\/lavoie\/wp-json\/wp\/v2\/posts\/936\/revisions\/3891"}],"wp:featuredmedia":[{"embeddable":true,"href":"https:\/\/lavoiedessansvoix.fr\/lavoie\/wp-json\/wp\/v2\/media\/4521"}],"wp:attachment":[{"href":"https:\/\/lavoiedessansvoix.fr\/lavoie\/wp-json\/wp\/v2\/media?parent=936"}],"wp:term":[{"taxonomy":"category","embeddable":true,"href":"https:\/\/lavoiedessansvoix.fr\/lavoie\/wp-json\/wp\/v2\/categories?post=936"},{"taxonomy":"post_tag","embeddable":true,"href":"https:\/\/lavoiedessansvoix.fr\/lavoie\/wp-json\/wp\/v2\/tags?post=936"}],"curies":[{"name":"wp","href":"https:\/\/api.w.org\/{rel}","templated":true}]}}