{"id":935,"date":"2016-06-25T01:12:00","date_gmt":"2016-06-24T23:12:00","guid":{"rendered":"https:\/\/lavoiedessansvoix.fr\/lavoie\/2016\/06\/25\/archive-manuel-valls-demission\/"},"modified":"2026-04-26T21:47:50","modified_gmt":"2026-04-26T19:47:50","slug":"archive-manuel-valls-demission","status":"publish","type":"post","link":"https:\/\/lavoiedessansvoix.fr\/lavoie\/2016\/06\/25\/archive-manuel-valls-demission\/","title":{"rendered":"MANUEL VALLS D\u00c9MISSION ?"},"content":{"rendered":"<p>MANUEL VALLS D\u00c9MISSION ?   J\u2019ai re\u00e7u jeudi \u00e0 22 heures 39, sur ma boite courriels \u00bb, une communication de \u00ab loitravailnonmerci, par laquelle j\u2019apprends le lancement d\u2019une p\u00e9tition : Valls \u00e7a suffit ! \u00bb. C\u2019est tr\u00e8s bien, c\u2019est ce qu\u2019il faut faire, et c\u2019est parce que je le pense tant que je l\u2019avais fait moi-m\u00eame en lan\u00e7ant une p\u00e9tition semblable Mercredi, mise en ligne sur \u00ab Chane-org \u00bb \u00e0 20 heures 19.   Loitravailnonmerci \u00e9tait n\u00e9cessairement inform\u00e9 du lancement de ma p\u00e9tition puisque je la leur avais transf\u00e9r\u00e9e en commentaire d\u00e8s le jour de sa sortie. Plut\u00f4t que de faire signer celle-ci, tout \u00e0 fait correcte du point de vue de son contenu politique et de ses attendus, le collectif \u00ab loitravailnonmerci a pr\u00e9f\u00e9r\u00e9 \u00e9diter sa propre p\u00e9tition. C\u2019est une r\u00e9action assez r\u00e9currente de tous les collectifs et organisation qui ont peur de \u00ab se faire voler  l\u2019initiative \u00bb.  Bien entendu je trouve le proc\u00e9d\u00e9 fort in\u00e9l\u00e9gant. Mais qu\u2019importe. Je sais moi, placer l\u2019int\u00e9r\u00eat g\u00e9n\u00e9ral au-dessus de toute autre consid\u00e9rations. L\u2019important dans cette affaire c\u2019est de r\u00e9unir le plus grand nombre possible de signatures pour exiger la d\u00e9mission de Manuel Valls. Je ne ferai donc pas cas de mon ego et je vais de ce pas signer la p\u00e9tition \u00ab Valls \u00e7a suffit ! \u00bb. J\u2019invite les personnes qui avaient d\u00e9j\u00e0 sign\u00e9 la mienne \u00ab Manuel Valls a franchi le Rubicon, nous exigeons sa d\u00e9mission ! \u00bb, et toutes celles qui auraient pu la signer, \u00e0 en faire tout autant. Ma p\u00e9tition sera retir\u00e9e de \u00ab Change-org \u00bb d\u00e8s que possible..  Patrick Seignon. \u00ab lavoiedessansvoix.fr  NB ; L\u2019article ci-dessus sera communiqu\u00e9 au collectif \u00ab loitravailnonmerci \u00bb en commentaire lors de ma signature.<\/p>\n","protected":false},"excerpt":{"rendered":"<p>MANUEL VALLS D\u00c9MISSION ? J\u2019ai re\u00e7u jeudi \u00e0 22 heures 39, sur ma boite courriels \u00bb, une communication de \u00ab [&hellip;]<\/p>\n","protected":false},"author":1,"featured_media":4520,"comment_status":"open","ping_status":"open","sticky":false,"template":"","format":"standard","meta":{"sfsi_plus_gutenberg_text_before_share":"","sfsi_plus_gutenberg_show_text_before_share":"","sfsi_plus_gutenberg_icon_type":"","sfsi_plus_gutenberg_icon_alignemt":"","sfsi_plus_gutenburg_max_per_row":"","site-sidebar-layout":"default","site-content-layout":"","ast-site-content-layout":"default","site-content-style":"default","site-sidebar-style":"default","ast-global-header-display":"","ast-banner-title-visibility":"","ast-main-header-display":"","ast-hfb-above-header-display":"","ast-hfb-below-header-display":"","ast-hfb-mobile-header-display":"","site-post-title":"","ast-breadcrumbs-content":"","ast-featured-img":"","footer-sml-layout":"","ast-disable-related-posts":"","theme-transparent-header-meta":"","adv-header-id-meta":"","stick-header-meta":"","header-above-stick-meta":"","header-main-stick-meta":"","header-below-stick-meta":"","astra-migrate-meta-layouts":"default","ast-page-background-enabled":"default","ast-page-background-meta":{"desktop":{"background-color":"var(--ast-global-color-4)","background-image":"","background-repeat":"repeat","background-position":"center center","background-size":"auto","background-attachment":"scroll","background-type":"","background-media":"","overlay-type":"","overlay-color":"","overlay-opacity":"","overlay-gradient":""},"tablet":{"background-color":"","background-image":"","background-repeat":"repeat","background-position":"center center","background-size":"auto","background-attachment":"scroll","background-type":"","background-media":"","overlay-type":"","overlay-color":"","overlay-opacity":"","overlay-gradient":""},"mobile":{"background-color":"","background-image":"","background-repeat":"repeat","background-position":"center center","background-size":"auto","background-attachment":"scroll","background-type":"","background-media":"","overlay-type":"","overlay-color":"","overlay-opacity":"","overlay-gradient":""}},"ast-content-background-meta":{"desktop":{"background-color":"var(--ast-global-color-5)","background-image":"","background-repeat":"repeat","background-position":"center center","background-size":"auto","background-attachment":"scroll","background-type":"","background-media":"","overlay-type":"","overlay-color":"","overlay-opacity":"","overlay-gradient":""},"tablet":{"background-color":"var(--ast-global-color-5)","background-image":"","background-repeat":"repeat","background-position":"center center","background-size":"auto","background-attachment":"scroll","background-type":"","background-media":"","overlay-type":"","overlay-color":"","overlay-opacity":"","overlay-gradient":""},"mobile":{"background-color":"var(--ast-global-color-5)","background-image":"","background-repeat":"repeat","background-position":"center center","background-size":"auto","background-attachment":"scroll","background-type":"","background-media":"","overlay-type":"","overlay-color":"","overlay-opacity":"","overlay-gradient":""}},"footnotes":""},"categories":[16],"tags":[],"class_list":["post-935","post","type-post","status-publish","format-standard","has-post-thumbnail","hentry","category-archives-cms"],"_links":{"self":[{"href":"https:\/\/lavoiedessansvoix.fr\/lavoie\/wp-json\/wp\/v2\/posts\/935","targetHints":{"allow":["GET"]}}],"collection":[{"href":"https:\/\/lavoiedessansvoix.fr\/lavoie\/wp-json\/wp\/v2\/posts"}],"about":[{"href":"https:\/\/lavoiedessansvoix.fr\/lavoie\/wp-json\/wp\/v2\/types\/post"}],"author":[{"embeddable":true,"href":"https:\/\/lavoiedessansvoix.fr\/lavoie\/wp-json\/wp\/v2\/users\/1"}],"replies":[{"embeddable":true,"href":"https:\/\/lavoiedessansvoix.fr\/lavoie\/wp-json\/wp\/v2\/comments?post=935"}],"version-history":[{"count":1,"href":"https:\/\/lavoiedessansvoix.fr\/lavoie\/wp-json\/wp\/v2\/posts\/935\/revisions"}],"predecessor-version":[{"id":3889,"href":"https:\/\/lavoiedessansvoix.fr\/lavoie\/wp-json\/wp\/v2\/posts\/935\/revisions\/3889"}],"wp:featuredmedia":[{"embeddable":true,"href":"https:\/\/lavoiedessansvoix.fr\/lavoie\/wp-json\/wp\/v2\/media\/4520"}],"wp:attachment":[{"href":"https:\/\/lavoiedessansvoix.fr\/lavoie\/wp-json\/wp\/v2\/media?parent=935"}],"wp:term":[{"taxonomy":"category","embeddable":true,"href":"https:\/\/lavoiedessansvoix.fr\/lavoie\/wp-json\/wp\/v2\/categories?post=935"},{"taxonomy":"post_tag","embeddable":true,"href":"https:\/\/lavoiedessansvoix.fr\/lavoie\/wp-json\/wp\/v2\/tags?post=935"}],"curies":[{"name":"wp","href":"https:\/\/api.w.org\/{rel}","templated":true}]}}