{"id":932,"date":"2016-07-06T17:25:00","date_gmt":"2016-07-06T15:25:00","guid":{"rendered":"https:\/\/lavoiedessansvoix.fr\/lavoie\/2016\/07\/06\/archive-la-part-du-peuple-a-l-hommage-national-a-michel-rocard\/"},"modified":"2026-04-26T21:47:25","modified_gmt":"2026-04-26T19:47:25","slug":"archive-la-part-du-peuple-a-l-hommage-national-a-michel-rocard","status":"publish","type":"post","link":"https:\/\/lavoiedessansvoix.fr\/lavoie\/2016\/07\/06\/archive-la-part-du-peuple-a-l-hommage-national-a-michel-rocard\/","title":{"rendered":"LA PART DU PEUPLE A L\u2019HOMMAGE NATIONAL A MICHEL ROCARD"},"content":{"rendered":"<p>LA PART DU PEUPLE A L\u2019HOMMAGE NATIONAL A MICHEL ROCARD   Michel Rocard qui de toute \u00e9vidence se tenait lui-m\u00eame en haute estime, a prescrit par disposition testamentaire que la France devait lui rendre un hommage national aux invalides.   Il est d\u2019usage de ne pas contrevenir aux derni\u00e8res volont\u00e9s d\u2019un d\u00e9funt. C\u2019est pourquoi, ne pouvant nous rendre ce jour sur l\u2019esplanade sacr\u00e9e de la nation, nous avons voulu tout de m\u00eame apporter notre modeste contribution \u00e0 la c\u00e9r\u00e9monie : la part du peuple au souvenir \u00e9mu, que nous d\u00e9dions aux invalides de la m\u00e9moire ?  Les plus jeunes peuvent croire que \u00ab la d\u00e9rive droiti\u00e8re \u00bb qui a conduit \u00ab une fraction \u00bb du PS \u00e0 embrasser la ligne \u00ab Social-lib\u00e9rale \u00bb actuelle, est un ph\u00e9nom\u00e8ne r\u00e9cent.  Or, cela est moins que r\u00e9cent ni ne peut \u00eatre qualifi\u00e9 de \u00ab d\u00e9rive \u00bb. Il s\u2019agit au contraire d\u2019un processus voulu et pilot\u00e9 d\u00e8s l\u2019origine que nous daterons du Congr\u00e8s d\u2019Epinay de 1971. Cette \u00e9volution ne doit pas  \u00eatre comprise d\u2019avantage comme le destin particulier d\u2019une fraction du PS mais comme consubstantielle au parti tout entier.   Michel Rocard fut un des artisans de cette m\u00e9tempsychose, qui a transform\u00e9  l\u2019ancienne SFIO en un parti de gouvernement.   \u00ab Parti de gouvernement \u00bb ? Mais c\u2019est quoi donc un parti de gouvernement. C\u2019est un  parti qui se donne pour mission de g\u00e9rer le syst\u00e8me tel qu\u2019il est. En devenant la deuxi\u00e8me roue de la cinqui\u00e8me R\u00e9publique,  en charge de la p\u00e9rennit\u00e9 des institutions et du syst\u00e8me \u00ab lib\u00e9ral \u00bb, le PS devenait de facto, et d\u00e8s ce temps, un parti \u00ab Social-lib\u00e9ral \u00bb. Cela m\u00eame si le processus de transformation n\u2019\u00e9tant pas achev\u00e9, quelques illusions pouvaient  subsister, surtout parmi cette cat\u00e9gorie d\u2019aveugles obstin\u00e9s, que sont ceux qui ne veulent pas voir.   Michel Rocard a \u00e9t\u00e9 un artisan \u00e9clair\u00e9 et parfaitement conscient de cette transformation historique qui devait \u00e9teindre la flamme de l\u2019esp\u00e9rance du peuple en un avenir socialiste et livrer celui-ci d\u00e9sabus\u00e9 et affaibli, aux app\u00e9tits voraces du capital insatiable.  Le diff\u00e9rend entre Mitterrand et Rocard ? Une question de Rythme et de m\u00e9thode. Rocard \u00e9tait un homme press\u00e9 qui aurait sans nul doute n\u00e9glig\u00e9 quelques-unes des m\u00e9diations tactiques et \u00ab p\u00e9dagogiques \u00bb dont Mitterrand eut la sagesse de se pr\u00e9valoir pour mieux abuser \u00ab le peuple de gauche \u00bb. Michel Rocard, que nous citions dans notre avant-propos \u00e0 \u00ab Social-Bonapartisme et classe ouvri\u00e8re \u00bb, fit lui-m\u00eame r\u00e9f\u00e9rence \u00e0 cette dimension lors de l\u2019\u00e9mission t\u00e9l\u00e9vis\u00e9e \u00ab l\u2019heure de v\u00e9rit\u00e9 \u00bb, la premi\u00e8re apr\u00e8s le scrutin de 93, expliquant \u00ab que la gauche avait d\u00fb d\u2019abord consacrer ces ann\u00e9es \u00e0 faire de la p\u00e9dagogie de masse. \u00bb.   Michel Rocard, sous le masque \u00ab d\u2019un socialiste moderne \u00bb \u00e9tait en v\u00e9rit\u00e9 un r\u00e9gisseur z\u00e9l\u00e9 des domaines de ses maitres \u00ab la Banque et le Capital, et \u00e0 ce titre un ennemi du peuple, des ouvriers et des salari\u00e9s. Les louangeurs du d\u00e9funt d\u2019\u00e0 pr\u00e9sent nous souviennent, comme le bilan d\u2019une \u0153uvre grandiose, qu\u2019il fut le cr\u00e9ateur du RMI et de la CSG. Mais qu\u2019est-ce donc vraiment que ces machins ?  Quand le peuple laborieux ne demande que des emplois et des salaires d\u00e9cents, le droit de gagner dignement et d\u00e9cemment sa vie, le RMI, dispositif d\u2019assistanat, n\u2019est qu\u2019une injure et une humiliation faite \u00e0 celui-ci. Les gouvernements \u00ab de gauche \u00bb de Fran\u00e7ois Mitterrand : Mauroy, Fabius, Rocard, cassaient les secteurs industriels de la sid\u00e9rurgie et de l\u2019automobile, d\u00e9truisant des emplois par centaines de millier et le tissu social de r\u00e9gions fran\u00e7aises enti\u00e8res, et que proposaient-ils comme rem\u00e8des ? Des \u00ab TUC \u00bb, le RMI.   Quant \u00e0 l\u2019autre \u00ab grande \u0153uvre minist\u00e9rielle de Michel Rocard, la CSG, il s\u2019est agi d\u2019un imp\u00f4t nouveau dont l\u2019objectif avou\u00e9 \u00e9tait \u00ab la fiscalisation \u00bb de la S\u00e9curit\u00e9 Sociale \u00bb. Les revenus de la SS \u00e9taient jusque-l\u00e0 fond\u00e9s uniquement sur la collecte des cotisations patronales et salariales, ce qui en faisait une institution paritaire g\u00e9r\u00e9e par les repr\u00e9sentants des employeurs et des salari\u00e9s. Les revenus de la SS \u00e9taient de ce fait des revenus diff\u00e9r\u00e9s du travail. En finan\u00e7ant partiellement la SS par un imp\u00f4t, l\u2019\u00e9tat s\u2019appropriait les revenus de la SS pour en faire un simple revenu fiscal sur quoi il aurait d\u00e8s-lors la haute main. La CSG \u00e9tait le sous-bassement fiscal, de ce qui survint peu apr\u00e8s, \u00ab le plan Jupp\u00e9 de r\u00e9forme de \u00bb la s\u00e9curit\u00e9 sociale\u00bb. La CSG \u00e9tait donc bien en v\u00e9rit\u00e9 une invention diabolique contre les int\u00e9r\u00eats des salari\u00e9s.  \u00ab Grand socialiste moderne et visionnaire \u00bb ? Laissez-moi rire. Fossoyeur en v\u00e9rit\u00e9 de la \u00ab gauche \u00bb et de \u00ab l\u2019id\u00e9al socialiste qui s\u2019y rattachait encore un peu \u00bb. La carri\u00e8re minist\u00e9rielle de Michel Rocard s\u2019acheva avec les \u00e9lections l\u00e9gislatives de 1993 qui se sold\u00e8rent par la d\u00e9route de son parti. Car en v\u00e9rit\u00e9 c\u2019est de cette \u00e9ch\u00e9ance que date le divorce \u00e9lectoral du PS avec son \u00e9lectorat de gauche.  Michel Rocard \u00e9tait certainement, puisqu\u2019ils le disent, un grand homme d\u2019\u00c9tat. Il \u00e9tait en effet, sans nul doute, comme nous l\u2019avons d\u00e9j\u00e0 \u00e9crit, un \u00ab grand r\u00e9gisseur \u00bb, serviteur z\u00e9l\u00e9 de la Banque et du Capital auxquels il a rendu d\u2019insignes services. Ceux-l\u00e0 ont probablement quelques raisons d\u2019acc\u00e9der \u00e0 sa r\u00e9clamation d\u2019hommage. Le peuple laborieux lui n\u2019en n\u2019a aucune. A son action politique et minist\u00e9rielle ils ne doit que des calamit\u00e9s. Ceux qui comme nous se r\u00e9clament de la valeur travail et du peuple laborieux digne fier et libre, ne sauraient avoir que m\u00e9pris et haine pour cet homme et pour \u00ab son \u0153uvre \u00bb calamiteuse de r\u00e9duction du peuple \u00e0 l\u2019\u00e9tat d\u2019indigence.  Patrick Seignon. \u00ab lavoiedessansvoix.fr \u00bb. Jeudi 7 juillet 2016.<\/p>\n","protected":false},"excerpt":{"rendered":"<p>LA PART DU PEUPLE A L\u2019HOMMAGE NATIONAL A MICHEL ROCARD Michel Rocard qui de toute \u00e9vidence se tenait lui-m\u00eame en [&hellip;]<\/p>\n","protected":false},"author":1,"featured_media":4517,"comment_status":"open","ping_status":"open","sticky":false,"template":"","format":"standard","meta":{"sfsi_plus_gutenberg_text_before_share":"","sfsi_plus_gutenberg_show_text_before_share":"","sfsi_plus_gutenberg_icon_type":"","sfsi_plus_gutenberg_icon_alignemt":"","sfsi_plus_gutenburg_max_per_row":"","site-sidebar-layout":"default","site-content-layout":"","ast-site-content-layout":"default","site-content-style":"default","site-sidebar-style":"default","ast-global-header-display":"","ast-banner-title-visibility":"","ast-main-header-display":"","ast-hfb-above-header-display":"","ast-hfb-below-header-display":"","ast-hfb-mobile-header-display":"","site-post-title":"","ast-breadcrumbs-content":"","ast-featured-img":"","footer-sml-layout":"","ast-disable-related-posts":"","theme-transparent-header-meta":"","adv-header-id-meta":"","stick-header-meta":"","header-above-stick-meta":"","header-main-stick-meta":"","header-below-stick-meta":"","astra-migrate-meta-layouts":"default","ast-page-background-enabled":"default","ast-page-background-meta":{"desktop":{"background-color":"var(--ast-global-color-4)","background-image":"","background-repeat":"repeat","background-position":"center center","background-size":"auto","background-attachment":"scroll","background-type":"","background-media":"","overlay-type":"","overlay-color":"","overlay-opacity":"","overlay-gradient":""},"tablet":{"background-color":"","background-image":"","background-repeat":"repeat","background-position":"center center","background-size":"auto","background-attachment":"scroll","background-type":"","background-media":"","overlay-type":"","overlay-color":"","overlay-opacity":"","overlay-gradient":""},"mobile":{"background-color":"","background-image":"","background-repeat":"repeat","background-position":"center center","background-size":"auto","background-attachment":"scroll","background-type":"","background-media":"","overlay-type":"","overlay-color":"","overlay-opacity":"","overlay-gradient":""}},"ast-content-background-meta":{"desktop":{"background-color":"var(--ast-global-color-5)","background-image":"","background-repeat":"repeat","background-position":"center center","background-size":"auto","background-attachment":"scroll","background-type":"","background-media":"","overlay-type":"","overlay-color":"","overlay-opacity":"","overlay-gradient":""},"tablet":{"background-color":"var(--ast-global-color-5)","background-image":"","background-repeat":"repeat","background-position":"center center","background-size":"auto","background-attachment":"scroll","background-type":"","background-media":"","overlay-type":"","overlay-color":"","overlay-opacity":"","overlay-gradient":""},"mobile":{"background-color":"var(--ast-global-color-5)","background-image":"","background-repeat":"repeat","background-position":"center center","background-size":"auto","background-attachment":"scroll","background-type":"","background-media":"","overlay-type":"","overlay-color":"","overlay-opacity":"","overlay-gradient":""}},"footnotes":""},"categories":[16],"tags":[],"class_list":["post-932","post","type-post","status-publish","format-standard","has-post-thumbnail","hentry","category-archives-cms"],"_links":{"self":[{"href":"https:\/\/lavoiedessansvoix.fr\/lavoie\/wp-json\/wp\/v2\/posts\/932","targetHints":{"allow":["GET"]}}],"collection":[{"href":"https:\/\/lavoiedessansvoix.fr\/lavoie\/wp-json\/wp\/v2\/posts"}],"about":[{"href":"https:\/\/lavoiedessansvoix.fr\/lavoie\/wp-json\/wp\/v2\/types\/post"}],"author":[{"embeddable":true,"href":"https:\/\/lavoiedessansvoix.fr\/lavoie\/wp-json\/wp\/v2\/users\/1"}],"replies":[{"embeddable":true,"href":"https:\/\/lavoiedessansvoix.fr\/lavoie\/wp-json\/wp\/v2\/comments?post=932"}],"version-history":[{"count":1,"href":"https:\/\/lavoiedessansvoix.fr\/lavoie\/wp-json\/wp\/v2\/posts\/932\/revisions"}],"predecessor-version":[{"id":3883,"href":"https:\/\/lavoiedessansvoix.fr\/lavoie\/wp-json\/wp\/v2\/posts\/932\/revisions\/3883"}],"wp:featuredmedia":[{"embeddable":true,"href":"https:\/\/lavoiedessansvoix.fr\/lavoie\/wp-json\/wp\/v2\/media\/4517"}],"wp:attachment":[{"href":"https:\/\/lavoiedessansvoix.fr\/lavoie\/wp-json\/wp\/v2\/media?parent=932"}],"wp:term":[{"taxonomy":"category","embeddable":true,"href":"https:\/\/lavoiedessansvoix.fr\/lavoie\/wp-json\/wp\/v2\/categories?post=932"},{"taxonomy":"post_tag","embeddable":true,"href":"https:\/\/lavoiedessansvoix.fr\/lavoie\/wp-json\/wp\/v2\/tags?post=932"}],"curies":[{"name":"wp","href":"https:\/\/api.w.org\/{rel}","templated":true}]}}