{"id":929,"date":"2016-07-17T01:54:00","date_gmt":"2016-07-16T23:54:00","guid":{"rendered":"https:\/\/lavoiedessansvoix.fr\/lavoie\/2016\/07\/17\/archive-la-deflagrante-perspicacite-de-francois-hollande\/"},"modified":"2026-04-26T21:46:56","modified_gmt":"2026-04-26T19:46:56","slug":"archive-la-deflagrante-perspicacite-de-francois-hollande","status":"publish","type":"post","link":"https:\/\/lavoiedessansvoix.fr\/lavoie\/2016\/07\/17\/archive-la-deflagrante-perspicacite-de-francois-hollande\/","title":{"rendered":"LA \u00ab D\u00c9FLAGRANTE \u00bb PERSPICACIT\u00c9 DE FRAN\u00c7OIS HOLLANDE"},"content":{"rendered":"<p>LA \u00ab D\u00c9FLAGRANTE \u00bb PERSPICACIT\u00c9 DE FRAN\u00c7OIS HOLLANDE   Interview traditionnelle du chef de l\u2019Etat, 14 juillet 2016. Le d\u00e9fil\u00e9 militaire des champs Elys\u00e9e \u00e9tait plac\u00e9 cette ann\u00e9e sous le signe de la \u00ab s\u00e9curit\u00e9 \u00bb et de la r\u00e9surgence, de commande, du sentiment national. La R\u00e9publique montrait ses muscles, son savoir-faire, \u00ab les terroristes n\u2019avaient qu\u2019\u00e0 bien se tenir. D\u2019ailleurs, le chef de l\u2019Etat, moyennement satisfait de l\u2019effet conjugu\u00e9 \u00ab \u00e9tat d\u2019urgence : Euro de football\u00bb, a cru bon de d\u00e9cocher, goguenard, une \u00ab banderille \u00bb \u00e0 son opposition de droite institutionnelle qui avait annonc\u00e9 le danger des \u00ab Fans zones \u00bb, accusant celle-ci de lui avoir fait une pol\u00e9mique alarmiste et d\u00e9plac\u00e9e ? Or, le soir m\u00eame, \u00e0 peine avait-il termin\u00e9 son propos qu\u2019un poids lourd conduit par une main criminelle, faisait un carnage sur la promenade des anglais, dans la \u00ab Fan-zone \u00bb du feu d\u2019artifice de Nice.  A peine venait-il de dire que l\u2019\u00e9tat d\u2019urgence serait lev\u00e9 au 26 juillet, qu\u2019il se d\u00e9disait en annon\u00e7ant sa prorogation pour trois mois.  Dame ! Quelle perspicacit\u00e9. Et c\u2019est \u00e0 cet aveugle, acari\u00e2tre et obstin\u00e9, que l\u2019on a confi\u00e9 le destin de la France ?    Patrick Seignon. \u00ab lavoiedessansvoix.fr \u00bb. Samedi 16 juillet 2016.<\/p>\n","protected":false},"excerpt":{"rendered":"<p>LA \u00ab D\u00c9FLAGRANTE \u00bb PERSPICACIT\u00c9 DE FRAN\u00c7OIS HOLLANDE Interview traditionnelle du chef de l\u2019Etat, 14 juillet 2016. Le d\u00e9fil\u00e9 militaire [&hellip;]<\/p>\n","protected":false},"author":1,"featured_media":4514,"comment_status":"open","ping_status":"open","sticky":false,"template":"","format":"standard","meta":{"sfsi_plus_gutenberg_text_before_share":"","sfsi_plus_gutenberg_show_text_before_share":"","sfsi_plus_gutenberg_icon_type":"","sfsi_plus_gutenberg_icon_alignemt":"","sfsi_plus_gutenburg_max_per_row":"","site-sidebar-layout":"default","site-content-layout":"","ast-site-content-layout":"default","site-content-style":"default","site-sidebar-style":"default","ast-global-header-display":"","ast-banner-title-visibility":"","ast-main-header-display":"","ast-hfb-above-header-display":"","ast-hfb-below-header-display":"","ast-hfb-mobile-header-display":"","site-post-title":"","ast-breadcrumbs-content":"","ast-featured-img":"","footer-sml-layout":"","ast-disable-related-posts":"","theme-transparent-header-meta":"","adv-header-id-meta":"","stick-header-meta":"","header-above-stick-meta":"","header-main-stick-meta":"","header-below-stick-meta":"","astra-migrate-meta-layouts":"default","ast-page-background-enabled":"default","ast-page-background-meta":{"desktop":{"background-color":"var(--ast-global-color-4)","background-image":"","background-repeat":"repeat","background-position":"center center","background-size":"auto","background-attachment":"scroll","background-type":"","background-media":"","overlay-type":"","overlay-color":"","overlay-opacity":"","overlay-gradient":""},"tablet":{"background-color":"","background-image":"","background-repeat":"repeat","background-position":"center center","background-size":"auto","background-attachment":"scroll","background-type":"","background-media":"","overlay-type":"","overlay-color":"","overlay-opacity":"","overlay-gradient":""},"mobile":{"background-color":"","background-image":"","background-repeat":"repeat","background-position":"center center","background-size":"auto","background-attachment":"scroll","background-type":"","background-media":"","overlay-type":"","overlay-color":"","overlay-opacity":"","overlay-gradient":""}},"ast-content-background-meta":{"desktop":{"background-color":"var(--ast-global-color-5)","background-image":"","background-repeat":"repeat","background-position":"center center","background-size":"auto","background-attachment":"scroll","background-type":"","background-media":"","overlay-type":"","overlay-color":"","overlay-opacity":"","overlay-gradient":""},"tablet":{"background-color":"var(--ast-global-color-5)","background-image":"","background-repeat":"repeat","background-position":"center center","background-size":"auto","background-attachment":"scroll","background-type":"","background-media":"","overlay-type":"","overlay-color":"","overlay-opacity":"","overlay-gradient":""},"mobile":{"background-color":"var(--ast-global-color-5)","background-image":"","background-repeat":"repeat","background-position":"center center","background-size":"auto","background-attachment":"scroll","background-type":"","background-media":"","overlay-type":"","overlay-color":"","overlay-opacity":"","overlay-gradient":""}},"footnotes":""},"categories":[16],"tags":[],"class_list":["post-929","post","type-post","status-publish","format-standard","has-post-thumbnail","hentry","category-archives-cms"],"_links":{"self":[{"href":"https:\/\/lavoiedessansvoix.fr\/lavoie\/wp-json\/wp\/v2\/posts\/929","targetHints":{"allow":["GET"]}}],"collection":[{"href":"https:\/\/lavoiedessansvoix.fr\/lavoie\/wp-json\/wp\/v2\/posts"}],"about":[{"href":"https:\/\/lavoiedessansvoix.fr\/lavoie\/wp-json\/wp\/v2\/types\/post"}],"author":[{"embeddable":true,"href":"https:\/\/lavoiedessansvoix.fr\/lavoie\/wp-json\/wp\/v2\/users\/1"}],"replies":[{"embeddable":true,"href":"https:\/\/lavoiedessansvoix.fr\/lavoie\/wp-json\/wp\/v2\/comments?post=929"}],"version-history":[{"count":1,"href":"https:\/\/lavoiedessansvoix.fr\/lavoie\/wp-json\/wp\/v2\/posts\/929\/revisions"}],"predecessor-version":[{"id":3877,"href":"https:\/\/lavoiedessansvoix.fr\/lavoie\/wp-json\/wp\/v2\/posts\/929\/revisions\/3877"}],"wp:featuredmedia":[{"embeddable":true,"href":"https:\/\/lavoiedessansvoix.fr\/lavoie\/wp-json\/wp\/v2\/media\/4514"}],"wp:attachment":[{"href":"https:\/\/lavoiedessansvoix.fr\/lavoie\/wp-json\/wp\/v2\/media?parent=929"}],"wp:term":[{"taxonomy":"category","embeddable":true,"href":"https:\/\/lavoiedessansvoix.fr\/lavoie\/wp-json\/wp\/v2\/categories?post=929"},{"taxonomy":"post_tag","embeddable":true,"href":"https:\/\/lavoiedessansvoix.fr\/lavoie\/wp-json\/wp\/v2\/tags?post=929"}],"curies":[{"name":"wp","href":"https:\/\/api.w.org\/{rel}","templated":true}]}}