{"id":928,"date":"2016-09-21T08:12:00","date_gmt":"2016-09-21T06:12:00","guid":{"rendered":"https:\/\/lavoiedessansvoix.fr\/lavoie\/2016\/09\/21\/archive-ses-ancetres-les-ostrogoths\/"},"modified":"2026-04-26T21:46:48","modified_gmt":"2026-04-26T19:46:48","slug":"archive-ses-ancetres-les-ostrogoths","status":"publish","type":"post","link":"https:\/\/lavoiedessansvoix.fr\/lavoie\/2016\/09\/21\/archive-ses-ancetres-les-ostrogoths\/","title":{"rendered":"SES ANCETRES LES OSTROGOTHS"},"content":{"rendered":"<p>SES ANC\u00caTRES LES OSTROGOTHS   C\u2019est donc Nicolas Sarkozy qui nous offre l\u2019occasion de cette rentr\u00e9e en ligne. \u00ab L\u2019homme qui avait parait-il chang\u00e9 \u00bb est familier de ces saillies aussi absurdes que non maitris\u00e9. Serait-ce \u00e0 cause de cette filiation historique qu\u2019il nous avoue \u00e0 pr\u00e9sent avec les Gaulois, partie de notre filiation ethnique, qu\u2019il se crut autoris\u00e9 dans le pass\u00e9 \u00e0 l\u00e2cher quelques \u00ab gauloiseries \u00bb ?  Il parait, selon le propos de Monsieur Sarkozy, qu\u2019\u00e0 l\u2019heure o\u00f9 l\u2019on choisit d\u2019\u00eatre fran\u00e7ais nos anc\u00eatres sont les gaulois. Il faut, \u00e0 n\u2019en pas douter, une sacr\u00e9 couche de b\u00eatise pour d\u00e9cr\u00e9ter qu\u2019il est possible \u00e0 la descendance de choisir son ascendance, aux petits enfants d\u2019Abdel Kader de se revendiquer du sang du Duc d\u2019Aumale. Monsieur Sarkozy serait-il l\u2019homme qui est nait avant son p\u00e8re ? Mais ne faut-il aussi pas \u00eatre un ignare complet pour affirmer comme une v\u00e9rit\u00e9 absolue et intangible ce qui n\u2019est qu\u2019un raccourci historique \u00e0 l\u2019usage du \u00ab roman national \u00bb que la troisi\u00e8me R\u00e9publique racontait aux petits-enfants qu\u2019elle s\u2019appr\u00eatait \u00e0 sacrifier en masse sur l\u2019autel de \u00ab sa grande guerre \u00bb ?  Selon un cur\u00e9, professeur au coll\u00e8ge catholique d\u2019Aix en Provence et sp\u00e9cialiste de l\u2019origine des noms propres qui l\u2019avait confi\u00e9 \u00e0 mon p\u00e8re, notre patronyme serait issu de la p\u00e9ninsule ib\u00e9rique. Quelconque \u00ab p\u00e9kin \u00bb qui avait suivi Charlemagne dans sa retraite se serait install\u00e9 en nos contr\u00e9es. Le temps aidant et l\u2019assimilation linguistique, \u00ab Senior \u00bb, Seignor, serait devenu Seignon. Charlemagne ! Avec 13 si\u00e8cles bient\u00f4t, \u00e0 l\u2019\u00e9poque o\u00f9 la cartographie fran\u00e7aise \u00e9tait loin d\u2019\u00eatre r\u00e9duite encore \u00e0 la figure simple d\u2019in hexagone, qui dira que je ne suis pas fran\u00e7ais ? Pourtant d\u00e8s ce temps il est clair que dans la filiation ethnique de ma famille les Ib\u00e8res avaient une part tout aussi grande et non moins honorable que les gaulois. Mon papa \u00e9pousa la fille d\u2019un Italien venu vivre en France dans les ann\u00e9es vingt. Vous voyez pourquoi ? Cette fran\u00e7aise du sol et italienne du sang devint ma m\u00e8re. Voil\u00e0 donc que je peux revendiquer une probable filiation ethnique avec les \u00e9trusques. Mais avec les Romains aussi puisque les italiens ne sont que les descendants de \u00ab leurs anc\u00eatres les Romains \u00bb. Mais aussi parce que la Gaulle conquise par Jules C\u00e9sar les Gaulois ne furent plus jamais tout \u00e0 fait ce qu\u2019ils \u00e9taient et que nos anc\u00eatres v\u00e9ritables sont sans nul doute \u00ab les gallo-romains \u00bb. A moins que \u00e7a ne soit les Huns, les Lombards,  les Francs, les Goths, les Wisigoths ou les Vikings ?  Eh oui, nos anc\u00eatres par-del\u00e0 les images d\u2019Epinal simplifi\u00e9es de la 3\u00e8me R\u00e9publique, ce sont tous ceux-l\u00e0. Et cet enchev\u00eatrement ethnique et historique ne s\u2019est pas arr\u00eat\u00e9 l\u00e0 comme l\u2019on sait. Les choses ne sont simples et simplistes que pour les imb\u00e9ciles. Pas facile de dire aujourd\u2019hui les parts que chacun de nous doit \u00e0 ces filiations multiples.   Pas facile ? Sauf pour Sarkozy. Lui au moins on est s\u00fbr, bien qu\u2019il veuille le cacher en se pr\u00e9tendant fils de gaulois, que ses anc\u00eatres v\u00e9ritables \u00e9taient les ostrogoths.  Et comme s\u2019il n\u2019\u00e9tait pas certain encore d\u2019avoir suffisamment administr\u00e9 ainsi la preuve de sa b\u00eatise crasse L\u2019ancien Pr\u00e9sident de la R\u00e9publique (honte des Fran\u00e7ais et des Gaulois) en ajoute une couche \u00e9paisse. Son p\u00e8re \u00e9tait Hongrois et sa m\u00e8re grecque, mais il n\u2019a pas appris l\u2019histoire de la Gr\u00e8ce ni celle de la Hongrie. Quel homme est-il ce pr\u00e9tendu dirigeant d\u2019une grande Nation dominatrice qui peut justifier ainsi sa vision parcellaire et \u00e9triqu\u00e9e de l\u2019histoire et du monde ? Il n\u2019a pas appris l\u2019histoire de la Hongrie ni celle de la Gr\u00e8ce ? Il y aurait-eu int\u00e9r\u00eat pourtant. Il aurait entendu parler de la r\u00e9volution Socialiste et de Bella Kun, et pour \u00e9craser celle-ci l\u2019av\u00e8nement du l\u2019amiral Horty venu au pouvoir avec l\u2019aide de la mission fran\u00e7aise du g\u00e9n\u00e9ral Berthelot et aussi de la chasse aux jud\u00e9o-communistes entreprise par ce v\u00e9ritable premier r\u00e9gime fasciste de l\u2019espace europ\u00e9en. Il en aurait d\u00e9duit comment et pourquoi il \u00e9tait devenu le fils des gaulois. Mais peut-\u00eatre Sarkozy est-il dans le d\u00e9ni ? Peut-\u00eatre est-ce parce qu\u2019il ne veut ni voir ni savoir, ni assumer les r\u00e9alit\u00e9s de sa filiation r\u00e9elle que Sarkozy s\u2019en est choisi une \u00e0 sa convenance ?  Patrick Seignon. \u00ab lavoiedessansvoix.fr \u00bb. Mercredi 21 septembre 2016.<\/p>\n","protected":false},"excerpt":{"rendered":"<p>SES ANC\u00caTRES LES OSTROGOTHS C\u2019est donc Nicolas Sarkozy qui nous offre l\u2019occasion de cette rentr\u00e9e en ligne. \u00ab L\u2019homme qui [&hellip;]<\/p>\n","protected":false},"author":1,"featured_media":4513,"comment_status":"open","ping_status":"open","sticky":false,"template":"","format":"standard","meta":{"sfsi_plus_gutenberg_text_before_share":"","sfsi_plus_gutenberg_show_text_before_share":"","sfsi_plus_gutenberg_icon_type":"","sfsi_plus_gutenberg_icon_alignemt":"","sfsi_plus_gutenburg_max_per_row":"","site-sidebar-layout":"default","site-content-layout":"","ast-site-content-layout":"default","site-content-style":"default","site-sidebar-style":"default","ast-global-header-display":"","ast-banner-title-visibility":"","ast-main-header-display":"","ast-hfb-above-header-display":"","ast-hfb-below-header-display":"","ast-hfb-mobile-header-display":"","site-post-title":"","ast-breadcrumbs-content":"","ast-featured-img":"","footer-sml-layout":"","ast-disable-related-posts":"","theme-transparent-header-meta":"","adv-header-id-meta":"","stick-header-meta":"","header-above-stick-meta":"","header-main-stick-meta":"","header-below-stick-meta":"","astra-migrate-meta-layouts":"default","ast-page-background-enabled":"default","ast-page-background-meta":{"desktop":{"background-color":"var(--ast-global-color-4)","background-image":"","background-repeat":"repeat","background-position":"center center","background-size":"auto","background-attachment":"scroll","background-type":"","background-media":"","overlay-type":"","overlay-color":"","overlay-opacity":"","overlay-gradient":""},"tablet":{"background-color":"","background-image":"","background-repeat":"repeat","background-position":"center center","background-size":"auto","background-attachment":"scroll","background-type":"","background-media":"","overlay-type":"","overlay-color":"","overlay-opacity":"","overlay-gradient":""},"mobile":{"background-color":"","background-image":"","background-repeat":"repeat","background-position":"center center","background-size":"auto","background-attachment":"scroll","background-type":"","background-media":"","overlay-type":"","overlay-color":"","overlay-opacity":"","overlay-gradient":""}},"ast-content-background-meta":{"desktop":{"background-color":"var(--ast-global-color-5)","background-image":"","background-repeat":"repeat","background-position":"center center","background-size":"auto","background-attachment":"scroll","background-type":"","background-media":"","overlay-type":"","overlay-color":"","overlay-opacity":"","overlay-gradient":""},"tablet":{"background-color":"var(--ast-global-color-5)","background-image":"","background-repeat":"repeat","background-position":"center center","background-size":"auto","background-attachment":"scroll","background-type":"","background-media":"","overlay-type":"","overlay-color":"","overlay-opacity":"","overlay-gradient":""},"mobile":{"background-color":"var(--ast-global-color-5)","background-image":"","background-repeat":"repeat","background-position":"center center","background-size":"auto","background-attachment":"scroll","background-type":"","background-media":"","overlay-type":"","overlay-color":"","overlay-opacity":"","overlay-gradient":""}},"footnotes":""},"categories":[16],"tags":[],"class_list":["post-928","post","type-post","status-publish","format-standard","has-post-thumbnail","hentry","category-archives-cms"],"_links":{"self":[{"href":"https:\/\/lavoiedessansvoix.fr\/lavoie\/wp-json\/wp\/v2\/posts\/928","targetHints":{"allow":["GET"]}}],"collection":[{"href":"https:\/\/lavoiedessansvoix.fr\/lavoie\/wp-json\/wp\/v2\/posts"}],"about":[{"href":"https:\/\/lavoiedessansvoix.fr\/lavoie\/wp-json\/wp\/v2\/types\/post"}],"author":[{"embeddable":true,"href":"https:\/\/lavoiedessansvoix.fr\/lavoie\/wp-json\/wp\/v2\/users\/1"}],"replies":[{"embeddable":true,"href":"https:\/\/lavoiedessansvoix.fr\/lavoie\/wp-json\/wp\/v2\/comments?post=928"}],"version-history":[{"count":1,"href":"https:\/\/lavoiedessansvoix.fr\/lavoie\/wp-json\/wp\/v2\/posts\/928\/revisions"}],"predecessor-version":[{"id":3875,"href":"https:\/\/lavoiedessansvoix.fr\/lavoie\/wp-json\/wp\/v2\/posts\/928\/revisions\/3875"}],"wp:featuredmedia":[{"embeddable":true,"href":"https:\/\/lavoiedessansvoix.fr\/lavoie\/wp-json\/wp\/v2\/media\/4513"}],"wp:attachment":[{"href":"https:\/\/lavoiedessansvoix.fr\/lavoie\/wp-json\/wp\/v2\/media?parent=928"}],"wp:term":[{"taxonomy":"category","embeddable":true,"href":"https:\/\/lavoiedessansvoix.fr\/lavoie\/wp-json\/wp\/v2\/categories?post=928"},{"taxonomy":"post_tag","embeddable":true,"href":"https:\/\/lavoiedessansvoix.fr\/lavoie\/wp-json\/wp\/v2\/tags?post=928"}],"curies":[{"name":"wp","href":"https:\/\/api.w.org\/{rel}","templated":true}]}}