{"id":925,"date":"2016-10-03T07:31:00","date_gmt":"2016-10-03T05:31:00","guid":{"rendered":"https:\/\/lavoiedessansvoix.fr\/lavoie\/2016\/10\/03\/archive-le-clystere\/"},"modified":"2026-04-26T21:46:22","modified_gmt":"2026-04-26T19:46:22","slug":"archive-le-clystere","status":"publish","type":"post","link":"https:\/\/lavoiedessansvoix.fr\/lavoie\/2016\/10\/03\/archive-le-clystere\/","title":{"rendered":"LE CLYST\u00c8RE"},"content":{"rendered":"<p>LE CLYST\u00c8REPetite revue des ignominies de l\u2019\u00e9t\u00e9.  Apr\u00e8s un long silence estival nous avons donc repris la parole il y a peu, inspir\u00e9 par l\u2019inimitable Sarko.  Nous nous taisions en effet. Cela a dur\u00e9 plus d\u2019un mois et demi. Nous suffoquions. Oh, non pas de la chaleur qui est venu bien tard, mais de la d\u00e9ferlante m\u00e9diatique de la mauvaise foi, du mensonge et de l\u2019ignominie. Il eut fallu, nonobstant la \u00ab tr\u00eave estivale \u00bb,  chaque jour plusieurs fois par jour \u00eatre \u00e0 notre clavier pour r\u00e9pondre au coup par coup \u00e0 cette cataracte d\u2019ignominies. Incapable d\u2019une telle assiduit\u00e9 en p\u00e9riode estivale, nous avons choisi de nous taire, partant du principe que trop c\u2019est trop et qu\u2019\u00e0 trop vouloir prouver ils finiraient par prouver le contraire.\u00c9tat d\u2019urgence prorog\u00e9, la France s\u2019installe dans la dictature polici\u00e8re, \u00ab Euro de football \u00bb pol\u00e9mique sur les \u00ab Fan zones \u00bb, nous avions raison se f\u00e9licite Fran\u00e7ois Hollande lors de son allocution du 14 juillet, de ne pas c\u00e9der au chantage alarmiste de la droite, quelques heures avant l\u2019attentat de Nice. C\u2019est fou ce que cet homme serait mieux avis\u00e9 de se taire. \u00c7a y est ! L\u2019\u00e9conomie repart et cr\u00e9e des emplois, L\u2019inversion de la courbe du ch\u00f4mage c\u2019est pour bient\u00f4t, le \u00ab capitaine de p\u00e9dalo \u00bb sera candidat \u00e0 sa propre succession. Or l\u2019on vient d\u2019apprendre il y a quelques jours que les chiffres du ch\u00f4mage en ao\u00fbt \u00e9taient tr\u00e8s mauvais. \u00ab Alep bombard\u00e9e, Alep assi\u00e9g\u00e9e, Alep martyris\u00e9e ! \u00bb Les m\u00e9chants se seraient Bachar et se \u00bbs amis russe. Il faudrait, telle serait la solution \u00ab morale \u00bb selon les occidentaux, qu\u2019ils laissent les cl\u00e9s de la ville et une population de deux millions d\u2019habitants, sous le contr\u00f4le des Djihadistes de Daesh et d\u2019al-Nosra rebaptis\u00e9e pour faire plus propre \u00ab Front fatah el cham \u00bb. Bachar et les Russes s\u2019obstinent ? Alors qu\u2019attendez-vous vous messieurs les occidentaux et vos alli\u00e9s du terrain qui pleurez vos larmes de crocodiles sur le sort des populations civiles, pour l\u00e2cher prise, pour d\u00e9poser les armes, pour mettre fin par votre reddition \u00e0 ce conflit sanglant qui n\u2019existe que de par votre volont\u00e9 et ne se prolonge que par votre faute, aveugle et m\u00e9chante ? Des jeux olympiques \u00e0 Rio, la r\u00e9union des nations par la jeunesse et par le sport, au-del\u00e0 des int\u00e9r\u00eats politiques et \u00e9conomiques ? Mais les jeux Olympiques sont devenus eux-m\u00eames un vaste enjeu \u00e9conomique et politique. L\u2019exclusion d\u2019une grande nation avec les arri\u00e8res pens\u00e9s politiques qui la sous-tendent,  la propagande d\u2019exclusion et de guerre qui suinte dans toute cette affaire. Alors oui, cocorico, nos sportifs et athl\u00e8tes fran\u00e7ais ont fait moisson de m\u00e9dailles. Pour les jeux de Tokyo en 2020, si outre la Russie on excluait la Chine, notre moisson nationale serait encore plus grande. Et si l\u2019on restait entre nous, entre occidentaux, si les jeux Olympiques \u00e9taient r\u00e9serv\u00e9s aux pays membres de l\u2019OTAN ? Et puis le \u00ab Burkini \u00bb ! Imaginez un peu. Un gouvernement de larrons \u00e0 la solde du capital vient d\u2019imposer par la force, \u00e0 coup de menton et d\u2019article 49-3 une \u00ab Loi travail \u00bb que refusait 70 % de la population. Des millions de travailleurs vont bient\u00f4t subir les effets n\u00e9fastes de cette loi qui va g\u00e9n\u00e9raliser l\u2019ins\u00e9curit\u00e9 sociale, et voil\u00e0 que nos m\u00e9dias et le monde politique s\u2019enflamment \u00e0 propos du \u00ab Burkini \u00bb qui serait la n\u00e9gation de la dignit\u00e9 de la femme. Elles n\u2019ont pas le droit, ce doit \u00eatre la loi, sur les plages la d\u00e9nudation est obligatoire. Bon je vous l\u2019avoue bien humblement je pr\u00e9f\u00e8re moi-m\u00eame les femmes nues. De l\u00e0 \u00e0 pr\u00e9tendre que la nudit\u00e9 c\u2019est la d\u00e9fense de la dignit\u00e9 f\u00e9minine et le v\u00eatement son contraire ? Le Burkini est un v\u00eatement nouveaux qui n\u2019a rien \u00e0 voir avec une quelconque tradition islamiste, c\u2019est une tenue qui au d\u00e9but de la tradition des bains de mer auraient probablement convenu \u00e0 nos grands-m\u00e8res peu enclines \u00e0 se d\u00e9v\u00eatir. Au moment des pol\u00e9miques sur le port du voile, nous d\u00e9noncions d\u00e9j\u00e0 cette volont\u00e9 de l\u00e9gif\u00e9rer sur les modes vestimentaires. Ils juraient alors leurs grands Dieux qu\u2019il n\u2019en \u00e9tait rien ? Qu\u2019il s\u2019agissait seulement de s\u2019en prendre \u00e0 un signe religieux ostentatoire. Mais o\u00f9 est donc la fronti\u00e8re exacte entre ce qui rel\u00e8ve de la religion et de ses pr\u00e9ceptes et ce qui rel\u00e8ve des traditions vestimentaires et culturelles d\u2019un peuple ? Interdira-t-on bient\u00f4t les combinaisons de plong\u00e9e parce qu\u2019elles sont des burkinis qui ne disent pas leur nom ?  Et enfin, enfin, le vers de terre. \u00ab Mon camarade vers de terre qui fait le travail \u00e0 ma place. Les mots sont de St\u00e9phane Le Foll ministre de l\u2019agriculture et porte-parole de Fran\u00e7ois Hollande. C\u2019est du travail au noir lui dit le journaliste maitre de l\u2019\u00e9mission. Non, mais du travail souterrain r\u00e9ponds-t-il \u00ab malicieusement \u00bb. S\u2019\u00e9tait une \u00e9mission apr\u00e8s le journal de 13 heures sur France 2 \u00bb qui a retenu mon attention car il y \u00e9tait question d\u2019Agriculture raisonn\u00e9e \u00bb. Depuis les d\u00e9buts de la politique de remembrement dans les ann\u00e9es soixante on a supprim\u00e9 750 000 kilom\u00e8tres de haies. Je reste coi \u00e0 l\u2019\u00e9nonc\u00e9 de ce chiffre faramineux, et tend l\u2019oreille. Des agriculteurs qui ont arr\u00eat\u00e9 \u00ab le labour \u00bb et s\u2019en remettent aux processus biologique naturels pour entretenir la richesse et la fertilit\u00e9 des sols. Bravo, j\u2019approuve, \u00e7a me concerne. Merde ! Le Foll, non, \u00e7a n\u2019est pas une v\u00e9ritable \u00e9mission sur l\u2019agriculture raisonn\u00e9e, c\u2019est une \u00e9mission de propagande gouvernementale, c\u2019est l\u2019instrumentalisation d\u2019un th\u00e8me porteur au profit d\u2019une politique contraire et destructrice. Car St\u00e9phane Le Foll qui se fait l\u00e0 le porte-parole de l\u2019agriculture raisonn\u00e9e, n\u2019est-il pas le ministre de l\u2019agriculture capitaliste d\u00e9raisonnable qui n\u2019a pas \u00e9t\u00e9 capable de d\u00e9fendre les int\u00e9r\u00eats des \u00e9leveurs ? N\u2019est-il pas celui qui autorise la cr\u00e9ation \u00ab d\u2019usine de 1000 vaches \u00bb, n\u2019est-il pas celui qui autorise la culture des OGM ? N\u2019est-il pas celui d\u2019un monde agricole qui se d\u00e9lite avec Un agriculteur qui se suicide chaque jour ? Le camarade vers de terre de St\u00e9phane Le Foll fait le travail \u00e0 sa place, mais o\u00f9, dans quel secteur limit\u00e9 de l\u2019agriculture ? La r\u00e9alit\u00e9 du monde agricole est tout autre. La quasi-totalit\u00e9 des tomates aubergines, courgettes haricots melons et j\u2019en passe, vendus cet \u00e9t\u00e9 au consommateur lambda, n\u2019en a rien \u00e0 cirer du camarade vers de terre  et de la qualit\u00e9 biologique des sols vu qu\u2019elle est cultiv\u00e9 sous serres et hors sol.   Puis cerise sur le g\u00e2teau empoisonn\u00e9 de l\u2019information de l\u2019\u00e9t\u00e9, le refus de la cours d\u2019application des peines de lib\u00e9rer Catherine sauvage et l\u2019indignation cons\u00e9cutive des \u00ab sauvagettes \u00bb qui hurlent au nom de la condition f\u00e9minine. Eva Darlan, une actrice \u00e0 laquelle va habituellement toute ma sympathie se fait la porte-parole de ces Erinyes vengeresses auxquelles la col\u00e8re fait oublier la raison. (Voir notre article de demain)  Et pour clore le tout le clyst\u00e8re. Vous savez bien s\u00fbr ce que c\u2019est qu\u2019un clyst\u00e8re. Un acte m\u00e9dical ancien qui se pratique \u00e0 l\u2019aide d\u2019une \u00ab poire \u00e0 lavement \u00bb. Empoisonnement, indigestion, lourdeur, on vous en d\u00e9barrasse en vous injectant une potion purgative \u00e0 contre-sens. C\u2019est ainsi que fonctionne le syst\u00e8me politique dont ils pr\u00e9tendent qu\u2019il est un mod\u00e8le de d\u00e9mocratie. Le peuple laborieux n\u2019a pas dig\u00e9r\u00e9 la \u00ab loi travail \u00bb, \u00e7a lui p\u00e8se sur l\u2019estomac, \u00e7a l\u2019embarrasse. Un lavement : la potion s\u2019appelle \u00ab primaires \u00bb. Nous voil\u00e0 de force avec les primaires plong\u00e9s 6 mois en avance dans l\u2019\u00e9ch\u00e9ance Pr\u00e9sidentielle. Et toutes et tous font chorus, se mettent de la partie, au diapason, \u00e0 l\u2019unisson. Il y a bien s\u00fbr les \u00ab Maitres \u00bb les hommes et femmes du syst\u00e8me assum\u00e9, les Sarkozy, Jupp\u00e9, Fillon Maire et les autres, les Hollande, Valls et Macron. Mais il y a aussi les dupes, les imb\u00e9ciles et les niais, ceux qui adh\u00e8rent et servent le syst\u00e8me parfois m\u00eame sans en avoir une claire conscience, les Hamon, Montebourg et Filoche. Pas moyen d\u2019y \u00e9chapper. Oubli\u00e9e la mobilisation sociale contre la loi travail. Ceux qui l\u2019\u00e9voquent encore pr\u00e9tendent qu\u2019il faut voter pour eux ou une \u00ab vraie gauche \u00bb ( ?) qui l\u2019abrogeront. Mais pour qui nous prennent-ils donc ? Nous savons bien nous, si eux font semblant de l\u2019ignorer, que cela est un \u00ab syst\u00e8me \u00bb et que ceux qui seront investis, de droite ou de gauche, et surtout celui ou celle qui sera \u00e9lu, seront les candidats ou l\u2019\u00e9lu d\u2019un syst\u00e8me auquel ils ont fait all\u00e9geance et donn\u00e9 toutes garanties et qu\u2019aucun ne reviendra sur la loi travail. La man\u0153uvre, qu\u2019ils en soient conscients ou non, qu\u2019ils soient tout simplement niais ou pire traitre ou imb\u00e9cile, consiste \u00e0 nous demander de troquer la mobilisation sociale contre un vote de dupe. Quand Jupp\u00e9 ou Hollande sera \u00e9lu \u00e0 quoi nous aurait-il servit de voter pour des challengers sans \u00e0-venir qui nous promettez l\u2019abrogation de l\u2019ignoble loi El-Khomri ? Il ne faut pas l\u00e2cher la proie pour l\u2019ombre nous a appris le moraliste. C\u2019est pr\u00e9cis\u00e9ment \u00e0 nous convaincre du contraire que s\u2019emploient toute cette engeance.  Les primaires, cette pratique \u00e9lectorales import\u00e9 des USA, qui a pour but d\u2019occuper l\u2019espace politique afin d\u2019\u00e9vacuer les vrais probl\u00e8mes, et une arnaque et un pi\u00e8ge, c\u2019est un viol, \u00e7a s\u2019apparente \u00e0 de la sodomie. Elles se proposent de nous faire \u00e9vacuer par les voies basses les couleuvres indigestes que l\u2019on nous a fait ingurgiter de force  pr\u00e9c\u00e9demment.  Patrick Seignon. \u00ab lavoiedessansvoix.fr \u00bb. Lundi 3 octobre 2016.<\/p>\n","protected":false},"excerpt":{"rendered":"<p>LE CLYST\u00c8REPetite revue des ignominies de l\u2019\u00e9t\u00e9. Apr\u00e8s un long silence estival nous avons donc repris la parole il y [&hellip;]<\/p>\n","protected":false},"author":1,"featured_media":4510,"comment_status":"open","ping_status":"open","sticky":false,"template":"","format":"standard","meta":{"sfsi_plus_gutenberg_text_before_share":"","sfsi_plus_gutenberg_show_text_before_share":"","sfsi_plus_gutenberg_icon_type":"","sfsi_plus_gutenberg_icon_alignemt":"","sfsi_plus_gutenburg_max_per_row":"","site-sidebar-layout":"default","site-content-layout":"","ast-site-content-layout":"default","site-content-style":"default","site-sidebar-style":"default","ast-global-header-display":"","ast-banner-title-visibility":"","ast-main-header-display":"","ast-hfb-above-header-display":"","ast-hfb-below-header-display":"","ast-hfb-mobile-header-display":"","site-post-title":"","ast-breadcrumbs-content":"","ast-featured-img":"","footer-sml-layout":"","ast-disable-related-posts":"","theme-transparent-header-meta":"","adv-header-id-meta":"","stick-header-meta":"","header-above-stick-meta":"","header-main-stick-meta":"","header-below-stick-meta":"","astra-migrate-meta-layouts":"default","ast-page-background-enabled":"default","ast-page-background-meta":{"desktop":{"background-color":"var(--ast-global-color-4)","background-image":"","background-repeat":"repeat","background-position":"center center","background-size":"auto","background-attachment":"scroll","background-type":"","background-media":"","overlay-type":"","overlay-color":"","overlay-opacity":"","overlay-gradient":""},"tablet":{"background-color":"","background-image":"","background-repeat":"repeat","background-position":"center center","background-size":"auto","background-attachment":"scroll","background-type":"","background-media":"","overlay-type":"","overlay-color":"","overlay-opacity":"","overlay-gradient":""},"mobile":{"background-color":"","background-image":"","background-repeat":"repeat","background-position":"center center","background-size":"auto","background-attachment":"scroll","background-type":"","background-media":"","overlay-type":"","overlay-color":"","overlay-opacity":"","overlay-gradient":""}},"ast-content-background-meta":{"desktop":{"background-color":"var(--ast-global-color-5)","background-image":"","background-repeat":"repeat","background-position":"center center","background-size":"auto","background-attachment":"scroll","background-type":"","background-media":"","overlay-type":"","overlay-color":"","overlay-opacity":"","overlay-gradient":""},"tablet":{"background-color":"var(--ast-global-color-5)","background-image":"","background-repeat":"repeat","background-position":"center center","background-size":"auto","background-attachment":"scroll","background-type":"","background-media":"","overlay-type":"","overlay-color":"","overlay-opacity":"","overlay-gradient":""},"mobile":{"background-color":"var(--ast-global-color-5)","background-image":"","background-repeat":"repeat","background-position":"center center","background-size":"auto","background-attachment":"scroll","background-type":"","background-media":"","overlay-type":"","overlay-color":"","overlay-opacity":"","overlay-gradient":""}},"footnotes":""},"categories":[16],"tags":[],"class_list":["post-925","post","type-post","status-publish","format-standard","has-post-thumbnail","hentry","category-archives-cms"],"_links":{"self":[{"href":"https:\/\/lavoiedessansvoix.fr\/lavoie\/wp-json\/wp\/v2\/posts\/925","targetHints":{"allow":["GET"]}}],"collection":[{"href":"https:\/\/lavoiedessansvoix.fr\/lavoie\/wp-json\/wp\/v2\/posts"}],"about":[{"href":"https:\/\/lavoiedessansvoix.fr\/lavoie\/wp-json\/wp\/v2\/types\/post"}],"author":[{"embeddable":true,"href":"https:\/\/lavoiedessansvoix.fr\/lavoie\/wp-json\/wp\/v2\/users\/1"}],"replies":[{"embeddable":true,"href":"https:\/\/lavoiedessansvoix.fr\/lavoie\/wp-json\/wp\/v2\/comments?post=925"}],"version-history":[{"count":1,"href":"https:\/\/lavoiedessansvoix.fr\/lavoie\/wp-json\/wp\/v2\/posts\/925\/revisions"}],"predecessor-version":[{"id":3869,"href":"https:\/\/lavoiedessansvoix.fr\/lavoie\/wp-json\/wp\/v2\/posts\/925\/revisions\/3869"}],"wp:featuredmedia":[{"embeddable":true,"href":"https:\/\/lavoiedessansvoix.fr\/lavoie\/wp-json\/wp\/v2\/media\/4510"}],"wp:attachment":[{"href":"https:\/\/lavoiedessansvoix.fr\/lavoie\/wp-json\/wp\/v2\/media?parent=925"}],"wp:term":[{"taxonomy":"category","embeddable":true,"href":"https:\/\/lavoiedessansvoix.fr\/lavoie\/wp-json\/wp\/v2\/categories?post=925"},{"taxonomy":"post_tag","embeddable":true,"href":"https:\/\/lavoiedessansvoix.fr\/lavoie\/wp-json\/wp\/v2\/tags?post=925"}],"curies":[{"name":"wp","href":"https:\/\/api.w.org\/{rel}","templated":true}]}}