{"id":922,"date":"2016-10-22T05:39:00","date_gmt":"2016-10-22T03:39:00","guid":{"rendered":"https:\/\/lavoiedessansvoix.fr\/lavoie\/2016\/10\/22\/archive-ca-sent-le-poisson-sous-les-ors-de-la-republique\/"},"modified":"2026-04-26T21:45:53","modified_gmt":"2026-04-26T19:45:53","slug":"archive-ca-sent-le-poisson-sous-les-ors-de-la-republique","status":"publish","type":"post","link":"https:\/\/lavoiedessansvoix.fr\/lavoie\/2016\/10\/22\/archive-ca-sent-le-poisson-sous-les-ors-de-la-republique\/","title":{"rendered":"\u00c7A SENT LE POISSON SOUS LES ORS DE LA R\u00c9PUBLIQUE"},"content":{"rendered":"<p>\u00c7A SENT LE POISSON SOUS LES ORS DE LA R\u00c9PUBLIQUE   Avec l\u2019adoption du quinquennat nos institutions ont voulu passer du mode \u00ab Bonapartiste \u00bb au mode \u00ab Pr\u00e9sidentiel \u00bb. Avec les \u00e9lections successives de Sarkozy et de Hollande, les deux premiers pr\u00e9sidents de son nouvel \u00e2ge, la cinqui\u00e8me R\u00e9publique est en v\u00e9rit\u00e9 entr\u00e9 dans un processus de putr\u00e9faction acc\u00e9l\u00e9r\u00e9e. Oui, \u00e7a sent le poisson sous les ors de la R\u00e9publique.    Origines de la pestilence    Oh ! Nous ne partageons probablement pas grand-chose si ce n\u2019est rien, des opinions politiques de Jean-Fr\u00e9d\u00e9ric Poisson. A cette mauvaise raison nous ne saurions joindre notre voix \u00e0 celles de la meute qui l\u2019assaille. Il est possible que Jean-Fr\u00e9d\u00e9ric Poisson ait des arri\u00e8res pens\u00e9s antis\u00e9mites. Mais ce ne saurait \u00eatre sur ses convictions intimes, que nous ignorons, qu\u2019il faut juger un homme et sa pens\u00e9e, mais sur ses \u00e9crits et ses propos qui en sont l\u2019expression factuelle. Or, dans le propos r\u00e9cent de Monsieur Poisson, qui lui vaut tant d\u2019injures et de r\u00e9criminations, il n\u2019y a rien qui les justifie.     Monsieur Poisson a dit Que Madame Clinton \u00e9tait au service des grands financiers du monde occidental et du lobby sioniste. Il ne s\u2019agit l\u00e0 que d\u2019une r\u00e9alit\u00e9 ind\u00e9niable et gla\u00e7ante dont le monde et nos politiques seraient plus avis\u00e9s de se pr\u00e9occuper plut\u00f4t que de s\u2019ing\u00e9nier \u00e0 la nier.     Le propos de monsieur poisson ne p\u00e8che que par une faiblesse. Il pointe le danger que cette d\u00e9pendance fait courir \u00e0 l\u2019Am\u00e9rique et \u00e0 l\u2019Europe. Mais dans le contexte actuel c\u2019est au monde lui-m\u00eame et \u00e0 l\u2019humanit\u00e9 toute enti\u00e8re que cette d\u00e9pendance et la politique internationale agressive des USA qui en d\u00e9coule, font courir un p\u00e9ril majeur.     Et il faudrait que l\u2019on se taise ? Et il faudrait, comme les poilus de 14, que l\u2019on se laisse conduire \u00e0 une nouvelle apocalypse sans rien dire ?    Car c\u2019est de cela qu\u2019il s\u2019agit en cette affaire et non de pr\u00e9tendus propos antis\u00e9mites. La politique agressive des USA dont la bande des Clinton\/Bush sont les ex\u00e9cutants  est une chose av\u00e9r\u00e9. Le fond antis\u00e9mite des d\u00e9clarations de Jean-Fr\u00e9d\u00e9ric Poisson ne l\u2019est pas. Ce n\u2019est pas du propos de Jean-Fr\u00e9d\u00e9ric Poisson qu\u2019\u00e9mane la pestilence mais bien de l\u2019interpr\u00e9tation qu\u2019on voulu en faire le CRIF les m\u00e9dias et ses pairs en politique.  Nous avons pr\u00e9cis\u00e9 d\u00e8s le d\u00e9but de notre propos que nous ne devions porter de jugement que sur l&rsquo;expression factuelle de la pens\u00e9e que sont les dits et les \u00e9crits, et non sur les convictions intimes que nous ignorons, ou que l&rsquo;on pr\u00eate \u00e0 un homme quel qu&rsquo;il soit. or monsieur Poisson a parl\u00e9 du lobby sioniste et non pas &lsquo;d&rsquo;un quelconque lobby juif\u00a0\u00bb. Alors, comme dans sa phrase il a associ\u00e9 la tr\u00e8s haute finance et le lobby sioniste, ils font semblant d&rsquo;entendre \u00ab\u00a0l&rsquo;argent des juifs\u00a0\u00bb. Mais ce n&rsquo;est pas ce qu&rsquo;a dit monsieur Poisson. Il a parl\u00e9 de l&rsquo;inf\u00e9odation de la candidate \u00e0 l&rsquo;\u00e9lection pr\u00e9sidentielle am\u00e9ricaine \u00e0 la finance et au lobby sioniste. Or ce lobby sioniste n&rsquo;est pas comme furent \u00ab\u00a0les protocoles des sages de Sion\u00a0\u00bb une simple vue de l&rsquo;esprit, c&rsquo;est aux \u00c9tats-Unis une r\u00e9alit\u00e9 bien factuelle qui a pour nom \u00ab\u00a0AIPAC\u00a0\u00bb (American Isra\u00ebl Public Affairs Comettee), le lobby isra\u00e9lien, qui depuis plus de vingt ans d\u00e9j\u00e0, avec les \u00ab\u00a0n\u00e9oconservateurs\u00a0\u00bb (n\u00e9ocons.) impactent la politique internationale des USA.  Mais au-del\u00e0 de cette r\u00e9alit\u00e9 factuelle, il y a une autre. L\u2019affaire a commenc\u00e9 au temps o\u00f9 les blind\u00e9s Isra\u00e9liens du G\u00e9n\u00e9ral Sharon assi\u00e9geaient  Yasser Arafat retranch\u00e9 dans son quartier g\u00e9n\u00e9ral de Ramallah. L\u2019opinion publique Fran\u00e7aise et mondiale, la rue arabe, bruissaient d\u2019une am\u00e8re r\u00e9probation. Alors, afin de se pr\u00e9munir contre les manifestations de contestation et d\u2019hostilit\u00e9, sous l\u2019impulsion d\u2019Ariel Sharon, les dirigeants Isra\u00e9liens et leurs amis de pars le monde, hurl\u00e8rent \u00e0 \u00ab la mont\u00e9e de l\u2019antis\u00e9mitisme \u00bb. Critiquer la politique criminelle de l\u2019Etat d\u2019Isra\u00ebl, s\u2019\u00e9tait de l\u2019antis\u00e9mitisme. Non disaient les opposants : \u00ab Ce que nous critiquons c\u2019est la politique colonialiste sioniste de l\u2019Etat d\u2019Isra\u00ebl \u00bb. Alors les lobbyistes Isra\u00e9liens r\u00e9pondirent qu\u2019il y avait un trait d\u2019\u00e9galit\u00e9 entre antis\u00e9mitisme et antisionisme. L\u2019antisionisme \u00e9tant selon eux  l\u2019antis\u00e9mitisme cach\u00e9 de ceux qui n\u2019avaient pas assez d\u2019audace pour se reconnaitre ouvertement antis\u00e9mites.    Eh bien non ! L\u2019antisionisme ce n\u2019est pas l\u2019antis\u00e9mitisme.     J\u2019ai \u00e9crite en 2001 une brochure intitul\u00e9e \u00ab Des armes pour la Palestine \u00bb, adress\u00e9e \u00e0 monsieur Jacques Chirac le Pr\u00e9sident de la r\u00e9publique fran\u00e7aise de ce temps, dans laquelle je me revendiquais ouvertement \u00ab antisioniste \u00bb. Et dans laquelle d\u2019ailleurs j\u2019abordais cette question du trait d\u2019\u00e9galit\u00e9 que certains tra\u00e7aient d\u00e9j\u00e0 entre antisionisme et antis\u00e9mitisme. Et bien je r\u00e9it\u00e8re aujourd\u2019hui. Je confirme et signe, et nul ne me fera taire autrement que par la mort. Je le dit, je le hurle haut et fort et \u00e0 la cantonade : \u00ab JE SUIS UN ANTISIONISTE ASSUME \u00bb. Bien malin celui qui sera capable de me convaincre qu\u2019\u00e0 cette raison je suis antis\u00e9mite.    Qu\u2019est-ce que l\u2019antis\u00e9mitisme ? D\u2019ailleurs si mal nomm\u00e9 (les arabes musulmans ne sont-ils pas eux-m\u00eames des s\u00e9mites ?) C\u2019est l\u2019ex\u00e9cration ethnique, raciste et religieuse du peuple juif. Or le Sionisme ne d\u00e9signe ni une ethnie, ni une race, ni une religion. Le Sionisme est une doctrine politique  au demeurant fort r\u00e9cente, n\u00e9e \u00e0 la fin du 19\u00e8me et d\u00e9but du 20\u00e8me si\u00e8cle et rest\u00e9e tr\u00e8s minoritaire parmi les juifs eux-m\u00eames. Le sionisme est une doctrine politique ! Comment peut-on vouloir contraindre l\u2019opinion publique mondiale \u00e0 l\u2019acquiescement d\u2019une doctrine politique qui ne devrait concerner en v\u00e9rit\u00e9 que le d\u00e9bat interne du petit peuple Isra\u00e9lien ? Comment peut-on oser d\u00e9nier \u00e0 quiconque le droit de ne pas \u00eatre d\u2019accord ou de critiquer \u00ab une quelconque doctrine politique \u00bb, celle-l\u00e0 ou une autre ?    Nous l\u2019avons dit. En tirant ce trait d\u2019\u00e9galit\u00e9 entre antisionisme et antis\u00e9mitisme, c\u2019est en v\u00e9rit\u00e9 la politique criminelle de l\u2019Etat d\u2019Isra\u00ebl qu\u2019ils nous somment d\u2019approuver, ou \u00e0 tout le moins qu\u2019ils nous interdisent de d\u00e9sapprouver. L\u2019alliance privil\u00e9gi\u00e9e des USA avec Isra\u00ebl, pour ne pas parler de tutelle ce qui serait plus juste, est la pierre angulaire et la justification morale de leur politique h\u00e9g\u00e9monique. Et le monde occidental tout entier est pass\u00e9 sous les fourches caudines de celle-ci. Les USA s\u2019engag\u00e8rent dans la deuxi\u00e8me guerre mondiale avec comme cr\u00e9do celui de \u00ab la libert\u00e9 \u00bb l\u2019Am\u00e9rique \u00e9tait le pays de la \u00ab libert\u00e9 \u00bb. Elle combattait le totalitarisme nazi. Elle combattait ensuite ce qu\u2019ils appelaient le \u00ab totalitarisme communiste \u00bb. Le nouveau cr\u00e9do des USA, chef de file du clan imp\u00e9rialiste occidental, c\u2019est la d\u00e9mocratie (\u00e0 l\u2019am\u00e9ricaine) et la d\u00e9fense inconditionnelle de l\u2019Etat d\u2019Isra\u00ebl. La Shoa, la victimisation du peuple juif, constituerait la justification de l\u2019existence d\u2019Isra\u00ebl et de sa politique colonialiste et agressive et ne souffrirait donc aucune critique au risque de se voir taxer d\u2019antis\u00e9mitisme si ce n\u2019est de n\u00e9gationnisme. En faisant taire la critique de la politique isra\u00e9lienne et donc du sionisme, c\u2019est en v\u00e9rit\u00e9 la politique imp\u00e9rialiste agressive des USA qu\u2019ils entendent ainsi soustraire \u00e0 la critique. C\u2019est, on s\u2019en souvient, au nom de la s\u00e9curit\u00e9 d\u2019Isra\u00ebl que fut justifi\u00e9e la guerre d\u2019Irak en 2003. Interdire la critique du sionisme est donc une d\u00e9marche dictatoriale \u00ab totalitaire \u00bb de la pens\u00e9e politique du temps. Voil\u00e0 pourquoi la France elle-m\u00eame depuis Sarkozy aggrav\u00e9 par Hollande, s\u2019est engag\u00e9e dans cette voie, dans le temps pr\u00e9cis\u00e9ment o\u00f9 elle faisait all\u00e9geance \u00e0 l\u2019oncle Sam.    L\u2019antis\u00e9mitisme est chez-nous un d\u00e9lit condamn\u00e9 par la loi. Vouloir \u00e9tablir une \u00e9galit\u00e9 entre antis\u00e9mitisme et antisionisme c\u2019est donc vouloir criminaliser l\u2019antisionisme. Cela nous venons de le dire affleurait dans les intentions des caciques du monde politique et de l\u2019Etat. Avec \u00ab l\u2019affaire Poisson \u00bb nous venons de franchir une \u00e9tape suppl\u00e9mentaire dans ce processus. Parce que d\u2019une part, l\u2019interpr\u00e9tation qu\u2019on fait ses pairs eux-m\u00eames du propos de Monsieur Poisson montre qu\u2019ils se sont \u00e0 pr\u00e9sent enti\u00e8rement ralli\u00e9s \u00e0 la th\u00e8se selon laquelle antis\u00e9mitisme et antisionisme sont des choses \u00e9quivalentes. D\u2019autre part parce qu\u2019un homme politique est d\u00e9j\u00e0 trait\u00e9 en \u00ab d\u00e9linquant \u00bb somm\u00e9 par \u00ab l\u2019establishment \u00bb et ses pairs de s\u2019excuser, et menac\u00e9 de sanctions.    Un homme est train\u00e9 aux G\u00e9monies, non parce qu\u2019il a tenu des propos antis\u00e9mites av\u00e9r\u00e9s, mais parce qu\u2019il a os\u00e9 nommer clairement la collusion de l\u2019\u00e9quipe dirigeante am\u00e9ricaine avec le lobby Isra\u00e9lien-sioniste. Cette affaire est extr\u00eamement grave, tant du point de vue de la d\u00e9mocratie que de ceux de la libert\u00e9 de conscience et d\u2019expression. C\u2019est pourquoi, quels que soient les d\u00e9saccords que l\u2019on a avec Jean-Fr\u00e9d\u00e9ric Poisson ou les pr\u00e9venances \u00e0 son \u00e9gard, on se doit, nous les penseurs libres les vrais d\u00e9mocrates, les consciences libres de ce monde musel\u00e9, de nous d\u00e9clarer solidaires avec celui-ci. De l\u2019encourager dans l\u2019adversit\u00e9 \u00e0 ne pas rendre raison \u00e0 ses \u00ab juges \u00bb. A rester droit dans ses bottes.     Ce qu\u2019il a dit rel\u00e8ve de la v\u00e9rit\u00e9 et du bon sens. Ce qu\u2019ils ont voulu entendre rel\u00e8ve de la mauvaise foi et de la diffamation    Patrick Seignon. \u00ab lavoiedessansvoix.fr \u00bb. Samedi 22 octobre 2016.<\/p>\n","protected":false},"excerpt":{"rendered":"<p>\u00c7A SENT LE POISSON SOUS LES ORS DE LA R\u00c9PUBLIQUE Avec l\u2019adoption du quinquennat nos institutions ont voulu passer du [&hellip;]<\/p>\n","protected":false},"author":1,"featured_media":4507,"comment_status":"open","ping_status":"open","sticky":false,"template":"","format":"standard","meta":{"sfsi_plus_gutenberg_text_before_share":"","sfsi_plus_gutenberg_show_text_before_share":"","sfsi_plus_gutenberg_icon_type":"","sfsi_plus_gutenberg_icon_alignemt":"","sfsi_plus_gutenburg_max_per_row":"","site-sidebar-layout":"default","site-content-layout":"","ast-site-content-layout":"default","site-content-style":"default","site-sidebar-style":"default","ast-global-header-display":"","ast-banner-title-visibility":"","ast-main-header-display":"","ast-hfb-above-header-display":"","ast-hfb-below-header-display":"","ast-hfb-mobile-header-display":"","site-post-title":"","ast-breadcrumbs-content":"","ast-featured-img":"","footer-sml-layout":"","ast-disable-related-posts":"","theme-transparent-header-meta":"","adv-header-id-meta":"","stick-header-meta":"","header-above-stick-meta":"","header-main-stick-meta":"","header-below-stick-meta":"","astra-migrate-meta-layouts":"default","ast-page-background-enabled":"default","ast-page-background-meta":{"desktop":{"background-color":"var(--ast-global-color-4)","background-image":"","background-repeat":"repeat","background-position":"center center","background-size":"auto","background-attachment":"scroll","background-type":"","background-media":"","overlay-type":"","overlay-color":"","overlay-opacity":"","overlay-gradient":""},"tablet":{"background-color":"","background-image":"","background-repeat":"repeat","background-position":"center center","background-size":"auto","background-attachment":"scroll","background-type":"","background-media":"","overlay-type":"","overlay-color":"","overlay-opacity":"","overlay-gradient":""},"mobile":{"background-color":"","background-image":"","background-repeat":"repeat","background-position":"center center","background-size":"auto","background-attachment":"scroll","background-type":"","background-media":"","overlay-type":"","overlay-color":"","overlay-opacity":"","overlay-gradient":""}},"ast-content-background-meta":{"desktop":{"background-color":"var(--ast-global-color-5)","background-image":"","background-repeat":"repeat","background-position":"center center","background-size":"auto","background-attachment":"scroll","background-type":"","background-media":"","overlay-type":"","overlay-color":"","overlay-opacity":"","overlay-gradient":""},"tablet":{"background-color":"var(--ast-global-color-5)","background-image":"","background-repeat":"repeat","background-position":"center center","background-size":"auto","background-attachment":"scroll","background-type":"","background-media":"","overlay-type":"","overlay-color":"","overlay-opacity":"","overlay-gradient":""},"mobile":{"background-color":"var(--ast-global-color-5)","background-image":"","background-repeat":"repeat","background-position":"center center","background-size":"auto","background-attachment":"scroll","background-type":"","background-media":"","overlay-type":"","overlay-color":"","overlay-opacity":"","overlay-gradient":""}},"footnotes":""},"categories":[16],"tags":[],"class_list":["post-922","post","type-post","status-publish","format-standard","has-post-thumbnail","hentry","category-archives-cms"],"_links":{"self":[{"href":"https:\/\/lavoiedessansvoix.fr\/lavoie\/wp-json\/wp\/v2\/posts\/922","targetHints":{"allow":["GET"]}}],"collection":[{"href":"https:\/\/lavoiedessansvoix.fr\/lavoie\/wp-json\/wp\/v2\/posts"}],"about":[{"href":"https:\/\/lavoiedessansvoix.fr\/lavoie\/wp-json\/wp\/v2\/types\/post"}],"author":[{"embeddable":true,"href":"https:\/\/lavoiedessansvoix.fr\/lavoie\/wp-json\/wp\/v2\/users\/1"}],"replies":[{"embeddable":true,"href":"https:\/\/lavoiedessansvoix.fr\/lavoie\/wp-json\/wp\/v2\/comments?post=922"}],"version-history":[{"count":1,"href":"https:\/\/lavoiedessansvoix.fr\/lavoie\/wp-json\/wp\/v2\/posts\/922\/revisions"}],"predecessor-version":[{"id":3863,"href":"https:\/\/lavoiedessansvoix.fr\/lavoie\/wp-json\/wp\/v2\/posts\/922\/revisions\/3863"}],"wp:featuredmedia":[{"embeddable":true,"href":"https:\/\/lavoiedessansvoix.fr\/lavoie\/wp-json\/wp\/v2\/media\/4507"}],"wp:attachment":[{"href":"https:\/\/lavoiedessansvoix.fr\/lavoie\/wp-json\/wp\/v2\/media?parent=922"}],"wp:term":[{"taxonomy":"category","embeddable":true,"href":"https:\/\/lavoiedessansvoix.fr\/lavoie\/wp-json\/wp\/v2\/categories?post=922"},{"taxonomy":"post_tag","embeddable":true,"href":"https:\/\/lavoiedessansvoix.fr\/lavoie\/wp-json\/wp\/v2\/tags?post=922"}],"curies":[{"name":"wp","href":"https:\/\/api.w.org\/{rel}","templated":true}]}}