{"id":920,"date":"2016-10-27T08:48:00","date_gmt":"2016-10-27T06:48:00","guid":{"rendered":"https:\/\/lavoiedessansvoix.fr\/lavoie\/2016\/10\/27\/archive-faussaire\/"},"modified":"2026-04-26T21:45:35","modified_gmt":"2026-04-26T19:45:35","slug":"archive-faussaire","status":"publish","type":"post","link":"https:\/\/lavoiedessansvoix.fr\/lavoie\/2016\/10\/27\/archive-faussaire\/","title":{"rendered":"FAUSSAIRE"},"content":{"rendered":"<p>FAUSSAIRE   http:\/\/lavoiedessansvoix.fr\/forum\/attachment.php?attachmentid=52&#038;stc=1Baisse spectaculaire des chiffres du ch\u00f4mage. Spectaculaire et \u00e0 point nomm\u00e9. Deuxi\u00e8me moiti\u00e9 d\u2019octobre 2016. En plein dans la pr\u00e8s campagne des \u00e9lections pr\u00e9sidentielles de 2017. Exactement comme il fallait \u00e0 Fran\u00e7ois Hollande qui avait promis l\u2019inversion de la courbe du ch\u00f4mage avant la fin de son mandat. Une inversion sur commande est-on tent\u00e9 de croire. Il est vrai, des chiffres de commande \u00e0 n\u2019en pas douter. Nous sommes une fois de plus les premiers \u00e0 soulever le li\u00e8vre. Mais gageons que cela ne tardera pas \u00e0 transparaitre dans l\u2019information et que les langues vont se d\u00e9lier. Pour afficher de tels r\u00e9sultats ils ont us\u00e9 sans vergogne de deux stratag\u00e8mes. La multiplication des stages de formation et l\u2019explosion du nombre de radiations. C\u2019est du travail de faussaire. Beau travail en effet de ces faussaires de \u00ab gauche \u00bb ! Belle moralit\u00e9 pour cette \u00e9quipe d\u2019escrocs gouvernementaux que de pousser dans le caniveau de l\u2019exclusion sociale des milliers d\u2019hommes et femmes aux pr\u00e9textes les plus b\u00e9nins, et \u00e0 seule fin de justifier la candidature du Pr\u00e9sident de la R\u00e9publique sortant.  Or tout cela sera peine perdue. C\u2019est rat\u00e9 en effet. La pr\u00e9tendue \u00ab inversion \u00bb arrive un livre de confessions et un sondage d\u2019opinion trop tard. Fran\u00e7ois Hollande est cr\u00e9dit\u00e9 de 4 % d\u2019opinions favorables. Il a d\u00e9j\u00e0 perdu \u00e0 ce niveau la qualit\u00e9 de pr\u00e9sident sortant et endoss\u00e9 celle du pr\u00e9sident sorti.  Patrick Seignon. \u00ab lavoiedessansvoix.fr. Jeudi 28 octobre 2016.<\/p>\n","protected":false},"excerpt":{"rendered":"<p>FAUSSAIRE http:\/\/lavoiedessansvoix.fr\/forum\/attachment.php?attachmentid=52&#038;stc=1Baisse spectaculaire des chiffres du ch\u00f4mage. Spectaculaire et \u00e0 point nomm\u00e9. Deuxi\u00e8me moiti\u00e9 d\u2019octobre 2016. En plein dans la [&hellip;]<\/p>\n","protected":false},"author":1,"featured_media":4505,"comment_status":"open","ping_status":"open","sticky":false,"template":"","format":"standard","meta":{"sfsi_plus_gutenberg_text_before_share":"","sfsi_plus_gutenberg_show_text_before_share":"","sfsi_plus_gutenberg_icon_type":"","sfsi_plus_gutenberg_icon_alignemt":"","sfsi_plus_gutenburg_max_per_row":"","site-sidebar-layout":"default","site-content-layout":"","ast-site-content-layout":"default","site-content-style":"default","site-sidebar-style":"default","ast-global-header-display":"","ast-banner-title-visibility":"","ast-main-header-display":"","ast-hfb-above-header-display":"","ast-hfb-below-header-display":"","ast-hfb-mobile-header-display":"","site-post-title":"","ast-breadcrumbs-content":"","ast-featured-img":"","footer-sml-layout":"","ast-disable-related-posts":"","theme-transparent-header-meta":"","adv-header-id-meta":"","stick-header-meta":"","header-above-stick-meta":"","header-main-stick-meta":"","header-below-stick-meta":"","astra-migrate-meta-layouts":"default","ast-page-background-enabled":"default","ast-page-background-meta":{"desktop":{"background-color":"var(--ast-global-color-4)","background-image":"","background-repeat":"repeat","background-position":"center center","background-size":"auto","background-attachment":"scroll","background-type":"","background-media":"","overlay-type":"","overlay-color":"","overlay-opacity":"","overlay-gradient":""},"tablet":{"background-color":"","background-image":"","background-repeat":"repeat","background-position":"center center","background-size":"auto","background-attachment":"scroll","background-type":"","background-media":"","overlay-type":"","overlay-color":"","overlay-opacity":"","overlay-gradient":""},"mobile":{"background-color":"","background-image":"","background-repeat":"repeat","background-position":"center center","background-size":"auto","background-attachment":"scroll","background-type":"","background-media":"","overlay-type":"","overlay-color":"","overlay-opacity":"","overlay-gradient":""}},"ast-content-background-meta":{"desktop":{"background-color":"var(--ast-global-color-5)","background-image":"","background-repeat":"repeat","background-position":"center center","background-size":"auto","background-attachment":"scroll","background-type":"","background-media":"","overlay-type":"","overlay-color":"","overlay-opacity":"","overlay-gradient":""},"tablet":{"background-color":"var(--ast-global-color-5)","background-image":"","background-repeat":"repeat","background-position":"center center","background-size":"auto","background-attachment":"scroll","background-type":"","background-media":"","overlay-type":"","overlay-color":"","overlay-opacity":"","overlay-gradient":""},"mobile":{"background-color":"var(--ast-global-color-5)","background-image":"","background-repeat":"repeat","background-position":"center center","background-size":"auto","background-attachment":"scroll","background-type":"","background-media":"","overlay-type":"","overlay-color":"","overlay-opacity":"","overlay-gradient":""}},"footnotes":""},"categories":[16],"tags":[],"class_list":["post-920","post","type-post","status-publish","format-standard","has-post-thumbnail","hentry","category-archives-cms"],"_links":{"self":[{"href":"https:\/\/lavoiedessansvoix.fr\/lavoie\/wp-json\/wp\/v2\/posts\/920","targetHints":{"allow":["GET"]}}],"collection":[{"href":"https:\/\/lavoiedessansvoix.fr\/lavoie\/wp-json\/wp\/v2\/posts"}],"about":[{"href":"https:\/\/lavoiedessansvoix.fr\/lavoie\/wp-json\/wp\/v2\/types\/post"}],"author":[{"embeddable":true,"href":"https:\/\/lavoiedessansvoix.fr\/lavoie\/wp-json\/wp\/v2\/users\/1"}],"replies":[{"embeddable":true,"href":"https:\/\/lavoiedessansvoix.fr\/lavoie\/wp-json\/wp\/v2\/comments?post=920"}],"version-history":[{"count":1,"href":"https:\/\/lavoiedessansvoix.fr\/lavoie\/wp-json\/wp\/v2\/posts\/920\/revisions"}],"predecessor-version":[{"id":3859,"href":"https:\/\/lavoiedessansvoix.fr\/lavoie\/wp-json\/wp\/v2\/posts\/920\/revisions\/3859"}],"wp:featuredmedia":[{"embeddable":true,"href":"https:\/\/lavoiedessansvoix.fr\/lavoie\/wp-json\/wp\/v2\/media\/4505"}],"wp:attachment":[{"href":"https:\/\/lavoiedessansvoix.fr\/lavoie\/wp-json\/wp\/v2\/media?parent=920"}],"wp:term":[{"taxonomy":"category","embeddable":true,"href":"https:\/\/lavoiedessansvoix.fr\/lavoie\/wp-json\/wp\/v2\/categories?post=920"},{"taxonomy":"post_tag","embeddable":true,"href":"https:\/\/lavoiedessansvoix.fr\/lavoie\/wp-json\/wp\/v2\/tags?post=920"}],"curies":[{"name":"wp","href":"https:\/\/api.w.org\/{rel}","templated":true}]}}