{"id":917,"date":"2016-11-05T09:54:00","date_gmt":"2016-11-05T08:54:00","guid":{"rendered":"https:\/\/lavoiedessansvoix.fr\/lavoie\/2016\/11\/05\/archive-la-peau-de-chagrin-de-la-democratie-discussion-publique-avec-gerard-filoche\/"},"modified":"2026-04-26T21:45:08","modified_gmt":"2026-04-26T19:45:08","slug":"archive-la-peau-de-chagrin-de-la-democratie-discussion-publique-avec-gerard-filoche","status":"publish","type":"post","link":"https:\/\/lavoiedessansvoix.fr\/lavoie\/2016\/11\/05\/archive-la-peau-de-chagrin-de-la-democratie-discussion-publique-avec-gerard-filoche\/","title":{"rendered":"LA PEAU DE CHAGRIN DE LA DEMOCRATIE  DISCUSSION PUBLIQUE AVEC GERARD FILOCHE"},"content":{"rendered":"<p>LA PEAU DE CHAGRIN DE LA D\u00c9MOCRATIE  (DISCUSSION PUBLIQUE AVEC G\u00c9RARD FILOCHE)http:\/\/lavoiedessansvoix.fr\/forum\/attachment.php?attachmentid=55&#038;stc=1   Ceux qui militent pour imposer en France la pratique des \u00ab primaires \u00bb import\u00e9e comme Halloween des \u00c9tats-Unis, surfent sur le \u00ab plus de d\u00e9mocratie \u00bb, que cette pratique apporterait pr\u00e9tendent-ils, dans la vie politique.  Plus de d\u00e9mocratie ?  Mais en quoi l\u2019implication d\u2019une fraction plus ou moins grande de l\u2019\u00e9lectorat dans la s\u00e9lection des deux candidats de l\u2019alternance est-elle garante de plus de d\u00e9mocratie.  Le choix v\u00e9ritable des \u00e9lecteurs se fait au deuxi\u00e8me tour des \u00e9lections pr\u00e9sidentielles. Or ce choix-l\u00e0 n\u2019est d\u00e9j\u00e0 lui-m\u00eame qu\u2019une vaste fumisterie, non pas entre deux politiques, ni entre deux programmes mais entre deux individus. Il n\u2019y a pas de \u00ab programme \u00bb au sens de celui \u00e9labor\u00e9 et soutenu par un parti, mais de simples \u00ab propositions des candidats, qui ne les engagent \u00e0 rien. Le programme du parti quand il existe, on l\u2019a vu avec celui du PS n\u2019engage nullement le Pr\u00e9sident \u00e9lu qui n\u2019en a cure, vu que par la magie du suffrage universel il tient sa l\u00e9gitimit\u00e9 de celui-ci et non du parti. Le Pr\u00e9sident de la cinqui\u00e8me r\u00e9publique est au-dessus des partis. La v\u00e9ritable question sous-jacente aux \u00e9lections pr\u00e9sidentielle est lequel des deux candidats (droite et gauche), du syst\u00e8me,  est le mieux \u00e0 m\u00eame de g\u00e9rer les affaires des m\u00eames patrons, le grand capital et la haute finance, en maintenant la stabilit\u00e9 politique et la coh\u00e9sion sociale. Les diff\u00e9rences entre l\u2019un et l\u2019autre, de droite ou de gauche, sont donc infimes et la plus part du temps artificielles, juste ce qu\u2019il faut pour donner \u00e0 \u00ab la galerie\u2019 l\u2019illusion d\u2019une v\u00e9ritable diff\u00e9rence, d\u2019un authentique combat politique, d\u2019un r\u00e9el choix d\u00e9mocratique. Un th\u00e9\u00e2tre de guignols en v\u00e9rit\u00e9, une vaste foutaise.  L\u2019enjeu affich\u00e9 des primaires consiste \u00e0 donner une caution populaire aux deux candidats \u00ab du syst\u00e8me \u00bb Donner \u00e0 croire aux braves gens que ces deux candidats qui fouleront aux pieds, l\u2019un ou l\u2019autre, leurs int\u00e9r\u00eats et renieront les promesses qu\u2019ils avaient cr\u00fbt entendre, ils les ont s\u00e9lectionn\u00e9 eux-m\u00eames. Foin d\u2019apporter plus de d\u00e9mocrate, les \u00ab primaires \u00bb en v\u00e9rit\u00e9 constitue un stratag\u00e8me totalement anti-d\u00e9mocratique. Tout d\u2019abord parce qu\u2019elle tue la vie politique interne des partis, privant les militants de ceux-ci du contr\u00f4le sur les d\u00e9cisions majeures de leur formation. A quoi sert-il vraiment d\u2019\u00eatre membre d\u2019un parti si les d\u00e9cisions essentielles de celui-ci sont remises au \u00ab vote \u00bb d\u2019un marais populaire ind\u00e9fini ? Cette pratique tue donc le contr\u00f4le des militants ce qui permet \u00e0 quelques individus adoub\u00e9s par quelques grandes \u00e9coles ou corps de s\u2019imposer par d\u2019autres voies et moyens : les connexions plus ou moins occultes avec les centres d\u00e9cisionnels r\u00e9els, le support m\u00e9diatique dont ils b\u00e9n\u00e9ficient, le people \u00bb, etc. Transformant un peu plus  les militants en simple r\u00e9serve de \u00ab petites mains et les partis en partis godillots.  Les \u00e9lections primaires c\u2019est \u00ab l\u2019institutionnalisation \u00bb d\u2019une pratique populiste enti\u00e8rement d\u00e9magogique. Elle flatte le peuple auquel elle pr\u00e9tend donner plus de pouvoir alors qu\u2019en v\u00e9rit\u00e9 elle lui en retire en le court-circuitant et le ridiculisant. Le cas Macron donne une illustration forte \u00e9difiante de cette m\u00e9canique. Ce jeune monsieur est, \u00e0 ce qu\u2019ils en disent, une t\u00eate bien pleine et un esprit brillant. La preuve, il servait bien ses patrons de la Banque Rothschild qui l\u2019ont grassement r\u00e9compens\u00e9 et propuls\u00e9 dans la sph\u00e8re politique. Le peuple l\u2019a t\u2019il choisit ? Non ! On le lui a impos\u00e9. Descendu du ciel de la haute finance, toute une machinerie m\u00e9diatique, \u00ab sondagi\u00e8re \u00bb et people c\u2019est mise en marche pour nous persuader qu\u2019il \u00e9tait l\u2019homme de la situation, le Messie, le sauveur supr\u00eame. Si d\u2019aventure un tel homme \u00e9tait adoub\u00e9 par un quelconque suffrage populaire, qu\u2019elle serait en v\u00e9rit\u00e9 la part dans ce fait du libre choix des \u00e9lecteurs ou celle du diktat du \u00ab syst\u00e8me \u00bb ?  Par la pratique des primaires ils souhaitent saturer la totalit\u00e9 de l\u2019espace politique avec l\u2019\u00e9ch\u00e9ance quinquennale de l\u2019\u00e9lection pr\u00e9sidentielle et de sa pr\u00e9paration, asphyxiant par manque d\u2019oxyg\u00e8ne, tous les autres partis et courants de pens\u00e9e politiques somm\u00e9s ainsi de rentrer dans le rang, ou \u00e0 d\u00e9faut, refoul\u00e9s \u00e0 la marge et condamn\u00e9s, \u00e0 la n\u00e9crose \u00e0 plus ou moins long terme. L\u2019institution \u00ab des primaires \u00bb fonctionne comme une peau de chagrin, dont la cons\u00e9quence ultime ne peut-\u00eatre qu\u2019un cruel d\u00e9ficit de d\u00e9mocratie r\u00e9elle. Il s\u2019agit en fin du compte de r\u00e9duire toute la vie politique nationale, l\u2019espace d\u00e9mocratique, \u00e0 ce choix binaire, aussi idiot qu\u2019inutile, entre deux candidats soigneusement pr\u00e9s\u00e9lectionn\u00e9s par le syst\u00e8me, pour son propre service, et pr\u00e9sent\u00e9s aux \u00e9lecteurs sur un plateau, pr\u00eat \u00e0 voter, comme un choix incontournable.  Ceux donc qui s\u2019adonnent \u00e0 ce jeu, quels qu\u2019ils soient, jouent un r\u00f4le n\u00e9faste contre \u00ab la d\u00e9mocratie et l\u2019investissement politique \u00bb du peuple.   G\u00e9rard Filoche que je connais fort bien depuis presque cinquante ans, auquel je voue malgr\u00e9 tout une amiti\u00e9 sinc\u00e8re, nonobstant ses qualit\u00e9s et son investissement authentique aupr\u00e8s des salari\u00e9s, par son engagement dans ce qu\u2019il appelle des \u00ab Primaires citoyennes ouvertes \u00e0 toute la gauche et aux \u00e9cologistes \u00bb, joue lui aussi, en cette affaire, un r\u00f4le d\u00e9l\u00e9t\u00e8re et dangereux.  Ce que G\u00e9rard Filoche occulte et qui le conduit \u00e0 s\u2019engager, et \u00e0 vouloir nous engager, dans cette voie sans issue des primaires, c\u2019est qu\u2019il s\u2019agit de l\u2019un des dispositifs du \u00ab syst\u00e8me \u00bb, d\u2019une nasse dans laquelle, tels des crabes, on nous invite \u00e0 entrer pour nous mettre d\u00e8s-lors \u00e0 l\u2019enti\u00e8re disposition du p\u00e9cheur propri\u00e9taire du panier.   G\u00e9rard Filoche est de la culture de \u00ab l\u2019unit\u00e9 \u00bb. Et nous le suivrions certainement s\u2019il s\u2019agissait de \u00ab l\u2019unit \u00e9 de classe \u00bb qui fonde \u00e0 l\u2019origine cette culture politique que nous partageons. Mais \u00ab la gauche \u00bb, c\u2019est autre chose. C\u2019est l\u2019unit\u00e9 contre nature des classes laborieuses avec les repr\u00e9sentants d\u2019autres classes dont les int\u00e9r\u00eats sont en exacte opposition avec ceux des travailleurs. Cette r\u00e9alit\u00e9 est intrins\u00e8que \u00e0 la \u00ab gauche \u00bb depuis l\u2019origine en 1972 et surtout depuis la transformation (1981-83) du PS en parti de gouvernement. Si malgr\u00e9 tout \u00ab la gauche \u00bb a fait, trop longtemps, illusion, sa v\u00e9ritable nature est apparue au grand jour ces derniers mois avec l\u2019affirmation sans complexe d\u2019un courant dans le PS qui se disait jusque-l\u00e0 Social-d\u00e9mocrate et s\u2019affirme \u00e0 pr\u00e9sent Social-lib\u00e9ral. Or ce courant est majoritaire et repr\u00e9sente la l\u00e9galit\u00e9 du parti dont il plombe la r\u00e9alit\u00e9.  La \u00ab Gauche \u00bb est un concept politique g\u00e9n\u00e9r\u00e9 par la pratique parlementaire \u00e9lectorale de la vie politique qui a eu pour cons\u00e9quence catastrophique de gommer ces conflits d\u2019int\u00e9r\u00eats fondamentaux et de soumettre les classes laborieuses de la soci\u00e9t\u00e9, \u00e0 un seul int\u00e9r\u00eat, pr\u00e9tendument sup\u00e9rieur car national, en v\u00e9rit\u00e9 celui des exploiteurs, celui du capital et de la finance.  La lutte politique, la restauration r\u00e9elle d\u2019une vie politique d\u00e9mocratique passe donc par la r\u00e9affirmation d\u2019un parti ind\u00e9pendant repr\u00e9sentant v\u00e9ritablement les int\u00e9r\u00eats des travailleurs. Il faut pour cela liquider sans retour le \u00ab concept \u00bb de la gauche qui nous enferme dans le pi\u00e8ge de l\u2019alternance politique et du parti de gouvernement  Qui n\u2019est que le parti du gouvernement des int\u00e9r\u00eats de nos propres adversaires.   Ce n\u2019est pas de \u00ab l\u2019unit\u00e9 de la gauche \u00bb dont les salari\u00e9s et toutes les couches populaires du pays ont besoin. Elle leur a \u00e9t\u00e9 \u00e0 chaque fois un pi\u00e8ge d\u00e9vastateur. C\u2019est au contraire d\u2019un divorce qu\u2019ils ont besoin, de la s\u00e9paration claire entre ceux qui d\u00e9fendent les int\u00e9r\u00eats du capital et ceux qui d\u00e9fendent les int\u00e9r\u00eats des salari\u00e9s et des classes populaires .C\u2019est \u00e0 cette condition que pourra se reconstruire autour d\u2019un programme clair une v\u00e9ritable unit\u00e9 de classe.  Plut\u00f4t que de s\u2019\u00e9puiser en vain \u00e0 restituer la l\u00e9gitimit\u00e9 du concept politique menteur  de \u00ab  la gauche \u00bb que les trois derni\u00e8res d\u00e9cennies ont d\u00e9l\u00e9gitim\u00e9, G\u00e9rard Filoche s\u2019emploierait mieux \u00e0 travailler \u00e0 cette recomposition.  Patrick Seignon. \u00ab lavoiedessansvoix.fr \u00bb  Samedi 5 novembre 2916.<\/p>\n","protected":false},"excerpt":{"rendered":"<p>LA PEAU DE CHAGRIN DE LA D\u00c9MOCRATIE (DISCUSSION PUBLIQUE AVEC G\u00c9RARD FILOCHE)http:\/\/lavoiedessansvoix.fr\/forum\/attachment.php?attachmentid=55&#038;stc=1 Ceux qui militent pour imposer en France la [&hellip;]<\/p>\n","protected":false},"author":1,"featured_media":4502,"comment_status":"open","ping_status":"open","sticky":false,"template":"","format":"standard","meta":{"sfsi_plus_gutenberg_text_before_share":"","sfsi_plus_gutenberg_show_text_before_share":"","sfsi_plus_gutenberg_icon_type":"","sfsi_plus_gutenberg_icon_alignemt":"","sfsi_plus_gutenburg_max_per_row":"","site-sidebar-layout":"default","site-content-layout":"","ast-site-content-layout":"default","site-content-style":"default","site-sidebar-style":"default","ast-global-header-display":"","ast-banner-title-visibility":"","ast-main-header-display":"","ast-hfb-above-header-display":"","ast-hfb-below-header-display":"","ast-hfb-mobile-header-display":"","site-post-title":"","ast-breadcrumbs-content":"","ast-featured-img":"","footer-sml-layout":"","ast-disable-related-posts":"","theme-transparent-header-meta":"","adv-header-id-meta":"","stick-header-meta":"","header-above-stick-meta":"","header-main-stick-meta":"","header-below-stick-meta":"","astra-migrate-meta-layouts":"default","ast-page-background-enabled":"default","ast-page-background-meta":{"desktop":{"background-color":"var(--ast-global-color-4)","background-image":"","background-repeat":"repeat","background-position":"center center","background-size":"auto","background-attachment":"scroll","background-type":"","background-media":"","overlay-type":"","overlay-color":"","overlay-opacity":"","overlay-gradient":""},"tablet":{"background-color":"","background-image":"","background-repeat":"repeat","background-position":"center center","background-size":"auto","background-attachment":"scroll","background-type":"","background-media":"","overlay-type":"","overlay-color":"","overlay-opacity":"","overlay-gradient":""},"mobile":{"background-color":"","background-image":"","background-repeat":"repeat","background-position":"center center","background-size":"auto","background-attachment":"scroll","background-type":"","background-media":"","overlay-type":"","overlay-color":"","overlay-opacity":"","overlay-gradient":""}},"ast-content-background-meta":{"desktop":{"background-color":"var(--ast-global-color-5)","background-image":"","background-repeat":"repeat","background-position":"center center","background-size":"auto","background-attachment":"scroll","background-type":"","background-media":"","overlay-type":"","overlay-color":"","overlay-opacity":"","overlay-gradient":""},"tablet":{"background-color":"var(--ast-global-color-5)","background-image":"","background-repeat":"repeat","background-position":"center center","background-size":"auto","background-attachment":"scroll","background-type":"","background-media":"","overlay-type":"","overlay-color":"","overlay-opacity":"","overlay-gradient":""},"mobile":{"background-color":"var(--ast-global-color-5)","background-image":"","background-repeat":"repeat","background-position":"center center","background-size":"auto","background-attachment":"scroll","background-type":"","background-media":"","overlay-type":"","overlay-color":"","overlay-opacity":"","overlay-gradient":""}},"footnotes":""},"categories":[16],"tags":[],"class_list":["post-917","post","type-post","status-publish","format-standard","has-post-thumbnail","hentry","category-archives-cms"],"_links":{"self":[{"href":"https:\/\/lavoiedessansvoix.fr\/lavoie\/wp-json\/wp\/v2\/posts\/917","targetHints":{"allow":["GET"]}}],"collection":[{"href":"https:\/\/lavoiedessansvoix.fr\/lavoie\/wp-json\/wp\/v2\/posts"}],"about":[{"href":"https:\/\/lavoiedessansvoix.fr\/lavoie\/wp-json\/wp\/v2\/types\/post"}],"author":[{"embeddable":true,"href":"https:\/\/lavoiedessansvoix.fr\/lavoie\/wp-json\/wp\/v2\/users\/1"}],"replies":[{"embeddable":true,"href":"https:\/\/lavoiedessansvoix.fr\/lavoie\/wp-json\/wp\/v2\/comments?post=917"}],"version-history":[{"count":1,"href":"https:\/\/lavoiedessansvoix.fr\/lavoie\/wp-json\/wp\/v2\/posts\/917\/revisions"}],"predecessor-version":[{"id":3853,"href":"https:\/\/lavoiedessansvoix.fr\/lavoie\/wp-json\/wp\/v2\/posts\/917\/revisions\/3853"}],"wp:featuredmedia":[{"embeddable":true,"href":"https:\/\/lavoiedessansvoix.fr\/lavoie\/wp-json\/wp\/v2\/media\/4502"}],"wp:attachment":[{"href":"https:\/\/lavoiedessansvoix.fr\/lavoie\/wp-json\/wp\/v2\/media?parent=917"}],"wp:term":[{"taxonomy":"category","embeddable":true,"href":"https:\/\/lavoiedessansvoix.fr\/lavoie\/wp-json\/wp\/v2\/categories?post=917"},{"taxonomy":"post_tag","embeddable":true,"href":"https:\/\/lavoiedessansvoix.fr\/lavoie\/wp-json\/wp\/v2\/tags?post=917"}],"curies":[{"name":"wp","href":"https:\/\/api.w.org\/{rel}","templated":true}]}}