{"id":915,"date":"2016-11-09T03:37:00","date_gmt":"2016-11-09T02:37:00","guid":{"rendered":"https:\/\/lavoiedessansvoix.fr\/lavoie\/2016\/11\/09\/archive-trump-elu-la-prouesse-de-perspicacite-politique-de-la-voie-des-sans-voix\/"},"modified":"2026-04-26T21:44:47","modified_gmt":"2026-04-26T19:44:47","slug":"archive-trump-elu-la-prouesse-de-perspicacite-politique-de-la-voie-des-sans-voix","status":"publish","type":"post","link":"https:\/\/lavoiedessansvoix.fr\/lavoie\/2016\/11\/09\/archive-trump-elu-la-prouesse-de-perspicacite-politique-de-la-voie-des-sans-voix\/","title":{"rendered":"TRUMP \u00c9LU,  LA PROUESSE DE PERSPICACIT\u00c9 POLITIQUE DE LA VOIE DES SANS VOIX"},"content":{"rendered":"<p>TRUMP \u00c9LU,LA PROUESSE DE PERSPICACIT\u00c9 POLITIQUE DE LA VOIE DES SANS VOIX    8 heures 02, Journal de France Inter : \u00ab c\u2019est un s\u00e9isme qui est  peut-\u00eatre en train de se produire aux \u00c9tats-Unis, un Brexit puissance trois auquel personne dans le monde ne voulait croire. \u00bb  Personne dans le monde ? C\u2019est \u00e9tonnant cette mani\u00e8re outranci\u00e8re qu\u2019ont certains journalistes de prendre \u00ab leur v\u00e9rit\u00e9 \u00bb comme la v\u00e9rit\u00e9 universelle.    Personne dans le monde ne voulait le croire ?  LA VOIE DES SANS VOIX elle, l\u2019avait pourtant pronostiqu\u00e9 dans son article du 28 octobre intitul\u00e9 : \u00a0\u00bb LE PROCHAIN PR\u00c9SIDENT DES \u00c9TATS-UNIS.\u00a0\u00bb    28 octobre, la machine m\u00e9diatique am\u00e9ricaines et occidentale se d\u00e9chainaient contre Donald Trump. Arnold Schwarzenegger, Georges W bush tiraient le tapis sous ses pieds, Robert de Niro l\u2019insultait, les sondages donnaient \u00e0 Hillary Clinton une avance confortable, Barak et Mich\u00e8le Obama se d\u00e9menaient comme de beaux diables pour soutenir la favorite du syst\u00e8me. \u00ab La voie des sans voix \u00bb elle ne s\u2019est pas laiss\u00e9 abuser par les vents mauvais de la prospective politique. Nous l\u2019avions promis dans notre cr\u00e9do, \u00e0 la naissance de notre Site, nous serions la tribune des analyses iconoclastes. Cet \u00e9pisode des \u00e9lections am\u00e9ricaines illustre \u00e0 quel point nous avons tenu le cap, et su garder notre libre arbitre, et notre capacit\u00e9 d\u2019analyses ind\u00e9pendante, malgr\u00e9 la dictature intellectuelle du \u00ab syst\u00e8me \u00bb, l\u2019injonction m\u00e9diatique de prendre pour la v\u00e9rit\u00e9 vrai leur propre v\u00e9rit\u00e9.    Pourquoi avons-nous eut raison et pourquoi se sont-ils tromp\u00e9 ?    Parce que nous \u00e9tions nous dans l\u2019analyse politique objective de la r\u00e9alit\u00e9, et eux dans le combat politique, l\u2019illusion. La distorsion de la r\u00e9alit\u00e9 \u00e0 l\u2019aune de leurs souhaits.    La premi\u00e8re r\u00e8gle pour produire un pronostic politique juste, c\u2019est de ne pas confondre son propre d\u00e9sir avec la r\u00e9alit\u00e9. \u00ab LAVOIEDESSANSVOIX \u00bb a su en maintes occasions et \u00e0 celle-l\u00e0 encore, s\u2019en tenir \u00e0 cette prescription. Nous avons pronostiqu\u00e9 la victoire \u00e9lectorale de Donald Trump, non parce que nous partagions quoique que ce soit avec cet homme-l\u00e0, notre article du 22 f\u00e9vrier 2016, publi\u00e9 dans ces pages : \u00ab D\u00c9MOCRATIE AM\u00c9RICAINE CA \u00ab TRUMP \u00bb ENORMEMENT. \u00bb est l\u00e0 pour en faire foi, mais parce que nous avons voulu ne voir que la r\u00e9alit\u00e9 bien en face.    Patrick Seignon. \u00ab lavoiedessansvoix.fr \u00bb. Mercredi 9 novembre 2016.<\/p>\n","protected":false},"excerpt":{"rendered":"<p>TRUMP \u00c9LU,LA PROUESSE DE PERSPICACIT\u00c9 POLITIQUE DE LA VOIE DES SANS VOIX 8 heures 02, Journal de France Inter : [&hellip;]<\/p>\n","protected":false},"author":1,"featured_media":4500,"comment_status":"open","ping_status":"open","sticky":false,"template":"","format":"standard","meta":{"sfsi_plus_gutenberg_text_before_share":"","sfsi_plus_gutenberg_show_text_before_share":"","sfsi_plus_gutenberg_icon_type":"","sfsi_plus_gutenberg_icon_alignemt":"","sfsi_plus_gutenburg_max_per_row":"","site-sidebar-layout":"default","site-content-layout":"","ast-site-content-layout":"default","site-content-style":"default","site-sidebar-style":"default","ast-global-header-display":"","ast-banner-title-visibility":"","ast-main-header-display":"","ast-hfb-above-header-display":"","ast-hfb-below-header-display":"","ast-hfb-mobile-header-display":"","site-post-title":"","ast-breadcrumbs-content":"","ast-featured-img":"","footer-sml-layout":"","ast-disable-related-posts":"","theme-transparent-header-meta":"","adv-header-id-meta":"","stick-header-meta":"","header-above-stick-meta":"","header-main-stick-meta":"","header-below-stick-meta":"","astra-migrate-meta-layouts":"default","ast-page-background-enabled":"default","ast-page-background-meta":{"desktop":{"background-color":"var(--ast-global-color-4)","background-image":"","background-repeat":"repeat","background-position":"center center","background-size":"auto","background-attachment":"scroll","background-type":"","background-media":"","overlay-type":"","overlay-color":"","overlay-opacity":"","overlay-gradient":""},"tablet":{"background-color":"","background-image":"","background-repeat":"repeat","background-position":"center center","background-size":"auto","background-attachment":"scroll","background-type":"","background-media":"","overlay-type":"","overlay-color":"","overlay-opacity":"","overlay-gradient":""},"mobile":{"background-color":"","background-image":"","background-repeat":"repeat","background-position":"center center","background-size":"auto","background-attachment":"scroll","background-type":"","background-media":"","overlay-type":"","overlay-color":"","overlay-opacity":"","overlay-gradient":""}},"ast-content-background-meta":{"desktop":{"background-color":"var(--ast-global-color-5)","background-image":"","background-repeat":"repeat","background-position":"center center","background-size":"auto","background-attachment":"scroll","background-type":"","background-media":"","overlay-type":"","overlay-color":"","overlay-opacity":"","overlay-gradient":""},"tablet":{"background-color":"var(--ast-global-color-5)","background-image":"","background-repeat":"repeat","background-position":"center center","background-size":"auto","background-attachment":"scroll","background-type":"","background-media":"","overlay-type":"","overlay-color":"","overlay-opacity":"","overlay-gradient":""},"mobile":{"background-color":"var(--ast-global-color-5)","background-image":"","background-repeat":"repeat","background-position":"center center","background-size":"auto","background-attachment":"scroll","background-type":"","background-media":"","overlay-type":"","overlay-color":"","overlay-opacity":"","overlay-gradient":""}},"footnotes":""},"categories":[16],"tags":[],"class_list":["post-915","post","type-post","status-publish","format-standard","has-post-thumbnail","hentry","category-archives-cms"],"_links":{"self":[{"href":"https:\/\/lavoiedessansvoix.fr\/lavoie\/wp-json\/wp\/v2\/posts\/915","targetHints":{"allow":["GET"]}}],"collection":[{"href":"https:\/\/lavoiedessansvoix.fr\/lavoie\/wp-json\/wp\/v2\/posts"}],"about":[{"href":"https:\/\/lavoiedessansvoix.fr\/lavoie\/wp-json\/wp\/v2\/types\/post"}],"author":[{"embeddable":true,"href":"https:\/\/lavoiedessansvoix.fr\/lavoie\/wp-json\/wp\/v2\/users\/1"}],"replies":[{"embeddable":true,"href":"https:\/\/lavoiedessansvoix.fr\/lavoie\/wp-json\/wp\/v2\/comments?post=915"}],"version-history":[{"count":1,"href":"https:\/\/lavoiedessansvoix.fr\/lavoie\/wp-json\/wp\/v2\/posts\/915\/revisions"}],"predecessor-version":[{"id":3849,"href":"https:\/\/lavoiedessansvoix.fr\/lavoie\/wp-json\/wp\/v2\/posts\/915\/revisions\/3849"}],"wp:featuredmedia":[{"embeddable":true,"href":"https:\/\/lavoiedessansvoix.fr\/lavoie\/wp-json\/wp\/v2\/media\/4500"}],"wp:attachment":[{"href":"https:\/\/lavoiedessansvoix.fr\/lavoie\/wp-json\/wp\/v2\/media?parent=915"}],"wp:term":[{"taxonomy":"category","embeddable":true,"href":"https:\/\/lavoiedessansvoix.fr\/lavoie\/wp-json\/wp\/v2\/categories?post=915"},{"taxonomy":"post_tag","embeddable":true,"href":"https:\/\/lavoiedessansvoix.fr\/lavoie\/wp-json\/wp\/v2\/tags?post=915"}],"curies":[{"name":"wp","href":"https:\/\/api.w.org\/{rel}","templated":true}]}}