{"id":912,"date":"2016-11-17T16:14:00","date_gmt":"2016-11-17T15:14:00","guid":{"rendered":"https:\/\/lavoiedessansvoix.fr\/lavoie\/2016\/11\/17\/archive-le-bouffon-de-la-republique\/"},"modified":"2026-04-26T21:44:22","modified_gmt":"2026-04-26T19:44:22","slug":"archive-le-bouffon-de-la-republique","status":"publish","type":"post","link":"https:\/\/lavoiedessansvoix.fr\/lavoie\/2016\/11\/17\/archive-le-bouffon-de-la-republique\/","title":{"rendered":"LE BOUFFON DE LA R\u00c9PUBLIQUE"},"content":{"rendered":"<p>LE BOUFFON DE LA R\u00c9PUBLIQUE http:\/\/lavoiedessansvoix.fr\/forum\/attachment.php?attachmentid=57&#038;stc=1   Manuel Macron a annonc\u00e9 hier, en grande solennit\u00e9, sa candidature \u00e0 la pr\u00e9sidence de la R\u00e9publique.   Le jeune homme se tient lui-m\u00eame en haute estime. Il dit s\u2019adressant \u00e0 nous que son dessein n\u2019est pas de rassembler la gauche ni la droite, mais de rassembler les fran\u00e7ais. Quelle vanit\u00e9 ! Quelle morgue ! Qu\u2019elle pr\u00e9somption ! Voil\u00e0 t\u2019y pas que cet enfant g\u00e2t\u00e9 tout juste sorti couvert d\u2019or des coffres de la Banque Rothschild, nous la joue \u00ab Homme providentiel \u00bb, \u00e0 la De Gaulle : \u00ab la rencontre d\u2019un homme et d\u2019un peuple \u00bb. Oui mais De Gaulle lui avant d\u2019aller \u00e0 la rencontre du peuple avait courtis\u00e9 la providence en se hissant, dans une p\u00e9riode noire de l\u2019histoire, \u00e0 la dignit\u00e9 d\u2019une situation compliqu\u00e9e. Manuel Macron lui s\u2019est signal\u00e9 seulement comme conseiller malencontreux d\u2019un Pr\u00e9sident disqualifi\u00e9 puis comme Ministre des finances, aux propos provocateurs, d\u2019un gouvernement agresseur du peuple.    La candidature de Manuel Macron \u00e0 la Pr\u00e9sidence de la R\u00e9publique est une farce grotesque et ne serait que cela si les grands m\u00e9dias, propri\u00e9t\u00e9 des banques et des grands financiers, ses protecteurs, ne s\u2019\u00e9taient enquit de prouver leur puissance en cr\u00e9ant \u00e0 l\u2019instar de Dieu un \u00ab quelque chose avec du n\u00e9ant \u00bb.    Mais quel est le sens, dans quel buts cette repr\u00e9sentation hilarante ? Pas dans celui d\u2019acc\u00e9der \u00e0 la magistrature supr\u00eame vous l\u2019avez compris. Cela est hors de port\u00e9e, quoiqu\u2019il en dise, des ambitions d\u00e9clar\u00e9es de ce Prom\u00e9th\u00e9e aux petits pieds. Tout juste peut-il se positionner pour des \u00e9ch\u00e9ances avenir dans 10 ou 15 ans.    Ni droite ni gauche, mais elles existent et il n\u2019est pas facile de les annuler. Or \u00e0 droite et \u00e0 gauche et au \u00ab centre m\u00eame \u00bb l\u2019espace politique est occup\u00e9 par des partis et des hommes bien install\u00e9s dans le paysage politique. Alors o\u00f9 donc est le cr\u00e9neau de Manuel Macron. Dans la fable du jeunisme du dynamisme, de la modernit\u00e9, tout juste capable de s\u00e9duire (je voulais dire abuser), une frange d\u2019une certaine jeunesse pr\u00e9somptueuse mais sous-politis\u00e9e et infiniment na\u00efve.     Le jeune loup lui, jure ses grands Dieux qu\u2019il ira jusqu\u2019au bout. Oui mais au bout de quoi. Le bout c\u2019est quand les choses sont fini et ne peuvent aller plus loin. Dans le cas d\u2019esp\u00e8ce ce peut \u00eatre le premier tour des \u00e9lections pr\u00e9sidentielles, mais ce peut-\u00eatre tout autant l\u2019incapacit\u00e9 d\u2019officialiser sa candidature \u00e0 d\u00e9faut de pouvoir r\u00e9unir les 500 signatures.    Certes, il est possible tout de m\u00eame que Manuel Macron, il b\u00e9n\u00e9ficie de puissants soutiens et de la complicit\u00e9 des m\u00e9dias (15 minutes hier soir sur France 2 pour ce non \u00e9v\u00e8nement), r\u00e9ussisse \u00e0 r\u00e9unir les cautions n\u00e9cessaires. Mais dans ce cas, et pour les raisons que nous venons d\u2019exposer, son \u00e9pop\u00e9e s\u2019arr\u00eaterait l\u00e0, au premier tour,  avec un score de 5 % maximum de l\u2019\u00e9lectorat    Jusqu\u2019au bout donc, mais quel bout ? Son bout ne pourrait-il \u00eatre du m\u00eame genre que celui des \u00ab quadras r\u00e9novateurs de la droite \u00bb au temps des ann\u00e9es Mitterrand, dont l\u2019entreprise fit un lamentable Pschitt et dont certains finirent dans la trappe des poubelles de l\u2019histoire ou dans quelque ge\u00f4le*.    Nous l&rsquo;avions d\u00e9j\u00e0 expliqu\u00e9 pour l\u2019essentiel dans un article \u00ab MAIS QU\u2019EST-CE QUE C\u2019EST DONC QUE CETTE MACRONNADE ? \u00bb, paru dans ces pages le 25 avril 2016.  Tout \u00e9tait dit dans cet article. Nous n\u2019allons pas le refaire. Nous vous invitons seulement \u00e0 le lire ou le relire. Nous le publions \u00e0 cette fin en annexe au pr\u00e9sent.    Une seule chose \u00e0 ajouter.   Macron s\u2019\u00e9tant enfin clairement d\u00e9clar\u00e9 on nous ressert l\u2019histoire \u00e9cul\u00e9e d\u2019un pr\u00e9tendu nouveau Brutus. Il aurait donn\u00e9, en d\u00e9clarant sa candidature, un coup de poignard dans le dos de Hollande. Quand bien m\u00eame ce serait le cas il n\u2019encourt pas, par ce geste, les rigueurs de la loi ni la d\u00e9sapprobation de ses contemporains ? Il n\u2019y a pas crime \u00e0 poignarder un cadavre politique. Mais ce n\u2019est pas le cas. L\u2019objectif de la \u00ab macronnade \u00bb c\u2019est de rendre perm\u00e9able la fronti\u00e8re droite\/gauche afin de cr\u00e9er les conditions favorables \u00e0 la migration d\u2019une partie des voix de \u00ab droite \u00bb vers la \u00ab gauche \u00bb. Administrer la preuve qu\u2019il n\u2019y a pas lorsqu\u2019on est un lib\u00e9ral convaincu d\u2019incompatibilit\u00e9 \u00e0 voter \u00ab  \u00e0 gauche \u00bb ( ?) L\u2019objectif c\u2019est de repositionner le partage du corps \u00e9lectoral entre droite et gauche dans la perspective de la recomposition d\u2019une nouvelle gauche qui, \u00e0 l\u2019instar de l\u2019UMP devenu \u00ab Les R\u00e9publicains \u00bb pourrait-elle s\u2019intituler \u00ab les d\u00e9mocrates \u00bb. Telle est la mission politique de Manuel Macron, et non pas la perspective illusoire d\u2019une accession de celui-ci \u00e0 la Pr\u00e9sidence de la r\u00e9publique en 2017  Patrick Seignon. \u00ab lavoiedessansvoix.fr. \u00ab Jeudi 17 novembre 2016.    ANNEXE :    MAIS QU\u2019EST-CE QUE C\u2019EST DONC QUE CETTE MACRONNADE ? \u00bb  Alors que s\u2019ach\u00e8ve la p\u00e9riode des vacances scolaires de p\u00e2ques et que sont annonc\u00e9es plusieurs gr\u00e8ves et la manifestation du 28 avril pour le retrait du projet de \u00ab loi travail \u00bb, alors que de toute \u00e9vidence la grande question du moment est celle de ce projet de loi et de la protestation populaire qu\u2019il suscite, le \u00ab Landernau \u00bb politique s\u2019embrase pour les man\u0153uvres politiciennes aux allures de ballet nuptial, auxquelles se livre un \u00ab dr\u00f4le d\u2019oiseau \u00bb. Mais qu&rsquo;est-ce que c&rsquo;est donc que cette macronnade ?Cela faisait plusieurs jours que je voulais aventurer ma r\u00e9ponse \u00e0 cette question. Je savais que le ballet durerai plusieurs jours et n\u2019avais pas lieu de me pr\u00e9cipiter, je pr\u00e9f\u00e9rais attendre une accumulation suffisantes de mat\u00e9riaux. Or, il advient parfois que \u00ab le temps nous rend bien le temps qu\u2019on lui accorde. L\u2019actualit\u00e9, d\u2019autres intervenants vous soufflent des id\u00e9es pertinentes, une approche diff\u00e9rente. J\u2019aurais pu prendre le risque d\u2019aborder le sujet avec fadeur. Mais le com\u00e9dien Philippe Torreton, entendu un r\u00e9cent matin \u00e0 9heures 13 sur \u00ab France-Inter \u00bb m\u2019a offert un point d\u2019accroche inattendu et tout aussi plaisant qu\u2019il m\u2019apparait pertinent, tout \u00e0 fait conforme \u00e0 ce qui \u00e9tais mon point de vue et dont je voulais vous entretenir.L\u2019animateur lui demandait : \u00ab Et vous, est-ce que \u00e7a vous parle Macron en Brutus ? \u00bb A quoi il r\u00e9pondit du tac au tac, \u00ab non, d\u2019abord \u00e0 cause du langage, mais surtout parce que j\u2019ai l\u2019impression, je suis m\u00eame s\u00fbr, d\u2019assister \u00e0 une com\u00e9die, un jeu de r\u00f4le o\u00f9 Macron est l\u00e0 pour regonfler les rangs et se rallier en d\u00e9finitive au panache blanc de Fran\u00e7ois Hollande \u00bb.Eh oui Philippe Torreton a tout dit du sens de cette \u00ab macronnade \u00bb. Non pas un drame shakespearien, mais une pantalonnade, de la \u00ab commedia dell\u2019arte \u00bb. Je n\u2019ai rien \u00e0 ajouter, sinon pour en expliquer le sens et les finalit\u00e9s politiques.Il s\u2019agit des al\u00e9as d\u2019une mutation politique, celle du Parti Socialiste, lointain h\u00e9ritier de la 2\u00e8me internationale, en parti \u00ab d\u00e9mocrate \u00e0 l\u2019am\u00e9ricaine \u00bb. Loin des pr\u00e9cautions s\u00e9mantiques, il y a de v\u00e9ritables enjeux Politiques majeurs l\u00e0-dessous. La question est li\u00e9e au r\u00e9gime du \u00ab bipartisme \u00bb voulu par les acteurs politiques et \u00e0 la bipolarisation croissante de la vie politique qui en r\u00e9sulte, et l\u2019effacement de tous liens de classes ou sociaux professionnels dans la composition des \u00e9lectorats respectifs des deux partis de l\u2019alternance.En fait cette question est celle d\u2019un \u00ab repositionnement \u00e9lectoral. Ce n\u2019est pas loin s\u2019en faut d\u2019aujourd\u2019hui qu\u2019elle se pose. Elle \u00e9tait apparue d\u00e9j\u00e0 dans les ann\u00e9es 80 pilot\u00e9 en sous-main par Fran\u00e7ois Mitterrand. Il y eut d\u2019abord ce que l\u2019on appela en ce temps \u00ab l\u2019initiative des deux Faure \u00bb, puis celle-ci ayant fait long feu, un peu apr\u00e8s, la liste \u00ab ERE \u00bb aux \u00e9lections europ\u00e9ennes de 1984, conduite par Fran\u00e7ois Doubin, Olivier Stirn et Brice Lalonde, qui n\u2019eut gu\u00e8re plus de succ\u00e8s. La gauche ayant trahit (Rigueur, liquidation de la sid\u00e9rurgie, restructuration du secteur automobile, etc.) se trouvait en pleine d\u00e9confiture \u00e9lectorale, perdant de nombreux \u00e9lecteurs \u00e0 \u00ab sa gauche \u00bb en particulier chez les ouvriers. Il fallait regagner \u00ab au centre \u00bb les voix perdues \u00e0 gauche, afin de garder au PS sa position \u00e9lectorale strat\u00e9gique. J\u2019exposais cela en 1986 dans ma brochure : \u00ab Social Bonapartisme et Classe ouvri\u00e8re \u00bb. Nous sommes \u00e0 pr\u00e9sent dans une situation \u00e9quivalente. Fran\u00e7ois Hollande sait que le PS sera \u00e9lectoralement durement impact\u00e9 par le tournant \u00ab Social-lib\u00e9ral \u00bb d\u00e9complex\u00e9 qu\u2019il a imprim\u00e9 avec ses acolytes Valls et Macron. Alors il s\u2019est mis en qu\u00eate d\u2019un recentrage \u00e9lectoral de nature \u00e0 maintenir la cr\u00e9dibilit\u00e9 de ce parti et son r\u00f4le leader. On a vu plus r\u00e9cemment, appel de Fran\u00e7ois Bayrou \u00e0 voter Hollande en 2012, que \u00ab le centre \u00bb politique, qui est en v\u00e9rit\u00e9 pluriel, pouvait se partager entre \u00ab la droite \u00bb et la \u00ab gauche \u00bb sous l\u2019effet de la bipolarisation croissante de la vie politique, dont l\u2019\u00e9lection pr\u00e9sidentielle est l\u2019expression la plus aboutie. Il s\u2019agit donc en quelque sorte de redessiner la carte \u00e9lectorale de la France en d\u00e9pla\u00e7ant vers la droite la ligne de s\u00e9paration entre \u00ab droite et gauche \u00bb afin de compenser au moins partiellement les pertes \u00e9lectorales \u00e0 gauche.Macron dans cette affaire n\u2019est que le charg\u00e9 de mission du Pr\u00e9sident de la r\u00e9publique. Son profil de jeune loup de la finance et de requin anti-ouvrier aux dents longues est id\u00e9al pour s\u00e9duire une partie au moins de la client\u00e8le \u00e9lectorale du centre.  Patrick Seignon. \u00ab lavoiedessansvoix.fr \u00bb. Mardi 25 avril 2016.    * (Notes) \u00ab les quadras des ann\u00e9es Mitterrand :   Pour le RPR, aux c\u00f4t\u00e9s de Philippe S\u00e9guin, il y avait Michel Noir (44 ans), ancien ministre, qui venait d\u2019\u00eatre largement \u00e9lu maire de Lyon face au maire sortant Francisque Collomb (Raymond Barre ne fut m\u00eame pas \u00e9lu conseiller municipal) et face \u00e0 Charles Hernu, Alain Carignon (40 ans), ancien ministre, pr\u00e9sident du Conseil g\u00e9n\u00e9ral de l\u2019Is\u00e8re et r\u00e9\u00e9lu brillamment maire de Grenoble, ville qui avait pourtant vot\u00e9 Mitterrand en 1988, Michel Barnier (38 ans), pr\u00e9sident du Conseil g\u00e9n\u00e9ral de Savoie depuis l\u2019\u00e2ge de 31 ans (pr\u00e9parant les jeux olympiques d\u2019Albertville pour 1992), \u00c9tienne Pinte (50 ans), adjoint et futur maire de Versailles, et\u2026 Fran\u00e7ois Fillon (35 ans) \u00e9lu \u00e0 l\u2019Assembl\u00e9e Nationale d\u00e8s l\u2019\u00e2ge de 27 ans. Le choix des r\u00e9novateurs RPR \u00e9tait principalement guid\u00e9 par Philippe S\u00e9guin qui avait plac\u00e9 au moins deux s\u00e9guinistes notoires avec Fran\u00e7ois Fillon et \u00c9tienne Pinte.Chez les centristes, aux c\u00f4t\u00e9s de Fran\u00e7ois Bayrou, il y avait Bernard Bosson (41 ans), ancien ministre, r\u00e9\u00e9lu maire d\u2019Annecy et espoir d\u00e9\u00e7u du CDS et Dominique Baudis (41 ans), r\u00e9\u00e9lu maire de Toulouse et tr\u00e8s populaire pr\u00e9sident du Conseil r\u00e9gional de Midi-Pyr\u00e9n\u00e9es. Ces trois jeunes personnalit\u00e9s se faisaient d\u2019ailleurs appeler \u00ab\u00a0les trois B\u00a0\u00bb pour remplacer la direction du CDS (Centre des d\u00e9mocrates sociaux) occup\u00e9e essentiellement par un autre trio, Pierre M\u00e9haignerie, Jacques Barrot et Bernard Stasi.Enfin, du c\u00f4t\u00e9 du Parti r\u00e9publicain, des seconds couteaux : Philippe de Villiers (40 ans), ancien ministre, pr\u00e9sident du Conseil g\u00e9n\u00e9ral de Vend\u00e9e, Fran\u00e7ois d\u2019Aubert (45 ans) et Charles Millon (43 ans), jeune pr\u00e9sident du Conseil r\u00e9gional de Rh\u00f4ne-Alpes depuis 1988.  (Agoravox \u00bb)<\/p>\n","protected":false},"excerpt":{"rendered":"<p>LE BOUFFON DE LA R\u00c9PUBLIQUE http:\/\/lavoiedessansvoix.fr\/forum\/attachment.php?attachmentid=57&#038;stc=1 Manuel Macron a annonc\u00e9 hier, en grande solennit\u00e9, sa candidature \u00e0 la pr\u00e9sidence de [&hellip;]<\/p>\n","protected":false},"author":1,"featured_media":4497,"comment_status":"open","ping_status":"open","sticky":false,"template":"","format":"standard","meta":{"sfsi_plus_gutenberg_text_before_share":"","sfsi_plus_gutenberg_show_text_before_share":"","sfsi_plus_gutenberg_icon_type":"","sfsi_plus_gutenberg_icon_alignemt":"","sfsi_plus_gutenburg_max_per_row":"","site-sidebar-layout":"default","site-content-layout":"","ast-site-content-layout":"default","site-content-style":"default","site-sidebar-style":"default","ast-global-header-display":"","ast-banner-title-visibility":"","ast-main-header-display":"","ast-hfb-above-header-display":"","ast-hfb-below-header-display":"","ast-hfb-mobile-header-display":"","site-post-title":"","ast-breadcrumbs-content":"","ast-featured-img":"","footer-sml-layout":"","ast-disable-related-posts":"","theme-transparent-header-meta":"","adv-header-id-meta":"","stick-header-meta":"","header-above-stick-meta":"","header-main-stick-meta":"","header-below-stick-meta":"","astra-migrate-meta-layouts":"default","ast-page-background-enabled":"default","ast-page-background-meta":{"desktop":{"background-color":"var(--ast-global-color-4)","background-image":"","background-repeat":"repeat","background-position":"center center","background-size":"auto","background-attachment":"scroll","background-type":"","background-media":"","overlay-type":"","overlay-color":"","overlay-opacity":"","overlay-gradient":""},"tablet":{"background-color":"","background-image":"","background-repeat":"repeat","background-position":"center center","background-size":"auto","background-attachment":"scroll","background-type":"","background-media":"","overlay-type":"","overlay-color":"","overlay-opacity":"","overlay-gradient":""},"mobile":{"background-color":"","background-image":"","background-repeat":"repeat","background-position":"center center","background-size":"auto","background-attachment":"scroll","background-type":"","background-media":"","overlay-type":"","overlay-color":"","overlay-opacity":"","overlay-gradient":""}},"ast-content-background-meta":{"desktop":{"background-color":"var(--ast-global-color-5)","background-image":"","background-repeat":"repeat","background-position":"center center","background-size":"auto","background-attachment":"scroll","background-type":"","background-media":"","overlay-type":"","overlay-color":"","overlay-opacity":"","overlay-gradient":""},"tablet":{"background-color":"var(--ast-global-color-5)","background-image":"","background-repeat":"repeat","background-position":"center center","background-size":"auto","background-attachment":"scroll","background-type":"","background-media":"","overlay-type":"","overlay-color":"","overlay-opacity":"","overlay-gradient":""},"mobile":{"background-color":"var(--ast-global-color-5)","background-image":"","background-repeat":"repeat","background-position":"center center","background-size":"auto","background-attachment":"scroll","background-type":"","background-media":"","overlay-type":"","overlay-color":"","overlay-opacity":"","overlay-gradient":""}},"footnotes":""},"categories":[16],"tags":[],"class_list":["post-912","post","type-post","status-publish","format-standard","has-post-thumbnail","hentry","category-archives-cms"],"_links":{"self":[{"href":"https:\/\/lavoiedessansvoix.fr\/lavoie\/wp-json\/wp\/v2\/posts\/912","targetHints":{"allow":["GET"]}}],"collection":[{"href":"https:\/\/lavoiedessansvoix.fr\/lavoie\/wp-json\/wp\/v2\/posts"}],"about":[{"href":"https:\/\/lavoiedessansvoix.fr\/lavoie\/wp-json\/wp\/v2\/types\/post"}],"author":[{"embeddable":true,"href":"https:\/\/lavoiedessansvoix.fr\/lavoie\/wp-json\/wp\/v2\/users\/1"}],"replies":[{"embeddable":true,"href":"https:\/\/lavoiedessansvoix.fr\/lavoie\/wp-json\/wp\/v2\/comments?post=912"}],"version-history":[{"count":1,"href":"https:\/\/lavoiedessansvoix.fr\/lavoie\/wp-json\/wp\/v2\/posts\/912\/revisions"}],"predecessor-version":[{"id":3843,"href":"https:\/\/lavoiedessansvoix.fr\/lavoie\/wp-json\/wp\/v2\/posts\/912\/revisions\/3843"}],"wp:featuredmedia":[{"embeddable":true,"href":"https:\/\/lavoiedessansvoix.fr\/lavoie\/wp-json\/wp\/v2\/media\/4497"}],"wp:attachment":[{"href":"https:\/\/lavoiedessansvoix.fr\/lavoie\/wp-json\/wp\/v2\/media?parent=912"}],"wp:term":[{"taxonomy":"category","embeddable":true,"href":"https:\/\/lavoiedessansvoix.fr\/lavoie\/wp-json\/wp\/v2\/categories?post=912"},{"taxonomy":"post_tag","embeddable":true,"href":"https:\/\/lavoiedessansvoix.fr\/lavoie\/wp-json\/wp\/v2\/tags?post=912"}],"curies":[{"name":"wp","href":"https:\/\/api.w.org\/{rel}","templated":true}]}}