{"id":908,"date":"2016-11-22T01:45:00","date_gmt":"2016-11-22T00:45:00","guid":{"rendered":"https:\/\/lavoiedessansvoix.fr\/lavoie\/2016\/11\/22\/archive-trump-sans-les-outrances-de-langage\/"},"modified":"2026-04-26T21:43:45","modified_gmt":"2026-04-26T19:43:45","slug":"archive-trump-sans-les-outrances-de-langage","status":"publish","type":"post","link":"https:\/\/lavoiedessansvoix.fr\/lavoie\/2016\/11\/22\/archive-trump-sans-les-outrances-de-langage\/","title":{"rendered":"TRUMP  SANS LES OUTRANCES DE LANGAGE"},"content":{"rendered":"<p>TRUMP ?   http:\/\/lavoiedessansvoix.fr\/forum\/attachment.php?attachmentid=58&#038;stc=1SANS LES OUTRANCES DE LANGAGEDepuis la victoire, surprise pour lui, de Donald Trump aux USA, notre monde politique est en \u00e9bullition. Certes il y a les obstin\u00e9es qui s\u2019ing\u00e9nient \u00e0 insulter le nouveau Pr\u00e9sident Am\u00e9ricain, cet idiot pris \u00e0 son propre jeu, qui ne saurai pas trop quoi faire du pouvoir qui lui \u00e9choit. Mais il y a les autres, tous ces menteurs, ces parler-faux, ces langues de bois, qui d\u00e9couvrent les vertus de ce qu\u2019ils identifient au \u00ab parler vrai \u00bb.  Sarkozy qui imaginait avoir une relation privil\u00e9gi\u00e9e avec \u00ab le vrai peuple \u00bb, a v\u00e9cu l\u2019\u00e9lection de monsieur Trump comme une r\u00e9v\u00e9lation. Apr\u00e8s les anc\u00eatres gaulois de Mohamed et la double ration de frites pour les \u00ab boude-porc \u00bb il nous aurait fait entendre ce que c\u2019\u00e9tait \u00e0 son sens que le parler-vrai, qu\u2019il a de tout temps confondu avec l\u2019outrance et la grossi\u00e8ret\u00e9. Il s\u2019appr\u00eatait, d\u00e9rapages \u00e0 l\u2019appui, \u00e0 se \u00ab trump\u00e9tiser \u00bb quand le destin en a d\u00e9cid\u00e9 autrement, quand les \u00e9lecteurs de droite tout de m\u00eame, moins primaires que lui, ont jug\u00e9 bon de nous \u00e9pargner de nouvelles horreurs en mettant un terme \u00e0 sa carri\u00e8re.  Puis il y a Marine Le Pen qui se sent des proximit\u00e9s de bonne augure avec Donald Trump \u2013 d\u00e9nonciation des \u00e9lites et du syst\u00e8me, \u00e9coute des plaintes du peuple, d\u00e9sescalade des tensions avec la Russie, etc., &#8211; et en d\u00e9duit une tendance \u00bb politique de fond annonciatrice \u00e0 son sens de sa possible prochaine victoire.  Mais le vrai \u00ab Trump Fran\u00e7ais \u00bb les outrances langagi\u00e8res en moins, est d\u00e9j\u00e0 l\u00e0, les a tous \u00ab grill\u00e9 \u00bb, et c\u2019est celui qu\u2019on attendait le moins.  Il est apparu dimanche sortant de la bouteille des primaires, orn\u00e9 de l\u2019aura d\u2019une large victoire. Mais pourquoi donc ? Qui a ouvert la bouteille ? Quel imprudent Aladin a invoqu\u00e9 ce G\u00e9nie malfaisant ? Ce sont ceux qui ont op\u00e9r\u00e9 le glissement \u00e0 droite de ce que l\u2019on persiste encore \u00e0 appeler \u00ab la Gauche \u00bb. Ce sont eux qui ont induit et l\u00e9gitim\u00e9 la droitisation g\u00e9n\u00e9rale de la politique fran\u00e7aise, \u00e0 tel point que les Fran\u00e7ais aurons peut-\u00eatre en 2017 l\u2019insigne privil\u00e8ge tellement d\u00e9mocratique de choisir entre \u00ab l\u2019extr\u00eame droite \u00bb et la \u00ab Droite extr\u00eame.    Notre Trump \u00e0 nous est poli et lisse comme un bourgeois de province. Pour autant, est-il vraiment moins outrancier que son alter-ego US ? Non bien s\u00fbr. Sous le calme, l\u2019onctuosit\u00e9 et le s\u00e9rieux appliqu\u00e9, Fran\u00e7ois Fillon s\u2019adonne \u00e0 d\u2019autres sortes d\u2019outrances, bien pires et bien plus inqui\u00e9tantes pour les fran\u00e7ais.   Les outrances de Monsieur Fran\u00e7ois Fillon sont dans ses intentions programmatiques : 500 000 fonctionnaires en moins, 110 milliards d\u2019euros de r\u00e9duction des d\u00e9penses fiscales et j\u2019en passe.   On nous rebat les oreilles du danger d\u2019accession au pouvoir de Marine Le Pen., qu\u2019il convient de conjurer. Mais on se laisse surprendre par un danger \u00e9quivalent au sens des classes laborieuses de ce pays pour qui les calamit\u00e9s promises par les orientations de Monsieur Fillon ne sont pas moins grandes ?   Patrick Seignon. \u00ab lavoiedessansvoix.fr\u2019. Mardi 22 novembre 2016.<\/p>\n","protected":false},"excerpt":{"rendered":"<p>TRUMP ? http:\/\/lavoiedessansvoix.fr\/forum\/attachment.php?attachmentid=58&#038;stc=1SANS LES OUTRANCES DE LANGAGEDepuis la victoire, surprise pour lui, de Donald Trump aux USA, notre monde politique [&hellip;]<\/p>\n","protected":false},"author":1,"featured_media":4493,"comment_status":"open","ping_status":"open","sticky":false,"template":"","format":"standard","meta":{"sfsi_plus_gutenberg_text_before_share":"","sfsi_plus_gutenberg_show_text_before_share":"","sfsi_plus_gutenberg_icon_type":"","sfsi_plus_gutenberg_icon_alignemt":"","sfsi_plus_gutenburg_max_per_row":"","site-sidebar-layout":"default","site-content-layout":"","ast-site-content-layout":"default","site-content-style":"default","site-sidebar-style":"default","ast-global-header-display":"","ast-banner-title-visibility":"","ast-main-header-display":"","ast-hfb-above-header-display":"","ast-hfb-below-header-display":"","ast-hfb-mobile-header-display":"","site-post-title":"","ast-breadcrumbs-content":"","ast-featured-img":"","footer-sml-layout":"","ast-disable-related-posts":"","theme-transparent-header-meta":"","adv-header-id-meta":"","stick-header-meta":"","header-above-stick-meta":"","header-main-stick-meta":"","header-below-stick-meta":"","astra-migrate-meta-layouts":"default","ast-page-background-enabled":"default","ast-page-background-meta":{"desktop":{"background-color":"var(--ast-global-color-4)","background-image":"","background-repeat":"repeat","background-position":"center center","background-size":"auto","background-attachment":"scroll","background-type":"","background-media":"","overlay-type":"","overlay-color":"","overlay-opacity":"","overlay-gradient":""},"tablet":{"background-color":"","background-image":"","background-repeat":"repeat","background-position":"center center","background-size":"auto","background-attachment":"scroll","background-type":"","background-media":"","overlay-type":"","overlay-color":"","overlay-opacity":"","overlay-gradient":""},"mobile":{"background-color":"","background-image":"","background-repeat":"repeat","background-position":"center center","background-size":"auto","background-attachment":"scroll","background-type":"","background-media":"","overlay-type":"","overlay-color":"","overlay-opacity":"","overlay-gradient":""}},"ast-content-background-meta":{"desktop":{"background-color":"var(--ast-global-color-5)","background-image":"","background-repeat":"repeat","background-position":"center center","background-size":"auto","background-attachment":"scroll","background-type":"","background-media":"","overlay-type":"","overlay-color":"","overlay-opacity":"","overlay-gradient":""},"tablet":{"background-color":"var(--ast-global-color-5)","background-image":"","background-repeat":"repeat","background-position":"center center","background-size":"auto","background-attachment":"scroll","background-type":"","background-media":"","overlay-type":"","overlay-color":"","overlay-opacity":"","overlay-gradient":""},"mobile":{"background-color":"var(--ast-global-color-5)","background-image":"","background-repeat":"repeat","background-position":"center center","background-size":"auto","background-attachment":"scroll","background-type":"","background-media":"","overlay-type":"","overlay-color":"","overlay-opacity":"","overlay-gradient":""}},"footnotes":""},"categories":[16],"tags":[],"class_list":["post-908","post","type-post","status-publish","format-standard","has-post-thumbnail","hentry","category-archives-cms"],"_links":{"self":[{"href":"https:\/\/lavoiedessansvoix.fr\/lavoie\/wp-json\/wp\/v2\/posts\/908","targetHints":{"allow":["GET"]}}],"collection":[{"href":"https:\/\/lavoiedessansvoix.fr\/lavoie\/wp-json\/wp\/v2\/posts"}],"about":[{"href":"https:\/\/lavoiedessansvoix.fr\/lavoie\/wp-json\/wp\/v2\/types\/post"}],"author":[{"embeddable":true,"href":"https:\/\/lavoiedessansvoix.fr\/lavoie\/wp-json\/wp\/v2\/users\/1"}],"replies":[{"embeddable":true,"href":"https:\/\/lavoiedessansvoix.fr\/lavoie\/wp-json\/wp\/v2\/comments?post=908"}],"version-history":[{"count":1,"href":"https:\/\/lavoiedessansvoix.fr\/lavoie\/wp-json\/wp\/v2\/posts\/908\/revisions"}],"predecessor-version":[{"id":3835,"href":"https:\/\/lavoiedessansvoix.fr\/lavoie\/wp-json\/wp\/v2\/posts\/908\/revisions\/3835"}],"wp:featuredmedia":[{"embeddable":true,"href":"https:\/\/lavoiedessansvoix.fr\/lavoie\/wp-json\/wp\/v2\/media\/4493"}],"wp:attachment":[{"href":"https:\/\/lavoiedessansvoix.fr\/lavoie\/wp-json\/wp\/v2\/media?parent=908"}],"wp:term":[{"taxonomy":"category","embeddable":true,"href":"https:\/\/lavoiedessansvoix.fr\/lavoie\/wp-json\/wp\/v2\/categories?post=908"},{"taxonomy":"post_tag","embeddable":true,"href":"https:\/\/lavoiedessansvoix.fr\/lavoie\/wp-json\/wp\/v2\/tags?post=908"}],"curies":[{"name":"wp","href":"https:\/\/api.w.org\/{rel}","templated":true}]}}