{"id":906,"date":"2016-11-29T02:30:00","date_gmt":"2016-11-29T01:30:00","guid":{"rendered":"https:\/\/lavoiedessansvoix.fr\/lavoie\/2016\/11\/29\/archive-a-la-gauche-de-jean-marie\/"},"modified":"2026-04-26T21:43:25","modified_gmt":"2026-04-26T19:43:25","slug":"archive-a-la-gauche-de-jean-marie","status":"publish","type":"post","link":"https:\/\/lavoiedessansvoix.fr\/lavoie\/2016\/11\/29\/archive-a-la-gauche-de-jean-marie\/","title":{"rendered":"A LA GAUCHE DE JEAN-MARIE"},"content":{"rendered":"<p>A LA GAUCHE DE JEAN-MARIEAvertissement. L&rsquo;article qui suit dat\u00e9 du samedi 26 novembre devait \u00eatre publi\u00e9 ce jour l\u00e0 veille du deuxi\u00e8me tour des primaires de \u00ab\u00a0la droite et du centre\u00a0\u00bb. Un incident survenu chez notre h\u00e9bergeur ne l&rsquo;a pas permis. Nous nous en excusons aupr\u00e8s de nos lecteurs. Malgr\u00e9 tout cet article garde toute son actualit\u00e9 et son int\u00e9r\u00eat pour l&rsquo;avenir. C&rsquo;est pourquoi nous le publions, avec quatre jours de retard, sans rien y changer. (Mardi  29 novembre 2016.)* De l\u2019ordre de 4 millions deux cent mille fran\u00e7ais ont vot\u00e9 au premier tour des \u00e9lections primaires de la droite et du centre dimanche dernier. Au terme de cette journ\u00e9e \u00e9lectorale, dans les jours qui ont suivi, mais avant-hier soir surtout, lors du d\u00e9bat Fillon\/Jupp\u00e9, du deuxi\u00e8me tour de cette primaire, tous les acteurs, les journalistes et commentateurs divers se sont r\u00e9joui du succ\u00e8s de cette initiative et l\u2019ont interpr\u00e9t\u00e9 comme une preuve de \u00ab la vivacit\u00e9 et de la qualit\u00e9 de la d\u00e9mocratie Fran\u00e7aise \u00bb.  C\u2019est une arnaque. Le succ\u00e8s incontestable des primaires de la droite et du centre, loin de d\u00e9montrer la vivacit\u00e9 ou la qualit\u00e9 de notre d\u00e9mocratie \u00bb en d\u00e9voile la d\u00e9g\u00e9n\u00e9rescence et la n\u00e9crose.  Nous avons dit, dans maints articles ; (visibles sur notre site) depuis l\u2019origine, tout le mal que nous pensions de l\u2019introduction de la pratique \u00ab des primaires \u00bb en France, et du d\u00e9ficit de d\u00e9mocratie qui caract\u00e9rise cette \u00e9volution.  Fallait-il d\u00e9montrer encore le caract\u00e8re  funeste de cette d\u00e9rive, le \u00ab choix d\u00e9mocratique \u00bb ainsi ouvert aux Fran\u00e7ais en serait une preuve incontestable \u00bb.  Les Fran\u00e7ais avaient cru voter \u00e0 Gauche en 2012, lorsqu\u2019ils \u00e9lire Fran\u00e7ois Hollande le candidat sorti vainqueur des premi\u00e8res \u00ab primaires \u00bb de la Gauche. Et ils eurent l\u2019am\u00e8re r\u00e9v\u00e9lation qu\u2019ils avaient en v\u00e9rit\u00e9 \u00e9lu un pr\u00e9sident paranormal qui faisait une calamiteuse politique \u00e9conomique et sociale de droite lib\u00e9rale et la m\u00eame politique internationale imp\u00e9rialiste et agressive que son pr\u00e9d\u00e9cesseur, sous l\u2019aile des \u00c9tats-Unis d\u2019Am\u00e9rique. Alors comme ils sont m\u00e9contents les Fran\u00e7ais de s\u2019\u00eatre fait ainsi abuser, comme ils sont en col\u00e8re contre cette \u00ab gauche \u00bb qui les insulte \u00e0 tant les flouer depuis plus de trente ans, \u00ab le syst\u00e8me politique \u00bb leur propose une solution. Et quelle solution leur propose-t-il  aux Fran\u00e7ais ?  Une politique ultra lib\u00e9rale, bien pire encore.  La \u00ab gauche politique \u00bb a d\u00e9moralis\u00e9 la gauche populaire, d\u00e9sarm\u00e9 politiquement la contestation sociale. Elle a l\u00e9gitim\u00e9 le discours ultra lib\u00e9ral, ouvert la bonde \u00e0 la r\u00e9action sociale, \u00e0 la surench\u00e8re et au \u00ab dumping \u00bb social.  C\u2019est ainsi que les Fran\u00e7ais se retrouvent, \u00e0 la veille des \u00e9lections Pr\u00e9sidentielles de 2017, confront\u00e9 au choix infiniment d\u00e9mocratique que voil\u00e0 : Elire Alain Jupp\u00e9 porteur d\u2019un programme ultra lib\u00e9ral d\u2019une brutalit\u00e9 inou\u00efe, ou Fran\u00e7ois Fillon porteur d\u2019un \u00ab programme ultra lib\u00e9ral plus \u00bb. Et l\u2019astuce consisterait \u00e0 vouloir nous faire croire qu\u2019il y aurait un int\u00e9r\u00eat pour le peuple laborieux \u00e0 voter pour Alain Jupp\u00e9, non le meilleur, mais le moins pire, seulement 250 000 emplois de fonctionnaires supprim\u00e9s et 100 milliards de coupes budg\u00e9taires. Pour un peu l\u2019establishment politique \u00ab de gauche \u00bb, \u00e0 d\u00e9faut de pr\u00e9tendre gagner les \u00e9lections Pr\u00e9sidentielles de 2017, tenterait de d\u00e9signer Jupp\u00e9 comme l\u2019\u00e9lu de son c\u0153ur, le candidat unique de la gauche par d\u00e9faut.   On est toujours \u00ab la gauche de quelqu\u2019un.  Car l\u2019ultime dilemme, le choix du deuxi\u00e8me tour des Pr\u00e9sidentielles qui devait administrer la preuve irr\u00e9futable de \u00ab la vivacit\u00e9 et de la qualit\u00e9 de notre d\u00e9mocratie \u00bb, promettait, avant le dimanche 20 novembre, du premier tour des primaires de la \u00ab Droite et du Centre \u00bb, de se r\u00e9duire \u00e0 l\u2019alternative sinistre entre Alain Jupp\u00e9 et Marine Le Pen. Entre la droite extr\u00eame et l\u2019extr\u00eame droite. Et Alors, il ne faisait aucun doute que les dirigeants de la gauche lib\u00e9rale appelleraient en ce cas \u00e0 voter Alain Jupp\u00e9 pour \u00ab faire barrage au FN \u00bb comme ils disent. Demanderaient aux \u00e9lecteurs \u00ab de gauche \u00bb de cautionner par leur vote le programme ultra lib\u00e9ral brutal de ce dernier.  Certes, on voit mal celui que l\u2019on appelle \u00ab le peuple de gauche \u00bb, voter pour Fran\u00e7ois Fillon ou Alain Jupp\u00e9 au premier tour des \u00e9lections Pr\u00e9sidentielles. Mais une fraction significative de celui-ci contribuera sans nul doute \u00e0 \u00e9lira \u00ab la droite extr\u00eame \u00bb au pr\u00e9texte de faire barrage \u00e0 l\u2019extr\u00eame droite \u00bb. C\u2019est ainsi, pris au pi\u00e8ge de cette \u00ab foutue d\u00e9mocratie \u00bb, que le peuple f\u00e2ch\u00e9 contre la politique d\u2019aust\u00e9rit\u00e9 antisociale de Fran\u00e7ois Hollande\/Manuel Valls, \u00e9lira lui-m\u00eame de son plein gr\u00e9 la corde pour se faire pendre   Mais le destin en aurait-il tout de m\u00eame d\u00e9cid\u00e9 autrement ? Foin de Jupp\u00e9, le premier tour des primaires de la Droite et du Centre a adoub\u00e9 Fran\u00e7ois Fillon.   Dans le positionnement de \u00ab la brute molle \u00bb Jupp\u00e9 croyait \u00eatre \u00e0 m\u00eame de se qualifier aux primaires se pensant le mieux plac\u00e9 pour gagner l\u2019\u00e9lection Pr\u00e9sidentielle en recueillant les \u00ab voix de gauche \u00bb face \u00e0 Marine Le Pen  C\u2019\u00e9tait un leurre. A cette aune Fillon \u00e9tait tout aussi bien plac\u00e9 que lui. Dans le cas en effet, de qualification de Marine Le Pen au deuxi\u00e8me tour de la Pr\u00e9sidentielle, qui que soit le candidat de la droite r\u00e9publicaine, \u00ab La Gauche \u00bb appellera \u00e0 voter pour celui-ci, indiff\u00e9remment Jupp\u00e9 ou Fillon. C\u2019est pourquoi le positionnement du Maire de Bordeaux n\u2019\u00e9tait pas pertinent.  Il ne fait gu\u00e8re de doute que Fillon \u00ab monsieur plus \u00bb : 500 000 emplois de fonctionnaires supprim\u00e9s et 110 milliards de coupes budg\u00e9taires, sera demain le candidat investi de la droite pour l\u2019\u00e9lection pr\u00e9sidentielle. A \u00ab brute \u00bb il y a brute et demi. On est pourtant toujours la gauche de quelqu\u2019un. La \u00ab droite lib\u00e9rale du PS \u00bb a raison de se pr\u00e9tendre \u00ab la Gauche \u00bb \u2026.. De Jupp\u00e9 ! Et si Jupp\u00e9 est la \u00ab Gauche \u00bb de Fillon, Fillon n\u2019en est pas moins la \u00ab Gauche \u00bb de Le Pen. C\u2019est ainsi que Fran\u00e7ois Fillon \u00ab\u00a0le r\u00e9actionnaire cl\u00e9rical\u00a0\u00bb, \u00a0\u00bb l\u2019int\u00e9griste catholique\u00a0\u00bb, \u00ab\u00a0le moyen\u00e2geux\u00a0\u00bb, a quelques chances de se voir bient\u00f4t d\u00e9cern\u00e9 la qualit\u00e9 de dernier rempart de la \u00ab d\u00e9mocratie \u00bb contre Marine Le Pen.  De degr\u00e9 en degr\u00e9, de \u00ab Gauche de gouvernement \u00bb en \u00ab Gauche lib\u00e9rale \u00bb, de \u00ab Gauche lib\u00e9rale \u00bb en \u00ab Droite et centre \u00bb, de \u00ab Droite et Centre \u00bb en droite ultra lib\u00e9rale, de \u00ab Droite ultra lib\u00e9rale \u00bb en Droite ultra lib\u00e9rale plus , la \u00ab d\u00e9mocratie fran\u00e7aise \u00bb descend aux abysses et le peuple aux enfers.   N\u2019en viendront-ils pas un jour prochain \u00e0 nous demander d\u2019\u00e9lire Marine le Pen, qui en est la Gauche, pour faire barrage \u00e0 Jean-Marie ?  Patrick Seignon. \u00ab lavoiedessansvoix.fr \u00bb. Samedi 26 novembre 2016.<\/p>\n","protected":false},"excerpt":{"rendered":"<p>A LA GAUCHE DE JEAN-MARIEAvertissement. L&rsquo;article qui suit dat\u00e9 du samedi 26 novembre devait \u00eatre publi\u00e9 ce jour l\u00e0 veille [&hellip;]<\/p>\n","protected":false},"author":1,"featured_media":4491,"comment_status":"open","ping_status":"open","sticky":false,"template":"","format":"standard","meta":{"sfsi_plus_gutenberg_text_before_share":"","sfsi_plus_gutenberg_show_text_before_share":"","sfsi_plus_gutenberg_icon_type":"","sfsi_plus_gutenberg_icon_alignemt":"","sfsi_plus_gutenburg_max_per_row":"","site-sidebar-layout":"default","site-content-layout":"","ast-site-content-layout":"default","site-content-style":"default","site-sidebar-style":"default","ast-global-header-display":"","ast-banner-title-visibility":"","ast-main-header-display":"","ast-hfb-above-header-display":"","ast-hfb-below-header-display":"","ast-hfb-mobile-header-display":"","site-post-title":"","ast-breadcrumbs-content":"","ast-featured-img":"","footer-sml-layout":"","ast-disable-related-posts":"","theme-transparent-header-meta":"","adv-header-id-meta":"","stick-header-meta":"","header-above-stick-meta":"","header-main-stick-meta":"","header-below-stick-meta":"","astra-migrate-meta-layouts":"default","ast-page-background-enabled":"default","ast-page-background-meta":{"desktop":{"background-color":"var(--ast-global-color-4)","background-image":"","background-repeat":"repeat","background-position":"center center","background-size":"auto","background-attachment":"scroll","background-type":"","background-media":"","overlay-type":"","overlay-color":"","overlay-opacity":"","overlay-gradient":""},"tablet":{"background-color":"","background-image":"","background-repeat":"repeat","background-position":"center center","background-size":"auto","background-attachment":"scroll","background-type":"","background-media":"","overlay-type":"","overlay-color":"","overlay-opacity":"","overlay-gradient":""},"mobile":{"background-color":"","background-image":"","background-repeat":"repeat","background-position":"center center","background-size":"auto","background-attachment":"scroll","background-type":"","background-media":"","overlay-type":"","overlay-color":"","overlay-opacity":"","overlay-gradient":""}},"ast-content-background-meta":{"desktop":{"background-color":"var(--ast-global-color-5)","background-image":"","background-repeat":"repeat","background-position":"center center","background-size":"auto","background-attachment":"scroll","background-type":"","background-media":"","overlay-type":"","overlay-color":"","overlay-opacity":"","overlay-gradient":""},"tablet":{"background-color":"var(--ast-global-color-5)","background-image":"","background-repeat":"repeat","background-position":"center center","background-size":"auto","background-attachment":"scroll","background-type":"","background-media":"","overlay-type":"","overlay-color":"","overlay-opacity":"","overlay-gradient":""},"mobile":{"background-color":"var(--ast-global-color-5)","background-image":"","background-repeat":"repeat","background-position":"center center","background-size":"auto","background-attachment":"scroll","background-type":"","background-media":"","overlay-type":"","overlay-color":"","overlay-opacity":"","overlay-gradient":""}},"footnotes":""},"categories":[16],"tags":[],"class_list":["post-906","post","type-post","status-publish","format-standard","has-post-thumbnail","hentry","category-archives-cms"],"_links":{"self":[{"href":"https:\/\/lavoiedessansvoix.fr\/lavoie\/wp-json\/wp\/v2\/posts\/906","targetHints":{"allow":["GET"]}}],"collection":[{"href":"https:\/\/lavoiedessansvoix.fr\/lavoie\/wp-json\/wp\/v2\/posts"}],"about":[{"href":"https:\/\/lavoiedessansvoix.fr\/lavoie\/wp-json\/wp\/v2\/types\/post"}],"author":[{"embeddable":true,"href":"https:\/\/lavoiedessansvoix.fr\/lavoie\/wp-json\/wp\/v2\/users\/1"}],"replies":[{"embeddable":true,"href":"https:\/\/lavoiedessansvoix.fr\/lavoie\/wp-json\/wp\/v2\/comments?post=906"}],"version-history":[{"count":1,"href":"https:\/\/lavoiedessansvoix.fr\/lavoie\/wp-json\/wp\/v2\/posts\/906\/revisions"}],"predecessor-version":[{"id":3831,"href":"https:\/\/lavoiedessansvoix.fr\/lavoie\/wp-json\/wp\/v2\/posts\/906\/revisions\/3831"}],"wp:featuredmedia":[{"embeddable":true,"href":"https:\/\/lavoiedessansvoix.fr\/lavoie\/wp-json\/wp\/v2\/media\/4491"}],"wp:attachment":[{"href":"https:\/\/lavoiedessansvoix.fr\/lavoie\/wp-json\/wp\/v2\/media?parent=906"}],"wp:term":[{"taxonomy":"category","embeddable":true,"href":"https:\/\/lavoiedessansvoix.fr\/lavoie\/wp-json\/wp\/v2\/categories?post=906"},{"taxonomy":"post_tag","embeddable":true,"href":"https:\/\/lavoiedessansvoix.fr\/lavoie\/wp-json\/wp\/v2\/tags?post=906"}],"curies":[{"name":"wp","href":"https:\/\/api.w.org\/{rel}","templated":true}]}}