{"id":904,"date":"2016-12-03T08:33:00","date_gmt":"2016-12-03T07:33:00","guid":{"rendered":"https:\/\/lavoiedessansvoix.fr\/lavoie\/2016\/12\/03\/archive-alep-la-rage-leur-fait-perdre-le-sens-de-la-mesure\/"},"modified":"2026-04-26T21:43:08","modified_gmt":"2026-04-26T19:43:08","slug":"archive-alep-la-rage-leur-fait-perdre-le-sens-de-la-mesure","status":"publish","type":"post","link":"https:\/\/lavoiedessansvoix.fr\/lavoie\/2016\/12\/03\/archive-alep-la-rage-leur-fait-perdre-le-sens-de-la-mesure\/","title":{"rendered":"ALEP : LA RAGE LEUR FAIT PERDRE LE SENS DE LA MESURE"},"content":{"rendered":"<p>ALEP : LA RAGE LEUR FAIT PERDRE LE SENS DE LA MESURE  Le Monde va de mal en pis. La victoire de Donald Trump aux \u00e9lections pr\u00e9sidentielles am\u00e9ricaines \u00e0 la suite de la victoire du \u00ab Brexit \u00bb au r\u00e9f\u00e9rendum britannique, a agi pour les dirigeants du monde occidental, comme un r\u00e9v\u00e9lateur des pr\u00e9mices d\u2019une crise politique et de la fragilit\u00e9 de leur syst\u00e8me. Les peuples sont pass\u00e9 de la r\u00e9signation des ann\u00e9es 90\/2000, \u00e0 la col\u00e8re sourde. Or la col\u00e8re ouvre les voies de la r\u00e9volte. Le monde se d\u00e9lite sous la direction des serviteurs z\u00e9l\u00e9s de la Banque et du capital. Ils prennent peur et enragent. Ils \u00ab engueulent les peuples idiots qui ne comprennent rien \u00bb, et la r\u00e9alit\u00e9 qui leur \u00e9chappe. Ils perdent toute retenu et tout sens de la mesure.  Fran\u00e7ois Hollande a dit que sans intervention de \u00ab la communaut\u00e9 internationale \u00bb *\u2018 Alep allait devenir un des plus grands massacres de civils depuis la deuxi\u00e8me guerre mondiale\u00a0\u00bb. Il est \u00e9tonnant de constater \u00e0 quel point les laudateurs du syst\u00e8me ont des m\u00e9moires s\u00e9lectives. Ils ont cette facult\u00e9 d\u2019effacer ce qui les d\u00e9range et d\u2019amplifier les faits utiles \u00e0 leurs d\u00e9monstrations tronqu\u00e9es. Cela avec d\u2019autant plus d\u2019aisance qu\u2019il s\u2019agit \u00ab d\u2019oublier \u00bb les crimes de la France, ou de ses amis.    Avant le d\u00e9but des hostilit\u00e9s Alep \u00e9tait une ville de 2 millions 300 000 habitants environ. Un bon nombre d\u2019entre eux ont fui la ville depuis. Et puis il y a deux zones \u00e0 Alep, celle contr\u00f4l\u00e9e par le gouvernement l\u00e9gal et celle \u00e0 l\u2019Est encore contr\u00f4l\u00e9e par les rebelles. L\u2019arm\u00e9e Syrienne et l\u2019aviation Russe ne bombardent pas que je sache le secteur sous leur contr\u00f4le. Ils bombardent la partie Est de la ville o\u00f9 r\u00e9sideraient encore 300 000 civils. Si l\u2019on prenait donc au pied de la lettre les d\u00e9clarations fracassantes de nos m\u00e9dias et hommes politiques menteurs, si v\u00e9ritablement les aviations syriennes et russes \u00e9crasaient la partie Est d\u2019Alep et ses habitants\u00ab sous un tapis de bombes \u00bb, on devrait s\u2019attendre au d\u00e9sastreux bilan humain de 300 000 morts environ.   Pour autant, serait-ce bien le pire massacre de civils depuis la deuxi\u00e8me guerre mondiale ?   Allons donc, on en serait bien loin encore, m\u00eame dans cette horrible hypoth\u00e8se. Qu\u2019a donc fait leur m\u00e9moire des 30 000 morts du bombardement de S\u00e9tif en 1945 ? Des  500 000 morts de la guerre d\u2019Indochine (ann\u00e9es 50), des 350 000 \u00e0 un million et demi de morts, suivant les sources, de la guerre d\u2019Alg\u00e9rie ? Du million et demi de morts caus\u00e9 par \u00ab l\u2019h\u00e9ro\u00efque \u00bb guerre am\u00e9ricaine du Vi\u00eat-Nam. Des 500 milles \u00e0 un million de morts du coup d\u2019Etat de Suharto en Indon\u00e9sie (1965\/67) ? Du million et demi de morts victimes du Polpotisme au Cambodge (deuxi\u00e8me moiti\u00e9 de la d\u00e9cennie 70) Des 500 000 morts du Ruanda ?  Mais croyez-vous que l\u2019invraisemblable les arr\u00eate ou les temp\u00e8re pour le moins ? Pas du tout. Plus ! Toujours plus gros, plus grand, plus effarent : \u00ab Si les bombardements russes et syriens continuent \u00e0 ce rythme Alep sera transform\u00e9 en un immense cimeti\u00e8re \u00bb Rien que \u00e7a !  Vous voyez, ils veulent tuer avec des mots, ils sont dans la surench\u00e8re et les superlatifs permanents. Ils se d\u00e9consid\u00e8rent et insultent leur cause.  Patrick Seignon. \u00ab lavoiedessansvoix.fr. Samedi 3 d\u00e9cembre 2016.<\/p>\n","protected":false},"excerpt":{"rendered":"<p>ALEP : LA RAGE LEUR FAIT PERDRE LE SENS DE LA MESURE Le Monde va de mal en pis. La [&hellip;]<\/p>\n","protected":false},"author":1,"featured_media":4489,"comment_status":"open","ping_status":"open","sticky":false,"template":"","format":"standard","meta":{"sfsi_plus_gutenberg_text_before_share":"","sfsi_plus_gutenberg_show_text_before_share":"","sfsi_plus_gutenberg_icon_type":"","sfsi_plus_gutenberg_icon_alignemt":"","sfsi_plus_gutenburg_max_per_row":"","site-sidebar-layout":"default","site-content-layout":"","ast-site-content-layout":"default","site-content-style":"default","site-sidebar-style":"default","ast-global-header-display":"","ast-banner-title-visibility":"","ast-main-header-display":"","ast-hfb-above-header-display":"","ast-hfb-below-header-display":"","ast-hfb-mobile-header-display":"","site-post-title":"","ast-breadcrumbs-content":"","ast-featured-img":"","footer-sml-layout":"","ast-disable-related-posts":"","theme-transparent-header-meta":"","adv-header-id-meta":"","stick-header-meta":"","header-above-stick-meta":"","header-main-stick-meta":"","header-below-stick-meta":"","astra-migrate-meta-layouts":"default","ast-page-background-enabled":"default","ast-page-background-meta":{"desktop":{"background-color":"var(--ast-global-color-4)","background-image":"","background-repeat":"repeat","background-position":"center center","background-size":"auto","background-attachment":"scroll","background-type":"","background-media":"","overlay-type":"","overlay-color":"","overlay-opacity":"","overlay-gradient":""},"tablet":{"background-color":"","background-image":"","background-repeat":"repeat","background-position":"center center","background-size":"auto","background-attachment":"scroll","background-type":"","background-media":"","overlay-type":"","overlay-color":"","overlay-opacity":"","overlay-gradient":""},"mobile":{"background-color":"","background-image":"","background-repeat":"repeat","background-position":"center center","background-size":"auto","background-attachment":"scroll","background-type":"","background-media":"","overlay-type":"","overlay-color":"","overlay-opacity":"","overlay-gradient":""}},"ast-content-background-meta":{"desktop":{"background-color":"var(--ast-global-color-5)","background-image":"","background-repeat":"repeat","background-position":"center center","background-size":"auto","background-attachment":"scroll","background-type":"","background-media":"","overlay-type":"","overlay-color":"","overlay-opacity":"","overlay-gradient":""},"tablet":{"background-color":"var(--ast-global-color-5)","background-image":"","background-repeat":"repeat","background-position":"center center","background-size":"auto","background-attachment":"scroll","background-type":"","background-media":"","overlay-type":"","overlay-color":"","overlay-opacity":"","overlay-gradient":""},"mobile":{"background-color":"var(--ast-global-color-5)","background-image":"","background-repeat":"repeat","background-position":"center center","background-size":"auto","background-attachment":"scroll","background-type":"","background-media":"","overlay-type":"","overlay-color":"","overlay-opacity":"","overlay-gradient":""}},"footnotes":""},"categories":[16],"tags":[],"class_list":["post-904","post","type-post","status-publish","format-standard","has-post-thumbnail","hentry","category-archives-cms"],"_links":{"self":[{"href":"https:\/\/lavoiedessansvoix.fr\/lavoie\/wp-json\/wp\/v2\/posts\/904","targetHints":{"allow":["GET"]}}],"collection":[{"href":"https:\/\/lavoiedessansvoix.fr\/lavoie\/wp-json\/wp\/v2\/posts"}],"about":[{"href":"https:\/\/lavoiedessansvoix.fr\/lavoie\/wp-json\/wp\/v2\/types\/post"}],"author":[{"embeddable":true,"href":"https:\/\/lavoiedessansvoix.fr\/lavoie\/wp-json\/wp\/v2\/users\/1"}],"replies":[{"embeddable":true,"href":"https:\/\/lavoiedessansvoix.fr\/lavoie\/wp-json\/wp\/v2\/comments?post=904"}],"version-history":[{"count":1,"href":"https:\/\/lavoiedessansvoix.fr\/lavoie\/wp-json\/wp\/v2\/posts\/904\/revisions"}],"predecessor-version":[{"id":3827,"href":"https:\/\/lavoiedessansvoix.fr\/lavoie\/wp-json\/wp\/v2\/posts\/904\/revisions\/3827"}],"wp:featuredmedia":[{"embeddable":true,"href":"https:\/\/lavoiedessansvoix.fr\/lavoie\/wp-json\/wp\/v2\/media\/4489"}],"wp:attachment":[{"href":"https:\/\/lavoiedessansvoix.fr\/lavoie\/wp-json\/wp\/v2\/media?parent=904"}],"wp:term":[{"taxonomy":"category","embeddable":true,"href":"https:\/\/lavoiedessansvoix.fr\/lavoie\/wp-json\/wp\/v2\/categories?post=904"},{"taxonomy":"post_tag","embeddable":true,"href":"https:\/\/lavoiedessansvoix.fr\/lavoie\/wp-json\/wp\/v2\/tags?post=904"}],"curies":[{"name":"wp","href":"https:\/\/api.w.org\/{rel}","templated":true}]}}