{"id":903,"date":"2016-12-03T15:51:00","date_gmt":"2016-12-03T14:51:00","guid":{"rendered":"https:\/\/lavoiedessansvoix.fr\/lavoie\/2016\/12\/03\/archive-jean-jaures-ne-leur-appartient-pas\/"},"modified":"2026-04-26T21:42:57","modified_gmt":"2026-04-26T19:42:57","slug":"archive-jean-jaures-ne-leur-appartient-pas","status":"publish","type":"post","link":"https:\/\/lavoiedessansvoix.fr\/lavoie\/2016\/12\/03\/archive-jean-jaures-ne-leur-appartient-pas\/","title":{"rendered":"JEAN JAUR\u00c8S NE LEUR APPARTIENT PAS ?"},"content":{"rendered":"<p>JEAN JAUR\u00c8S NE LEUR APPARTIENT PAS  \u00ab Si Fran\u00e7ois Hollande d\u00e9cide de se pr\u00e9senter \u00e0 l\u2019\u00e9lection pr\u00e9sidentielle CONTRE la primaire, alors c\u2019est la fin du parti Socialiste, du parti de Jean-Jaur\u00e8s \u00bb selon Arnaud Montebourg qui s\u2019exprimait depuis une p\u00e9niche.   Une p\u00e9niche, pensez-un peu, tout un symbole. Projetant de prendre la rel\u00e8ve \u00ab du capitaine de p\u00e9dalo \u00bb l\u2019homme \u00e0 la marini\u00e8re se proposerait-il de nous mener en bateau ?  La r\u00e9f\u00e9rence \u00e0 Jaur\u00e8s au Panth\u00e9on de l\u2019Histoire, une rose \u00e0 la main, on a d\u00e9j\u00e0 connu \u00e7a.  Le Parti Socialiste n\u2019est pas le Parti de Jean-Jaur\u00e8s, c\u2019est celui de Fran\u00e7ois Mitterrand l\u2019arnaqueur de Jarnac   Le Parti Socialiste que nous connaissons a \u00e9t\u00e9 fond\u00e9 en 1971 par le congr\u00e8s d\u2019Epinay. Celui de Jean-Jaur\u00e8s \u00e9tait tout autre, le parti socialiste ant\u00e9rieur \u00e0 la premi\u00e8re guerre mondiale. Celui-ci c\u2019est scind\u00e9 en deux branches lors du congr\u00e8s de Tours de 1920. Le parti-socialiste, maintenu, \u00ab Section Fran\u00e7aise de l\u2019Internationale ouvri\u00e8re \u00bb (SFIO), alors minoritaire, et le parti communiste majoritaire au congr\u00e8s qui d\u00e9cida de son adh\u00e9sion \u00e0 l\u2019Internationale Communiste (IC). La SFIO maintenait l\u2019appellation, rien que l\u2019appellation, car par sa position dans la guerre elle avait trahit tous les fondamentaux. La continuit\u00e9 historique du parti de Jean-Jaur\u00e8s, s\u2019il fallait la d\u00e9signer, serait donc plut\u00f4t du c\u00f4t\u00e9 du parti communiste. Mais comme nul ne sait le choix qu\u2019aurait fait Jean Jaur\u00e8s, mort assassin\u00e9 quatre jours avant la d\u00e9claration de guerre, on peut se fendre \u00abd\u2019un jugement \u00e0 la Salomon \u00bb, partager l\u2019h\u00e9ritage entre les deux successeurs rivaux. D\u00e9clarer que les partis, le communiste et l\u2019ancien parti socialiste SFIO, sont fond\u00e9 l\u2019un et l\u2019autre tout autant \u00e0 se r\u00e9clamer de de Jean-Jaur\u00e8s.   On ne sait pas quel parti aurait pris Jean-Jaur\u00e8s au moment de la scission ? Encore que ? Un \u00e9l\u00e9ment tout de m\u00eame permet de le subodorer plus ou moins. Jean-Jaur\u00e8s est mort assassin\u00e9 parce qu\u2019il \u00e9tait la grande figure qui s\u2019opposait \u00e0 la guerre, il \u00e9tait un symbole du mouvement anti-guerre. Or la ligne de fracture du parti socialiste \u00e9tait d\u00e9termin\u00e9e par les positions qu\u2019avaient eu les uns ou les autre dans la guerre, ceux qui l\u2019avaient soutenu et ceux qui l\u2019avaient combattu, les \u00ab collabos \u00bb et les internationalistes v\u00e9ritables. Ce serait donc faire honneur \u00e0 la m\u00e9moire de Jean-Jaur\u00e8s que de supputer qu\u2019il serait rest\u00e9 fid\u00e8le \u00e0 lui-m\u00eame malgr\u00e9 la d\u00e9ferlante chauvine, qu\u2019il aurait choisi le camp des internationalistes int\u00e8gres, celui de \u00ab Zimmerwald \u00bb et de l\u2019opposition sans cocession \u00e0 la guerre imp\u00e9rialiste.   Or ce camp-l\u00e0, en ce temps-l\u00e0, c\u2019\u00e9tait celui du parti communiste et non du Parti Socialiste SFIO. A fortiori pas, mais alors pas du tout celui du PS d\u2019Epinay, celui des Hollande Valls, ni m\u00eame Montebourg.  Patrick Seignon. \u00ab lavoiedessansvoix.fr \u00bb. Samedi 3 d\u00e9cembre 2016.<\/p>\n","protected":false},"excerpt":{"rendered":"<p>JEAN JAUR\u00c8S NE LEUR APPARTIENT PAS \u00ab Si Fran\u00e7ois Hollande d\u00e9cide de se pr\u00e9senter \u00e0 l\u2019\u00e9lection pr\u00e9sidentielle CONTRE la primaire, [&hellip;]<\/p>\n","protected":false},"author":1,"featured_media":4488,"comment_status":"open","ping_status":"open","sticky":false,"template":"","format":"standard","meta":{"sfsi_plus_gutenberg_text_before_share":"","sfsi_plus_gutenberg_show_text_before_share":"","sfsi_plus_gutenberg_icon_type":"","sfsi_plus_gutenberg_icon_alignemt":"","sfsi_plus_gutenburg_max_per_row":"","site-sidebar-layout":"default","site-content-layout":"","ast-site-content-layout":"default","site-content-style":"default","site-sidebar-style":"default","ast-global-header-display":"","ast-banner-title-visibility":"","ast-main-header-display":"","ast-hfb-above-header-display":"","ast-hfb-below-header-display":"","ast-hfb-mobile-header-display":"","site-post-title":"","ast-breadcrumbs-content":"","ast-featured-img":"","footer-sml-layout":"","ast-disable-related-posts":"","theme-transparent-header-meta":"","adv-header-id-meta":"","stick-header-meta":"","header-above-stick-meta":"","header-main-stick-meta":"","header-below-stick-meta":"","astra-migrate-meta-layouts":"default","ast-page-background-enabled":"default","ast-page-background-meta":{"desktop":{"background-color":"var(--ast-global-color-4)","background-image":"","background-repeat":"repeat","background-position":"center center","background-size":"auto","background-attachment":"scroll","background-type":"","background-media":"","overlay-type":"","overlay-color":"","overlay-opacity":"","overlay-gradient":""},"tablet":{"background-color":"","background-image":"","background-repeat":"repeat","background-position":"center center","background-size":"auto","background-attachment":"scroll","background-type":"","background-media":"","overlay-type":"","overlay-color":"","overlay-opacity":"","overlay-gradient":""},"mobile":{"background-color":"","background-image":"","background-repeat":"repeat","background-position":"center center","background-size":"auto","background-attachment":"scroll","background-type":"","background-media":"","overlay-type":"","overlay-color":"","overlay-opacity":"","overlay-gradient":""}},"ast-content-background-meta":{"desktop":{"background-color":"var(--ast-global-color-5)","background-image":"","background-repeat":"repeat","background-position":"center center","background-size":"auto","background-attachment":"scroll","background-type":"","background-media":"","overlay-type":"","overlay-color":"","overlay-opacity":"","overlay-gradient":""},"tablet":{"background-color":"var(--ast-global-color-5)","background-image":"","background-repeat":"repeat","background-position":"center center","background-size":"auto","background-attachment":"scroll","background-type":"","background-media":"","overlay-type":"","overlay-color":"","overlay-opacity":"","overlay-gradient":""},"mobile":{"background-color":"var(--ast-global-color-5)","background-image":"","background-repeat":"repeat","background-position":"center center","background-size":"auto","background-attachment":"scroll","background-type":"","background-media":"","overlay-type":"","overlay-color":"","overlay-opacity":"","overlay-gradient":""}},"footnotes":""},"categories":[16],"tags":[],"class_list":["post-903","post","type-post","status-publish","format-standard","has-post-thumbnail","hentry","category-archives-cms"],"_links":{"self":[{"href":"https:\/\/lavoiedessansvoix.fr\/lavoie\/wp-json\/wp\/v2\/posts\/903","targetHints":{"allow":["GET"]}}],"collection":[{"href":"https:\/\/lavoiedessansvoix.fr\/lavoie\/wp-json\/wp\/v2\/posts"}],"about":[{"href":"https:\/\/lavoiedessansvoix.fr\/lavoie\/wp-json\/wp\/v2\/types\/post"}],"author":[{"embeddable":true,"href":"https:\/\/lavoiedessansvoix.fr\/lavoie\/wp-json\/wp\/v2\/users\/1"}],"replies":[{"embeddable":true,"href":"https:\/\/lavoiedessansvoix.fr\/lavoie\/wp-json\/wp\/v2\/comments?post=903"}],"version-history":[{"count":1,"href":"https:\/\/lavoiedessansvoix.fr\/lavoie\/wp-json\/wp\/v2\/posts\/903\/revisions"}],"predecessor-version":[{"id":3825,"href":"https:\/\/lavoiedessansvoix.fr\/lavoie\/wp-json\/wp\/v2\/posts\/903\/revisions\/3825"}],"wp:featuredmedia":[{"embeddable":true,"href":"https:\/\/lavoiedessansvoix.fr\/lavoie\/wp-json\/wp\/v2\/media\/4488"}],"wp:attachment":[{"href":"https:\/\/lavoiedessansvoix.fr\/lavoie\/wp-json\/wp\/v2\/media?parent=903"}],"wp:term":[{"taxonomy":"category","embeddable":true,"href":"https:\/\/lavoiedessansvoix.fr\/lavoie\/wp-json\/wp\/v2\/categories?post=903"},{"taxonomy":"post_tag","embeddable":true,"href":"https:\/\/lavoiedessansvoix.fr\/lavoie\/wp-json\/wp\/v2\/tags?post=903"}],"curies":[{"name":"wp","href":"https:\/\/api.w.org\/{rel}","templated":true}]}}