{"id":902,"date":"2016-12-05T17:05:00","date_gmt":"2016-12-05T16:05:00","guid":{"rendered":"https:\/\/lavoiedessansvoix.fr\/lavoie\/2016\/12\/05\/archive-primaires-de-gauche-les-lamentations-de-cambadelis\/"},"modified":"2026-04-26T21:42:45","modified_gmt":"2026-04-26T19:42:45","slug":"archive-primaires-de-gauche-les-lamentations-de-cambadelis","status":"publish","type":"post","link":"https:\/\/lavoiedessansvoix.fr\/lavoie\/2016\/12\/05\/archive-primaires-de-gauche-les-lamentations-de-cambadelis\/","title":{"rendered":"PRIMAIRES DE GAUCHE ?  LES LAMENTATIONS DE CAMBADELIS"},"content":{"rendered":"<p>PRIMAIRES DE GAUCHE ?LES LAMENTATIONS DE CAMBADELIS   Jean-Christophe Cambad\u00e9lis, \u00e0 la tribune de \u00ab la belle alliance populaire \u00bb, a tent\u00e9 de faire illusion en adoptant la tonalit\u00e9 du tribun pour en appeler encore une fois au rassemblement de \u00ab la Gauche \u00bb. Or ce qui fait le tribun v\u00e9ritable ce n\u2019est pas seulement la tonalit\u00e9 mais l\u2019\u00e9toffe du contenu. Or le contenu du discours \u00ab Cambab\u00e9lien \u00bb, se signale par le creux et l\u2019inanit\u00e9. Tu grattes, il n\u2019y a rien dessous, rien dedans. Rien que de bien lamentables lamentations.   \u00ab Oui, la primaire, c\u2019est le moyen d\u2019imposer l\u2019unit\u00e9, de faire en sorte que les familles s\u00e9par\u00e9es se retrouvent, \u00bb. dit-il  Une unit\u00e9 bricol\u00e9e, sans fond ni fondements, voil\u00e0 \u00e0 quoi aspire JCC.   L\u2019objectif ?   Strictement \u00e9lectoral.  De la \u00ab politique politicienne \u00bb au sens le plus p\u00e9joratif.   Il s\u2019agit uniquement de \u00ab sauver la maison PS et sa vocation de parti de gouvernement. C\u2019est-\u00e0-dire plus prosa\u00efquement, les pr\u00e9bendes et avantages de l\u2019Etat, les milliers de bonnes places d\u2019\u00e9lus, de postes de la haute administration ou \u00e0 la t\u00eate des grandes entreprises  Mais les travailleurs, les classes laborieuses et populaires n\u2019en ont cure de \u00ab sauver le PS \u00bb. Ce qu\u2019elles veulent, c\u2019est une politique de justice sociale, plus \u00e9quilibr\u00e9e, ne prenant pas dans les poches des pauvres pour redistribuer aux riches. Et elles s\u2019en remettront au parti quel qu\u2019il soit, fut-il \u00e0 naitre, qui s\u2019engagera dans ce sens.   Jean-Cristophe Cambad\u00e9lis lui travaille pour le syst\u00e8me qui a comme finalit\u00e9 de conduire le \u00ab peuple \u00bb \u00e0 se d\u00e9fausser de sa souverainet\u00e9 pour en investir un leader fabriqu\u00e9. A cette fin l\u2019illusion de l\u2019unit\u00e9 suffit puisqu\u2019il s\u2019agit d\u2019une unit\u00e9 factice, b\u00e2tie autour de l\u2019adh\u00e9sion par d\u00e9faut \u00e0 un homme, et non \u00e0 un programme, non \u00e0 une politique.   \u00ab et encore une fois, \u00e0 mon tour, je lance un appel \u00e0 ceux qui n\u2019ont pas compris aujourd\u2019hui que la modernit\u00e9 c\u2019est que le peuple tranche et non pas de trancher \u00e0 la place du peuple. \u00bb poursuit-il.  Pas compris ? Quel m\u00e9pris t\u2019anime donc ? Cesse  Jean-Christophe de prendre les autres pour des idiots. Nous avons tr\u00e8s bien compris m\u00eame si nous n\u2019avons pas compris la m\u00eame chose que toi. M\u00eame si nous ne voulons pas nous ranger \u00e0 tes raisons. Non, ce n\u2019est pas \u00ab la modernit\u00e9 \u00bb que le peuple tranche \u00e0 la place du parti et de ses militants. Ce n\u2019est qu\u2019un \u00ab subterfuge \u00bb grossier dont la finalit\u00e9 est d\u2019instrumentaliser d\u00e9finitivement le parti, de le vider totalement de sa substance politique, de le transformer en une r\u00e9serve de petites mains au service exclusif d\u2019une caste de \u00ab leaders impos\u00e9e en v\u00e9rit\u00e9 par des puissances d\u00e9cisionnelles ext\u00e9rieures avec le concours des m\u00e9dias et la presse people. Un parti de \u00ab godillot \u00bb enti\u00e8rement d\u00e9di\u00e9 \u00e0 la conservation, ou \u00e0 la reconqu\u00eate de la fonction pr\u00e9sidentielle, au gr\u00e9 de l\u2019alternance.   \u00ab Populisme \u00bb, dites-vous ? Ce mot dans vos bouches a quelque chose d\u2019infamant. Ce serait l\u2019\u00e9pith\u00e8te que m\u00e9rites ceux qui flattent le peuple, \u00ab le caresse dans le sens du poil \u00bb, dans le sens de \u00ab ses bas instincts \u00bb. Mais n\u2019est-ce pas pr\u00e9cis\u00e9ment ce que vous faites avec \u00ab les primaires \u00bb de flatter le peuple avec un pr\u00e9tendu progr\u00e8s de la d\u00e9mocratie, de l\u2019abuser avec l\u2019acquisition d\u2019un suppos\u00e9 pouvoir d\u00e9cisionnel suppl\u00e9mentaire ? Qu\u2019est-ce que cela peut-il bien changer au fond des choses que ce soit Paul ou Jacques qui soit d\u00e9sign\u00e9 pour faire une politique sur laquelle le peuple n\u2019a plus aucun contr\u00f4le. Le seul choix d\u00e9cisif que le peuple ait \u00e0 faire c\u2019est de trancher au deuxi\u00e8me tour des \u00e9lections Pr\u00e9sidentielles entre Paul ou Jacques ou peut-\u00eatre Marine. Or ce choix lui-m\u00eame n\u2019a de d\u00e9cisif que de savoir qui de Paul Jacques ou Marine occupera pour les cinq ans \u00e0 suivre le fauteuil pr\u00e9sidentiel. Car au-del\u00e0 les \u00e9lecteurs, le peuple n\u2019ont plus aucun moyen de s\u2019assurer de ce que fera le Pr\u00e9sident. Et s\u2019ils s\u2019avisent de faire connaitre leur mauvaise humeur ou leur d\u00e9saccord on les rabroue en leur disant (comme Cambad\u00e9lis) qu\u2019ils n\u2019ont rien compris, qu\u2019il y a eu un \u00ab d\u00e9ficit de \u00ab Com \u00bb, qu\u2019on va leur expliquer, et s\u2019ils s\u2019obstinent on les renvois dans les cordes avec m\u00e9pris, \u00e0 coup de 49-3 ou d\u2019ordonnances.  \u00ab  Je lance un appel \u00e0 Emmanuel Macron, \u00e0 Jean-Luc M\u00e9lenchon : rejoignez la primaire de la gauche \u00bb.   C\u2019est que le premier secr\u00e9taire du PS sent bien que la r\u00e9alit\u00e9 se d\u00e9lite sous ses pieds, que sa primaire s\u2019oriente vers un fiasco. C\u2019est pourquoi il voudrait que Macron et Jean-Luc M\u00e9lenchon l\u2019aident \u00e0 sauver ses meubles de famille, en donnant du sens \u00e0 une initiative d\u00e9su\u00e8te.  Macron peut bien faire ce qu\u2019il veut, nous n\u2019en avons cure  Ce n\u2019est qu\u2019une bulle de savon souffl\u00e9e par le syst\u00e8me et les m\u00e9dias, un homme sans int\u00e9r\u00eat du point de vue des classes populaires.   M\u00e9lenchon lui c\u2019est autre chose. Se d\u00e9clarer candidat \u00e0 l\u2019\u00e9lection Pr\u00e9sidentielle en snobant la primaire \u00ab de la gauche \u00bb, c\u2019est sans nul doute la meilleure chose qu\u2019il est fait ces derniers temps. Cela lui assure dors-et-d\u00e9j\u00e0 une place de choix dans le paysage politique pr\u00e9\u00e9lectoral et lui promet un immense succ\u00e8s. Ce serait une terrible erreur de sa part que de revenir l\u00e0-dessus, que d\u2019\u00e9couter le chant \u00ab de sir\u00e8nes \u00bb de ce lamantin de Cambad\u00e9lis.  Patrick Seignon. \u00ab lavoiedessansvoix.fr \u00bb. Lundi 5 d\u00e9cembre 2016.<\/p>\n","protected":false},"excerpt":{"rendered":"<p>PRIMAIRES DE GAUCHE ?LES LAMENTATIONS DE CAMBADELIS Jean-Christophe Cambad\u00e9lis, \u00e0 la tribune de \u00ab la belle alliance populaire \u00bb, a [&hellip;]<\/p>\n","protected":false},"author":1,"featured_media":4487,"comment_status":"open","ping_status":"open","sticky":false,"template":"","format":"standard","meta":{"sfsi_plus_gutenberg_text_before_share":"","sfsi_plus_gutenberg_show_text_before_share":"","sfsi_plus_gutenberg_icon_type":"","sfsi_plus_gutenberg_icon_alignemt":"","sfsi_plus_gutenburg_max_per_row":"","site-sidebar-layout":"default","site-content-layout":"","ast-site-content-layout":"default","site-content-style":"default","site-sidebar-style":"default","ast-global-header-display":"","ast-banner-title-visibility":"","ast-main-header-display":"","ast-hfb-above-header-display":"","ast-hfb-below-header-display":"","ast-hfb-mobile-header-display":"","site-post-title":"","ast-breadcrumbs-content":"","ast-featured-img":"","footer-sml-layout":"","ast-disable-related-posts":"","theme-transparent-header-meta":"","adv-header-id-meta":"","stick-header-meta":"","header-above-stick-meta":"","header-main-stick-meta":"","header-below-stick-meta":"","astra-migrate-meta-layouts":"default","ast-page-background-enabled":"default","ast-page-background-meta":{"desktop":{"background-color":"var(--ast-global-color-4)","background-image":"","background-repeat":"repeat","background-position":"center center","background-size":"auto","background-attachment":"scroll","background-type":"","background-media":"","overlay-type":"","overlay-color":"","overlay-opacity":"","overlay-gradient":""},"tablet":{"background-color":"","background-image":"","background-repeat":"repeat","background-position":"center center","background-size":"auto","background-attachment":"scroll","background-type":"","background-media":"","overlay-type":"","overlay-color":"","overlay-opacity":"","overlay-gradient":""},"mobile":{"background-color":"","background-image":"","background-repeat":"repeat","background-position":"center center","background-size":"auto","background-attachment":"scroll","background-type":"","background-media":"","overlay-type":"","overlay-color":"","overlay-opacity":"","overlay-gradient":""}},"ast-content-background-meta":{"desktop":{"background-color":"var(--ast-global-color-5)","background-image":"","background-repeat":"repeat","background-position":"center center","background-size":"auto","background-attachment":"scroll","background-type":"","background-media":"","overlay-type":"","overlay-color":"","overlay-opacity":"","overlay-gradient":""},"tablet":{"background-color":"var(--ast-global-color-5)","background-image":"","background-repeat":"repeat","background-position":"center center","background-size":"auto","background-attachment":"scroll","background-type":"","background-media":"","overlay-type":"","overlay-color":"","overlay-opacity":"","overlay-gradient":""},"mobile":{"background-color":"var(--ast-global-color-5)","background-image":"","background-repeat":"repeat","background-position":"center center","background-size":"auto","background-attachment":"scroll","background-type":"","background-media":"","overlay-type":"","overlay-color":"","overlay-opacity":"","overlay-gradient":""}},"footnotes":""},"categories":[16],"tags":[],"class_list":["post-902","post","type-post","status-publish","format-standard","has-post-thumbnail","hentry","category-archives-cms"],"_links":{"self":[{"href":"https:\/\/lavoiedessansvoix.fr\/lavoie\/wp-json\/wp\/v2\/posts\/902","targetHints":{"allow":["GET"]}}],"collection":[{"href":"https:\/\/lavoiedessansvoix.fr\/lavoie\/wp-json\/wp\/v2\/posts"}],"about":[{"href":"https:\/\/lavoiedessansvoix.fr\/lavoie\/wp-json\/wp\/v2\/types\/post"}],"author":[{"embeddable":true,"href":"https:\/\/lavoiedessansvoix.fr\/lavoie\/wp-json\/wp\/v2\/users\/1"}],"replies":[{"embeddable":true,"href":"https:\/\/lavoiedessansvoix.fr\/lavoie\/wp-json\/wp\/v2\/comments?post=902"}],"version-history":[{"count":1,"href":"https:\/\/lavoiedessansvoix.fr\/lavoie\/wp-json\/wp\/v2\/posts\/902\/revisions"}],"predecessor-version":[{"id":3823,"href":"https:\/\/lavoiedessansvoix.fr\/lavoie\/wp-json\/wp\/v2\/posts\/902\/revisions\/3823"}],"wp:featuredmedia":[{"embeddable":true,"href":"https:\/\/lavoiedessansvoix.fr\/lavoie\/wp-json\/wp\/v2\/media\/4487"}],"wp:attachment":[{"href":"https:\/\/lavoiedessansvoix.fr\/lavoie\/wp-json\/wp\/v2\/media?parent=902"}],"wp:term":[{"taxonomy":"category","embeddable":true,"href":"https:\/\/lavoiedessansvoix.fr\/lavoie\/wp-json\/wp\/v2\/categories?post=902"},{"taxonomy":"post_tag","embeddable":true,"href":"https:\/\/lavoiedessansvoix.fr\/lavoie\/wp-json\/wp\/v2\/tags?post=902"}],"curies":[{"name":"wp","href":"https:\/\/api.w.org\/{rel}","templated":true}]}}