{"id":901,"date":"2016-12-06T18:32:00","date_gmt":"2016-12-06T17:32:00","guid":{"rendered":"https:\/\/lavoiedessansvoix.fr\/lavoie\/2016\/12\/06\/archive-valls-en-route-pour-l-humiliation\/"},"modified":"2026-04-26T21:42:37","modified_gmt":"2026-04-26T19:42:37","slug":"archive-valls-en-route-pour-l-humiliation","status":"publish","type":"post","link":"https:\/\/lavoiedessansvoix.fr\/lavoie\/2016\/12\/06\/archive-valls-en-route-pour-l-humiliation\/","title":{"rendered":"VALLS ..  EN ROUTE POUR L\u2019HUMILIATION"},"content":{"rendered":"<p>VALLS ..EN ROUTE POUR L\u2019HUMILIATION   60Nous avons expliqu\u00e9 ant\u00e9rieurement ( \u2026\u2026..) que le probl\u00e8me de la Gauche n\u2019\u00e9tait pas de gagner les prochaines \u00e9lections pr\u00e9sidentielles, mais seulement de limiter les d\u00e9g\u00e2ts. Tenter de sauver le r\u00f4le pivot du PS dans ce conglom\u00e9rat.   Apr\u00e8s avoir subi les affres d\u2019une terrible temp\u00eate sous son cr\u00e2ne, Fran\u00e7ois Hollande s\u2019est sagement rang\u00e9 \u00e0 l\u2019id\u00e9e que sa candidature \u00e0 sa propre succession \u00e9tait le pire des sc\u00e9narios. Alors Valls a \u00e9t\u00e9 d\u00e9sign\u00e9 pour aller au Charbon \u00e0 la place. Et bien que ce dernier fasse bonne figure pour donner le change, il est pleinement conscient qu\u2019il s\u2019agit l\u00e0 d\u2019un cadeau empoisonn\u00e9 qui lui \u00e9choit.   Car Valls, en effet, est-ce tellement mieux que Hollande ? A-t-il vraiment plus de chances de limiter les d\u00e9g\u00e2ts. Rien n\u2019est moins s\u00fbr. Il partage totalement les pires aspects du bilan de Hollande et il s\u2019est signal\u00e9 en plus par son autoritarisme et sa d\u00e9fense. du social-lib\u00e9ralisme.   Valls ou un autre d\u2019ailleurs, ce serait du pareil au m\u00eame. Montebourg ferait peut-\u00eatre un petit peu mieux, 3 \u00e0 6 % de plus, mais son score resterait tout de m\u00eame infiniment bas. Quel que soit le candidat de \u00ab la gauche \u00bb il sera humili\u00e9, car les \u00e9lecteurs en ont soup\u00e9 de cette pr\u00e9tendue gauche et veulent lui faire payer tr\u00e8s cher son autisme, son m\u00e9pris, son arrogance, et sa malhonn\u00eatet\u00e9. Alors, s\u2019il n\u2019est pas humili\u00e9 lors des primaire \u00ab de la gauche \u00bb, ce ne sera pour \u00ab Manouel la muleta \u00bb qu\u2019un recul pour mieux sauter sur les cornes du fauve de l\u2019opinion populaire. L\u2019humiliation n\u2019en serait que plus terrible au premier tour de l\u2019\u00e9lection pr\u00e9sidentielle.  Alors pourquoi s\u2019interrogera-t-on, confront\u00e9 \u00e0 une telle perspective si peu enthousiasmante  et peu porteuse pour la suite de sa carri\u00e8re politique, Manuel Valls a-t-il accept\u00e9 d\u2019endosser la veste du \u00ab sacrifi\u00e9 \u00bb ? Parce que lui et ses comp\u00e8res : Hollande et Macron ont entrepris d\u2019op\u00e9rer une recomposition de la base \u00e9lectorale du PS, ouverte sur le centre et la droite, les chefs d\u2019entreprises. D\u2019assumer pleinement le destin \u00ab social-lib\u00e9ral \u00bb d\u00e9complex\u00e9 du PS. A peine l\u2019op\u00e9ration lanc\u00e9e, peuvent-ils se permettre de se coucher face \u00e0 l\u2019adversit\u00e9 ? Il leur faut au contraire relever le gant. Il leur faut d\u00e9fendre leur projet. Si Hollande renonce il faut, co\u00fbte que co\u00fbte que quelqu\u2019un d\u2019autre monte au cr\u00e9neau \u00e0 sa place A d\u00e9faut ce serait l\u2019implosion assur\u00e9 du PS (parti de gouvernement), et l\u2019\u00e9chec lamentable de ce tournant assum\u00e9 vers son avenir social-lib\u00e9ral. Alors, quoiqu\u2019il en co\u00fbte il faut faire face \u00e0 l\u2019adversit\u00e9. Valls a dit qu\u2019il allait d\u00e9fendre le bilan de ce quinquennat. Diable bien s\u00fbr, c\u2019est le sien. Ne le pas d\u00e9fendre, le critiquer, pour lui ce serait se tirer une balle dans un pied.  Mais l\u2019inverse est tout aussi vrai. Le d\u00e9fendre c\u2019est se tirer une balle dans l\u2019autre pied, s\u2019exposer au risque d\u2019une terrible sanction \u00e9lectorale.   Valls est un cr\u00e2neur.  Et \u00e7a lui plait bien au petit catalan hargneux. Il sait fort bien qu\u2019il est hors de question d\u2019envisager s\u00e9rieusement une victoire aux pr\u00e9sidentielles de 2017, et pas m\u00eame un score honorable, Mais s\u2019il parvient \u00e0 s\u2019imposer aux primaires \u00ab de gauche \u00bb, ce qui n\u2019est pas jou\u00e9 d\u2019avance. S\u2019il parvient \u00e0 \u00eatre le candidat investi de \u00ab la Gauche \u00bb pour les pr\u00e9sidentielles de 2017, il prend acte en v\u00e9rit\u00e9 pour l\u2019avenir (2022 ou 2027) en devenant ce que la presse nomme \u00ab un pr\u00e9sidentiable. Voil\u00e0 qu\u2019elle est malgr\u00e9 tout sa motivation personnelle dans cette affaire.  L\u2019\u00e9chec de Lionel Jospin d\u00e8s le premier tour des \u00e9lections pr\u00e9sidentielles de 2002, avait cr\u00e9\u00e9 un traumatisme dans la frange de l\u2019\u00e9lectorat de \u00ab gauche \u00bb qui l\u2019avait abandonn\u00e9 mais s\u2019en repentait. Ce ne sera pas le cas en 2017. Cette foi les \u00e9lecteurs sanctionneront de sang-froid et en pleine conscience des cons\u00e9quences, dusse la sanction provoquer l\u2019an\u00e9antissement du PS.  Au point de vue des classes laborieuses le PS est une calamit\u00e9, un pi\u00e8ge, un carcan. Sa disparition serait une b\u00e9n\u00e9diction car elle rouvrirait l\u2019espace des possibles. Le sc\u00e9nario qui se met en place pour les prochaines Pr\u00e9sidentielles rend cette hypoth\u00e8se accessible. C\u2019est une aubaine historique dont les classes laborieuses, les \u00e9lecteurs modestes de \u00bb notre pays doivent se saisir sans \u00e9tats d\u2019\u00e2me.  Valls et sa clique \u00ab sociale-lib\u00e9rale \u00bb, veulent aussi d\u2019une certaine mani\u00e8re en finir avec le vieux PS de Gauche d\u2019Epinay. Ils veulent recomposer un nouveau parti calqu\u00e9 sur le mod\u00e8le du parti d\u00e9mocrate am\u00e9ricain sans attache sociologique pr\u00e9cise, sans aucune d\u00e9pendance \u00ab sociale-\u00e9conomique \u00bb \u00e0 une quelconque classe laborieuse susceptible de lui demander des comptes. Les autres, les \u00ab frondeurs \u00bb la \u00ab gauche socialiste \u00bb, accepteront-il de partager ce destin qui est la n\u00e9gation de toutes leurs convictions et leurs engagements ? Ou pr\u00e9f\u00e9reront ils s\u2019en inventer un autre ?  Alors oui ! Il faut prendre Valls et sa clique au mot. Et puisque recomposition il doit y avoir, en profiter pour recomposer, sans eux, un v\u00e9ritable parti \u00ab de Gauche \u00bb, ou plus exactement un v\u00e9ritable parti des travailleurs et des classes laborieuses enti\u00e8rement ind\u00e9pendant du PS quel que soit le nom qu\u2019il adoptera.  La candidature de Manuel Valls qui cristallise tous les rejets et toutes les crispations est d\u2019une certaine mani\u00e8re la meilleure chose qui pouvait advenir dans cette perspective. Que le rejet de Manuel Valls soit aux \u00e9lecteurs Fran\u00e7ais une motivation suppl\u00e9mentaire pour pr\u00e9cipiter la mort politique du PS..  Patrick Seignon. \u00ab lavoiedessansvoix.fr \u00bb Mercredi 7 d\u00e9cembre 2016.<\/p>\n","protected":false},"excerpt":{"rendered":"<p>VALLS ..EN ROUTE POUR L\u2019HUMILIATION 60Nous avons expliqu\u00e9 ant\u00e9rieurement ( \u2026\u2026..) que le probl\u00e8me de la Gauche n\u2019\u00e9tait pas de [&hellip;]<\/p>\n","protected":false},"author":1,"featured_media":4486,"comment_status":"open","ping_status":"open","sticky":false,"template":"","format":"standard","meta":{"sfsi_plus_gutenberg_text_before_share":"","sfsi_plus_gutenberg_show_text_before_share":"","sfsi_plus_gutenberg_icon_type":"","sfsi_plus_gutenberg_icon_alignemt":"","sfsi_plus_gutenburg_max_per_row":"","site-sidebar-layout":"default","site-content-layout":"","ast-site-content-layout":"default","site-content-style":"default","site-sidebar-style":"default","ast-global-header-display":"","ast-banner-title-visibility":"","ast-main-header-display":"","ast-hfb-above-header-display":"","ast-hfb-below-header-display":"","ast-hfb-mobile-header-display":"","site-post-title":"","ast-breadcrumbs-content":"","ast-featured-img":"","footer-sml-layout":"","ast-disable-related-posts":"","theme-transparent-header-meta":"","adv-header-id-meta":"","stick-header-meta":"","header-above-stick-meta":"","header-main-stick-meta":"","header-below-stick-meta":"","astra-migrate-meta-layouts":"default","ast-page-background-enabled":"default","ast-page-background-meta":{"desktop":{"background-color":"var(--ast-global-color-4)","background-image":"","background-repeat":"repeat","background-position":"center center","background-size":"auto","background-attachment":"scroll","background-type":"","background-media":"","overlay-type":"","overlay-color":"","overlay-opacity":"","overlay-gradient":""},"tablet":{"background-color":"","background-image":"","background-repeat":"repeat","background-position":"center center","background-size":"auto","background-attachment":"scroll","background-type":"","background-media":"","overlay-type":"","overlay-color":"","overlay-opacity":"","overlay-gradient":""},"mobile":{"background-color":"","background-image":"","background-repeat":"repeat","background-position":"center center","background-size":"auto","background-attachment":"scroll","background-type":"","background-media":"","overlay-type":"","overlay-color":"","overlay-opacity":"","overlay-gradient":""}},"ast-content-background-meta":{"desktop":{"background-color":"var(--ast-global-color-5)","background-image":"","background-repeat":"repeat","background-position":"center center","background-size":"auto","background-attachment":"scroll","background-type":"","background-media":"","overlay-type":"","overlay-color":"","overlay-opacity":"","overlay-gradient":""},"tablet":{"background-color":"var(--ast-global-color-5)","background-image":"","background-repeat":"repeat","background-position":"center center","background-size":"auto","background-attachment":"scroll","background-type":"","background-media":"","overlay-type":"","overlay-color":"","overlay-opacity":"","overlay-gradient":""},"mobile":{"background-color":"var(--ast-global-color-5)","background-image":"","background-repeat":"repeat","background-position":"center center","background-size":"auto","background-attachment":"scroll","background-type":"","background-media":"","overlay-type":"","overlay-color":"","overlay-opacity":"","overlay-gradient":""}},"footnotes":""},"categories":[16],"tags":[],"class_list":["post-901","post","type-post","status-publish","format-standard","has-post-thumbnail","hentry","category-archives-cms"],"_links":{"self":[{"href":"https:\/\/lavoiedessansvoix.fr\/lavoie\/wp-json\/wp\/v2\/posts\/901","targetHints":{"allow":["GET"]}}],"collection":[{"href":"https:\/\/lavoiedessansvoix.fr\/lavoie\/wp-json\/wp\/v2\/posts"}],"about":[{"href":"https:\/\/lavoiedessansvoix.fr\/lavoie\/wp-json\/wp\/v2\/types\/post"}],"author":[{"embeddable":true,"href":"https:\/\/lavoiedessansvoix.fr\/lavoie\/wp-json\/wp\/v2\/users\/1"}],"replies":[{"embeddable":true,"href":"https:\/\/lavoiedessansvoix.fr\/lavoie\/wp-json\/wp\/v2\/comments?post=901"}],"version-history":[{"count":1,"href":"https:\/\/lavoiedessansvoix.fr\/lavoie\/wp-json\/wp\/v2\/posts\/901\/revisions"}],"predecessor-version":[{"id":3821,"href":"https:\/\/lavoiedessansvoix.fr\/lavoie\/wp-json\/wp\/v2\/posts\/901\/revisions\/3821"}],"wp:featuredmedia":[{"embeddable":true,"href":"https:\/\/lavoiedessansvoix.fr\/lavoie\/wp-json\/wp\/v2\/media\/4486"}],"wp:attachment":[{"href":"https:\/\/lavoiedessansvoix.fr\/lavoie\/wp-json\/wp\/v2\/media?parent=901"}],"wp:term":[{"taxonomy":"category","embeddable":true,"href":"https:\/\/lavoiedessansvoix.fr\/lavoie\/wp-json\/wp\/v2\/categories?post=901"},{"taxonomy":"post_tag","embeddable":true,"href":"https:\/\/lavoiedessansvoix.fr\/lavoie\/wp-json\/wp\/v2\/tags?post=901"}],"curies":[{"name":"wp","href":"https:\/\/api.w.org\/{rel}","templated":true}]}}