{"id":900,"date":"2016-12-10T05:07:00","date_gmt":"2016-12-10T04:07:00","guid":{"rendered":"https:\/\/lavoiedessansvoix.fr\/lavoie\/2016\/12\/10\/archive-rebattre-les-cartes-presidentielles-2017\/"},"modified":"2026-04-26T21:42:27","modified_gmt":"2026-04-26T19:42:27","slug":"archive-rebattre-les-cartes-presidentielles-2017","status":"publish","type":"post","link":"https:\/\/lavoiedessansvoix.fr\/lavoie\/2016\/12\/10\/archive-rebattre-les-cartes-presidentielles-2017\/","title":{"rendered":"REBATTRE LES CARTES  (Pr\u00e9sidentielles 2017)"},"content":{"rendered":"<p>REBATTRE LES CARTES(Pr\u00e9sidentielles 2017)Voil\u00e0 donc que Manuel Valls, la petite teigne camp\u00e9e dans la statue de Mussolini, apr\u00e8s avoir d\u00e9chiquet\u00e9 ce qui restait de \u00ab la Gauche \u00bb avec sa politique social-lib\u00e9rale brutale, pr\u00e9tends jouer \u00e0 pr\u00e9sent les r\u00e9conciliateurs.  Le choix de l\u2019homme pour endosser ce r\u00f4le, en dit long sur la profondeur de la crise qui traverse \u00ab la gauche \u00bb. Manuel Valls est en effet pour jouer les \u00ab rassembleurs \u00bb, le plus mal plac\u00e9 qui soit. Mais il n\u2019y en avait pas d\u2019autre possible.  Avec ses d\u00e9clarations d\u2019amour aux entreprises ou celles sur les \u00ab Roms \u00bb qui ont vocation \u00e0 rentrer en Roumanie, ses prises de positions sur les 35 heures et le travail des dimanches, la loi travail et l\u2019usage du 49-3, les humiliations inflig\u00e9es au parlement en g\u00e9n\u00e9ral et au groupe des \u00ab frondeurs du PS en particulier, j\u2019en passe et des pires, Manuel Valls a insult\u00e9 l\u2019avenir. Tant et si bien que la meilleure esp\u00e9rance que l\u2019on puisse placer dans l\u2019avenir c\u2019est que l\u2019avenir le lui fasse payer tr\u00e8s cher.  \u00ab La Gauche \u00bb, le \u00ab PS \u00bb sont en crise. C\u2019est ce dont t\u00e9moigne la multitude des candidatures aux \u00ab primaires \u00bb annonc\u00e9es dont il est probable qu\u2019elles ne brillent pas par leur succ\u00e8s populaire. Mais ce dont t\u00e9moigne aussi la multiplicit\u00e9 des candidatures, de tous bords, hors primaires.  \u00ab La Gauche \u00bb, le PS sont en crise. \u00ab La Droite \u00bb aurait tort de s\u2019en r\u00e9jouir.  Car c\u2019est ainsi le syst\u00e8me de \u00ab l\u2019alternance et du bipartisme \u00bb qui sont en crise, ce sont les institutions de la 5\u00e8me R\u00e9publique. La d\u00e9t\u00e9rioration en effet de l\u2019une de ses deux roues  ne peut que mettre en p\u00e9ril le char lui-m\u00eame.  La crise institutionnelle de la 5\u00e8me R\u00e9publique sera ressentie bien s\u00fbr comme une calamit\u00e9 par tous ses laudateurs, par tous ceux qui fondaient sur sa stabilit\u00e9 l\u2019esp\u00e9rance de p\u00e9rennit\u00e9 de leur pouvoir de classe et du syst\u00e8me social en place.Mais ne vous alarmez pas braves gens. Pour vous, pour nous, pour le peuple des \u00ab petits \u00bb et des besogneux, la crise institutionnelle de leur 5\u00e8me R\u00e9publique ne peut-\u00eatre qu\u2019une chance historique de rebattre enfin les cartes des rapports politiques entre les classes.  Ils ont l\u2019impertinence de nous proposer comme pr\u00e9tendu repr\u00e9sentant et rassembleur de \u00ab la gauche \u00bb, la petite brute qui est l\u2019ultime cause de son d\u00e9mant\u00e8lement. Nous devons leur faire payer tr\u00e8s cher la politique antisociale qui a \u00e9t\u00e9 la leur, mais aussi cette outrecuidance qu\u2019ils affichent de la sorte.  Battre Manuel Valls et le Parti Socialiste, jusqu\u2019\u00e0 l\u2019humiliation, voil\u00e0 ce que doit \u00eatre le mot d\u2019ordre pour les pr\u00e9sidentielles de 2017. Voil\u00e0 le premier objectif que nous devons nous fixer. Or le meilleur moyen de l\u2019atteindre est tout d\u2019abord de boycotter les \u00ab primaires de toute la gauche \u00bb.  Battre Manuel Valls et son parti c\u2019est tr\u00e8s probablement, dans les circonstances actuelles, pr\u00e9cipiter le Parti Socialiste aux abysses de l\u2019Histoire et d\u00e9gager ainsi la route \u00e0 une recomposition totale du paysage politique fran\u00e7ais.  Oui mais ? S\u2019inqui\u00e8teront les timides et les frileux, ceux qui de : \u00ab attention la Droite revient \u00bb en \u00ab diabolisation du FN \u00bb, se pi\u00e8gent et nous pi\u00e8gent depuis des d\u00e9cennies dans une spirale mortif\u00e8re, qui a assur\u00e9 chaque fois un peu plus les succ\u00e8s du \u00ab Front National \u00bb et provoqu\u00e9 la droitisation g\u00e9n\u00e9rale de la politique fran\u00e7aise. Oui mais, diront-ils, ne fait-on pas de la sorte le jeu de la Droite voire m\u00eame de l\u2019extr\u00eame droite ?  Non !  C\u2019est la politique d\u00e9moralisatrice de la \u00ab Gauche \u00bb qui depuis les ann\u00e9es 80 a creus\u00e9 le lit du FN et provoqu\u00e9 le glissement g\u00e9n\u00e9ral \u00e0 droite de la soci\u00e9t\u00e9 fran\u00e7aise. Liquider \u00ab la Gauche \u00bb et le PS qui en est l\u2019\u00e2me damn\u00e9e, c\u2019est rendre de l\u2019espace et de la respiration \u00e0 la mobilisation populaire et donner des chances \u00e0 la r\u00e9surgence d\u2019un v\u00e9ritable parti du peuple laborieux. On ne peut faire l\u2019\u00e9conomie d\u2019une telle crise ni des hypoth\u00e8ques et dangers qui l\u2019accompagnent. C\u2019est le chemin forc\u00e9 de l\u2019Histoire pour mettre enfin un terme \u00e0 la d\u00e9rive droitiste de notre soci\u00e9t\u00e9 et avoir une chance de barrer d\u00e9finitivement la route du pouvoir au FN.  Patrick Seignon. \u00ab lavoiedessansvoix.fr \u00bb. Samedi 10 d\u00e9cembre 2016.<\/p>\n","protected":false},"excerpt":{"rendered":"<p>REBATTRE LES CARTES(Pr\u00e9sidentielles 2017)Voil\u00e0 donc que Manuel Valls, la petite teigne camp\u00e9e dans la statue de Mussolini, apr\u00e8s avoir d\u00e9chiquet\u00e9 [&hellip;]<\/p>\n","protected":false},"author":1,"featured_media":4485,"comment_status":"open","ping_status":"open","sticky":false,"template":"","format":"standard","meta":{"sfsi_plus_gutenberg_text_before_share":"","sfsi_plus_gutenberg_show_text_before_share":"","sfsi_plus_gutenberg_icon_type":"","sfsi_plus_gutenberg_icon_alignemt":"","sfsi_plus_gutenburg_max_per_row":"","site-sidebar-layout":"default","site-content-layout":"","ast-site-content-layout":"default","site-content-style":"default","site-sidebar-style":"default","ast-global-header-display":"","ast-banner-title-visibility":"","ast-main-header-display":"","ast-hfb-above-header-display":"","ast-hfb-below-header-display":"","ast-hfb-mobile-header-display":"","site-post-title":"","ast-breadcrumbs-content":"","ast-featured-img":"","footer-sml-layout":"","ast-disable-related-posts":"","theme-transparent-header-meta":"","adv-header-id-meta":"","stick-header-meta":"","header-above-stick-meta":"","header-main-stick-meta":"","header-below-stick-meta":"","astra-migrate-meta-layouts":"default","ast-page-background-enabled":"default","ast-page-background-meta":{"desktop":{"background-color":"var(--ast-global-color-4)","background-image":"","background-repeat":"repeat","background-position":"center center","background-size":"auto","background-attachment":"scroll","background-type":"","background-media":"","overlay-type":"","overlay-color":"","overlay-opacity":"","overlay-gradient":""},"tablet":{"background-color":"","background-image":"","background-repeat":"repeat","background-position":"center center","background-size":"auto","background-attachment":"scroll","background-type":"","background-media":"","overlay-type":"","overlay-color":"","overlay-opacity":"","overlay-gradient":""},"mobile":{"background-color":"","background-image":"","background-repeat":"repeat","background-position":"center center","background-size":"auto","background-attachment":"scroll","background-type":"","background-media":"","overlay-type":"","overlay-color":"","overlay-opacity":"","overlay-gradient":""}},"ast-content-background-meta":{"desktop":{"background-color":"var(--ast-global-color-5)","background-image":"","background-repeat":"repeat","background-position":"center center","background-size":"auto","background-attachment":"scroll","background-type":"","background-media":"","overlay-type":"","overlay-color":"","overlay-opacity":"","overlay-gradient":""},"tablet":{"background-color":"var(--ast-global-color-5)","background-image":"","background-repeat":"repeat","background-position":"center center","background-size":"auto","background-attachment":"scroll","background-type":"","background-media":"","overlay-type":"","overlay-color":"","overlay-opacity":"","overlay-gradient":""},"mobile":{"background-color":"var(--ast-global-color-5)","background-image":"","background-repeat":"repeat","background-position":"center center","background-size":"auto","background-attachment":"scroll","background-type":"","background-media":"","overlay-type":"","overlay-color":"","overlay-opacity":"","overlay-gradient":""}},"footnotes":""},"categories":[16],"tags":[],"class_list":["post-900","post","type-post","status-publish","format-standard","has-post-thumbnail","hentry","category-archives-cms"],"_links":{"self":[{"href":"https:\/\/lavoiedessansvoix.fr\/lavoie\/wp-json\/wp\/v2\/posts\/900","targetHints":{"allow":["GET"]}}],"collection":[{"href":"https:\/\/lavoiedessansvoix.fr\/lavoie\/wp-json\/wp\/v2\/posts"}],"about":[{"href":"https:\/\/lavoiedessansvoix.fr\/lavoie\/wp-json\/wp\/v2\/types\/post"}],"author":[{"embeddable":true,"href":"https:\/\/lavoiedessansvoix.fr\/lavoie\/wp-json\/wp\/v2\/users\/1"}],"replies":[{"embeddable":true,"href":"https:\/\/lavoiedessansvoix.fr\/lavoie\/wp-json\/wp\/v2\/comments?post=900"}],"version-history":[{"count":1,"href":"https:\/\/lavoiedessansvoix.fr\/lavoie\/wp-json\/wp\/v2\/posts\/900\/revisions"}],"predecessor-version":[{"id":3819,"href":"https:\/\/lavoiedessansvoix.fr\/lavoie\/wp-json\/wp\/v2\/posts\/900\/revisions\/3819"}],"wp:featuredmedia":[{"embeddable":true,"href":"https:\/\/lavoiedessansvoix.fr\/lavoie\/wp-json\/wp\/v2\/media\/4485"}],"wp:attachment":[{"href":"https:\/\/lavoiedessansvoix.fr\/lavoie\/wp-json\/wp\/v2\/media?parent=900"}],"wp:term":[{"taxonomy":"category","embeddable":true,"href":"https:\/\/lavoiedessansvoix.fr\/lavoie\/wp-json\/wp\/v2\/categories?post=900"},{"taxonomy":"post_tag","embeddable":true,"href":"https:\/\/lavoiedessansvoix.fr\/lavoie\/wp-json\/wp\/v2\/tags?post=900"}],"curies":[{"name":"wp","href":"https:\/\/api.w.org\/{rel}","templated":true}]}}