{"id":898,"date":"2016-12-16T08:57:00","date_gmt":"2016-12-16T07:57:00","guid":{"rendered":"https:\/\/lavoiedessansvoix.fr\/lavoie\/2016\/12\/16\/archive-manuel-valls-se-fiche-de-vous\/"},"modified":"2026-04-26T21:42:08","modified_gmt":"2026-04-26T19:42:08","slug":"archive-manuel-valls-se-fiche-de-vous","status":"publish","type":"post","link":"https:\/\/lavoiedessansvoix.fr\/lavoie\/2016\/12\/16\/archive-manuel-valls-se-fiche-de-vous\/","title":{"rendered":"MANUEL VALLS SE FICHE DE VOUS"},"content":{"rendered":"<p>MANUEL VALLS SE FICHE DE VOUS   Devenu candidat \u00e0 la candidature, Manuel Valls, le premier ministre qui a us\u00e9 sans vergogne du \u00ab 49-3 \u00bb, contre les d\u00e9put\u00e9s de son propre camps et contre l\u2019opinion publique tr\u00e8s largement oppos\u00e9e \u00e0 son projet de \u00ab loi travail\u2019, par exemple, pr\u00e9tend, pour le cas o\u00f9 il serait \u00e9lu, qu\u2019il engagerait un processus de r\u00e9vision constitutionnelle afin de supprimer carr\u00e9ment le \u00ab 49-3 \u00bb  Est-ce bien s\u00e9rieux ?  Non bien s\u00fbr. Vous l\u2019avez compris, Manuel Valls se fiche de vous.  Nous avons expliqu\u00e9 pr\u00e9c\u00e9demment que la probl\u00e9matique de \u00ab la Gauche \u00bb en g\u00e9n\u00e9ral et du \u00ab P.S. \u00bb en particulier, n\u2019\u00e9tait pas de gagner les prochaines \u00e9lections de 2017 ce qui est hors de port\u00e9e, mais seulement de limiter les d\u00e9g\u00e2ts. Dans cette perspective tous les stratag\u00e8mes sont permis. La suppression du \u00ab 49-3 \u00bb promis par Manuel Valls en est un. Cela en effet lui permet de tenter de corriger son image autoritaire \u00e0 peu de frais, et ne l\u2019engage en v\u00e9rit\u00e9 absolument \u00e0 rien, puisqu\u2019il n\u2019a aucune chance d\u2019\u00eatre \u00e9lu. Peut-\u00eatre m\u00eame ne Passerat il pas le cap des primaires de son propre parti. C\u2019est ce que, pour notre part, nous lui souhaitons.    L\u2019ardoise \u00e0 lui faire payer \u00e9tait d\u00e9j\u00e0 longue. En plus \u00e0 pr\u00e9sent, goguenard il se fiche de nous. Les fran\u00e7ais, ceux qui se disent \u00ab de Gauche \u00bb en particulier, encore d\u2019avantage ceux qui comme moi refusent de s\u2019identifier \u00e0 \u00ab la Gauche politique \u00bb parce qu\u2019ils sont de la vraie gauche sociale, ont acquis en cela une raison suppl\u00e9mentaire de \u00ab virer \u00bb Manuel Valls.     Et la meilleure fa\u00e7on de le faire est de d\u00e9cr\u00e9dibiliser \u00ab les primaires \u00bb de ce parti diabolique en les boycottant.    Patrick Seignon. \u00ab lavoiedessansvoix.fr \u00bb Vendredi 16 d\u00e9cembre 2016.<\/p>\n","protected":false},"excerpt":{"rendered":"<p>MANUEL VALLS SE FICHE DE VOUS Devenu candidat \u00e0 la candidature, Manuel Valls, le premier ministre qui a us\u00e9 sans [&hellip;]<\/p>\n","protected":false},"author":1,"featured_media":4483,"comment_status":"open","ping_status":"open","sticky":false,"template":"","format":"standard","meta":{"sfsi_plus_gutenberg_text_before_share":"","sfsi_plus_gutenberg_show_text_before_share":"","sfsi_plus_gutenberg_icon_type":"","sfsi_plus_gutenberg_icon_alignemt":"","sfsi_plus_gutenburg_max_per_row":"","site-sidebar-layout":"default","site-content-layout":"","ast-site-content-layout":"default","site-content-style":"default","site-sidebar-style":"default","ast-global-header-display":"","ast-banner-title-visibility":"","ast-main-header-display":"","ast-hfb-above-header-display":"","ast-hfb-below-header-display":"","ast-hfb-mobile-header-display":"","site-post-title":"","ast-breadcrumbs-content":"","ast-featured-img":"","footer-sml-layout":"","ast-disable-related-posts":"","theme-transparent-header-meta":"","adv-header-id-meta":"","stick-header-meta":"","header-above-stick-meta":"","header-main-stick-meta":"","header-below-stick-meta":"","astra-migrate-meta-layouts":"default","ast-page-background-enabled":"default","ast-page-background-meta":{"desktop":{"background-color":"var(--ast-global-color-4)","background-image":"","background-repeat":"repeat","background-position":"center center","background-size":"auto","background-attachment":"scroll","background-type":"","background-media":"","overlay-type":"","overlay-color":"","overlay-opacity":"","overlay-gradient":""},"tablet":{"background-color":"","background-image":"","background-repeat":"repeat","background-position":"center center","background-size":"auto","background-attachment":"scroll","background-type":"","background-media":"","overlay-type":"","overlay-color":"","overlay-opacity":"","overlay-gradient":""},"mobile":{"background-color":"","background-image":"","background-repeat":"repeat","background-position":"center center","background-size":"auto","background-attachment":"scroll","background-type":"","background-media":"","overlay-type":"","overlay-color":"","overlay-opacity":"","overlay-gradient":""}},"ast-content-background-meta":{"desktop":{"background-color":"var(--ast-global-color-5)","background-image":"","background-repeat":"repeat","background-position":"center center","background-size":"auto","background-attachment":"scroll","background-type":"","background-media":"","overlay-type":"","overlay-color":"","overlay-opacity":"","overlay-gradient":""},"tablet":{"background-color":"var(--ast-global-color-5)","background-image":"","background-repeat":"repeat","background-position":"center center","background-size":"auto","background-attachment":"scroll","background-type":"","background-media":"","overlay-type":"","overlay-color":"","overlay-opacity":"","overlay-gradient":""},"mobile":{"background-color":"var(--ast-global-color-5)","background-image":"","background-repeat":"repeat","background-position":"center center","background-size":"auto","background-attachment":"scroll","background-type":"","background-media":"","overlay-type":"","overlay-color":"","overlay-opacity":"","overlay-gradient":""}},"footnotes":""},"categories":[16],"tags":[],"class_list":["post-898","post","type-post","status-publish","format-standard","has-post-thumbnail","hentry","category-archives-cms"],"_links":{"self":[{"href":"https:\/\/lavoiedessansvoix.fr\/lavoie\/wp-json\/wp\/v2\/posts\/898","targetHints":{"allow":["GET"]}}],"collection":[{"href":"https:\/\/lavoiedessansvoix.fr\/lavoie\/wp-json\/wp\/v2\/posts"}],"about":[{"href":"https:\/\/lavoiedessansvoix.fr\/lavoie\/wp-json\/wp\/v2\/types\/post"}],"author":[{"embeddable":true,"href":"https:\/\/lavoiedessansvoix.fr\/lavoie\/wp-json\/wp\/v2\/users\/1"}],"replies":[{"embeddable":true,"href":"https:\/\/lavoiedessansvoix.fr\/lavoie\/wp-json\/wp\/v2\/comments?post=898"}],"version-history":[{"count":1,"href":"https:\/\/lavoiedessansvoix.fr\/lavoie\/wp-json\/wp\/v2\/posts\/898\/revisions"}],"predecessor-version":[{"id":3815,"href":"https:\/\/lavoiedessansvoix.fr\/lavoie\/wp-json\/wp\/v2\/posts\/898\/revisions\/3815"}],"wp:featuredmedia":[{"embeddable":true,"href":"https:\/\/lavoiedessansvoix.fr\/lavoie\/wp-json\/wp\/v2\/media\/4483"}],"wp:attachment":[{"href":"https:\/\/lavoiedessansvoix.fr\/lavoie\/wp-json\/wp\/v2\/media?parent=898"}],"wp:term":[{"taxonomy":"category","embeddable":true,"href":"https:\/\/lavoiedessansvoix.fr\/lavoie\/wp-json\/wp\/v2\/categories?post=898"},{"taxonomy":"post_tag","embeddable":true,"href":"https:\/\/lavoiedessansvoix.fr\/lavoie\/wp-json\/wp\/v2\/tags?post=898"}],"curies":[{"name":"wp","href":"https:\/\/api.w.org\/{rel}","templated":true}]}}