{"id":897,"date":"2016-12-16T18:25:00","date_gmt":"2016-12-16T17:25:00","guid":{"rendered":"https:\/\/lavoiedessansvoix.fr\/lavoie\/2016\/12\/16\/archive-alep-cliche-de-la-desinformation-pris-sur-le-vif\/"},"modified":"2026-04-26T21:42:01","modified_gmt":"2026-04-26T19:42:01","slug":"archive-alep-cliche-de-la-desinformation-pris-sur-le-vif","status":"publish","type":"post","link":"https:\/\/lavoiedessansvoix.fr\/lavoie\/2016\/12\/16\/archive-alep-cliche-de-la-desinformation-pris-sur-le-vif\/","title":{"rendered":"ALEP :  CLICHE DE LA D\u00c9SINFORMATION PRIS SUR LE VIF"},"content":{"rendered":"<p>ALEP :CLICHE DE LA D\u00c9SINFORMATION PRIS SUR LE VIF  Dire tout le d\u00e9gout que nous inspire la \u00ab couverture \u00bb de la victoire syrienne d\u2019Alep par nos m\u00e9dias occidentaux et fran\u00e7ais est totalement impossible. Trop de mensonges, trop de mauvaise foi, trop de haine, trop de fausses nouvelles et de d\u00e9sinformations ont \u00e9t\u00e9 d\u00e9vers\u00e9es. On ne peut pas r\u00e9pondre \u00e0 tout. Alors \u00e0 d\u00e9faut nous prendrons un seul exemple fort significatif qui illustre \u00e0 merveille l\u2019insanit\u00e9 de ces pr\u00e9tendues \u00ab informations \u00bb et de ceux qui nous les servent.    Mercredi soir, reportage sur \u00ab France 2 \u00bb. On voit un alignement de bus verts stationnant en file ; En haut au centre du parebrise, une affiche au portrait de Bachar Al Assad.    Le commentaire :\u00c9tait \u00e0 peu pr\u00e8s le suivant. \u00ab Les bus \u00e9taient l\u00e0 mais les habitants d\u2019Alep ne sont pas venu. \u00bb En effet, pas de file ou foule humaine visible alentour. Personne !      la chute :  \u00ab Avec le portrait de Bachar Al Assad sur les parebrises, pas \u00e9tonnant que les gens aient refus\u00e9 de monter dedans. \u00bb    Analyse :Si tel \u00e9tait le cas \u00e7a devraient nous interroger sur la sant\u00e9 mentale de ces gens \u00ab \u00e9cras\u00e9s sous les tapis de bombes du r\u00e9gime \u00bb, qui pr\u00e9f\u00e8rent rester l\u00e0 \u00e0 mourir plut\u00f4t que d\u2019\u00e9vacuer la zone des combats au seul pr\u00e9texte futile qu\u2019un portrait du Pr\u00e9sident syrien orne les parebrises des bus.    En fait \u00e7a nous interroge surtout sur la sant\u00e9 mentale des journalistes t\u00e9l\u00e9 qui s\u2019autorisent \u00e0 d\u00e9biter de telles insanit\u00e9s.    Mais soit, dira-t-on, on pourrait comprendre que certains fanatiques hyst\u00e9riques fassent un tel choix irrationnel, pr\u00e9f\u00e9rant mourir les armes \u00e0 la main plut\u00f4t que de monter dans les bus affr\u00e9t\u00e9s par leur vainqueur. Mais le probl\u00e8me du reportage c\u2019est qu\u2019il n\u2019y avait personne, pas m\u00eame ses fous hyst\u00e9riques qui refusaient de monter dans les bus. \u00ab Pas \u00e9tonnant que les gens aient refus\u00e9 de \u00bb monter dans les bus \u00bb ? Mais pourquoi ne les ont-ils pas film\u00e9s ?    Pour refuser de monter dans les bus, encore fallait-il que, \u00ab les gens \u00bb selon le commentateur, quelques fous hyst\u00e9riques selon nous, soient l\u00e0. Or, nous l\u2019avons d\u00e9j\u00e0 dit il n\u2019y avait personne. Les combattants de la libert\u00e9 et de la d\u00e9mocratie d\u2019Alep Est, amis de l\u2019Occident les avaient retenus, s\u00e9questr\u00e9s sous la menace. Voil\u00e0 pourquoi nos journalistes n\u2019ont pas pu filmer les gens qui refusaient de monter dans les bus. Ils les ont simplement invent\u00e9s.    Tout le reste est \u00e0 l\u2019avenant, ou bien pire, de la bouillie naus\u00e9abonde.    Patrick Seignon. \u00ab lavoiedessansvoix.fr \u00bb Samedi 17 d\u00e9cembre 2016.<\/p>\n","protected":false},"excerpt":{"rendered":"<p>ALEP :CLICHE DE LA D\u00c9SINFORMATION PRIS SUR LE VIF Dire tout le d\u00e9gout que nous inspire la \u00ab couverture \u00bb [&hellip;]<\/p>\n","protected":false},"author":1,"featured_media":4482,"comment_status":"open","ping_status":"open","sticky":false,"template":"","format":"standard","meta":{"sfsi_plus_gutenberg_text_before_share":"","sfsi_plus_gutenberg_show_text_before_share":"","sfsi_plus_gutenberg_icon_type":"","sfsi_plus_gutenberg_icon_alignemt":"","sfsi_plus_gutenburg_max_per_row":"","site-sidebar-layout":"default","site-content-layout":"","ast-site-content-layout":"default","site-content-style":"default","site-sidebar-style":"default","ast-global-header-display":"","ast-banner-title-visibility":"","ast-main-header-display":"","ast-hfb-above-header-display":"","ast-hfb-below-header-display":"","ast-hfb-mobile-header-display":"","site-post-title":"","ast-breadcrumbs-content":"","ast-featured-img":"","footer-sml-layout":"","ast-disable-related-posts":"","theme-transparent-header-meta":"","adv-header-id-meta":"","stick-header-meta":"","header-above-stick-meta":"","header-main-stick-meta":"","header-below-stick-meta":"","astra-migrate-meta-layouts":"default","ast-page-background-enabled":"default","ast-page-background-meta":{"desktop":{"background-color":"var(--ast-global-color-4)","background-image":"","background-repeat":"repeat","background-position":"center center","background-size":"auto","background-attachment":"scroll","background-type":"","background-media":"","overlay-type":"","overlay-color":"","overlay-opacity":"","overlay-gradient":""},"tablet":{"background-color":"","background-image":"","background-repeat":"repeat","background-position":"center center","background-size":"auto","background-attachment":"scroll","background-type":"","background-media":"","overlay-type":"","overlay-color":"","overlay-opacity":"","overlay-gradient":""},"mobile":{"background-color":"","background-image":"","background-repeat":"repeat","background-position":"center center","background-size":"auto","background-attachment":"scroll","background-type":"","background-media":"","overlay-type":"","overlay-color":"","overlay-opacity":"","overlay-gradient":""}},"ast-content-background-meta":{"desktop":{"background-color":"var(--ast-global-color-5)","background-image":"","background-repeat":"repeat","background-position":"center center","background-size":"auto","background-attachment":"scroll","background-type":"","background-media":"","overlay-type":"","overlay-color":"","overlay-opacity":"","overlay-gradient":""},"tablet":{"background-color":"var(--ast-global-color-5)","background-image":"","background-repeat":"repeat","background-position":"center center","background-size":"auto","background-attachment":"scroll","background-type":"","background-media":"","overlay-type":"","overlay-color":"","overlay-opacity":"","overlay-gradient":""},"mobile":{"background-color":"var(--ast-global-color-5)","background-image":"","background-repeat":"repeat","background-position":"center center","background-size":"auto","background-attachment":"scroll","background-type":"","background-media":"","overlay-type":"","overlay-color":"","overlay-opacity":"","overlay-gradient":""}},"footnotes":""},"categories":[16],"tags":[],"class_list":["post-897","post","type-post","status-publish","format-standard","has-post-thumbnail","hentry","category-archives-cms"],"_links":{"self":[{"href":"https:\/\/lavoiedessansvoix.fr\/lavoie\/wp-json\/wp\/v2\/posts\/897","targetHints":{"allow":["GET"]}}],"collection":[{"href":"https:\/\/lavoiedessansvoix.fr\/lavoie\/wp-json\/wp\/v2\/posts"}],"about":[{"href":"https:\/\/lavoiedessansvoix.fr\/lavoie\/wp-json\/wp\/v2\/types\/post"}],"author":[{"embeddable":true,"href":"https:\/\/lavoiedessansvoix.fr\/lavoie\/wp-json\/wp\/v2\/users\/1"}],"replies":[{"embeddable":true,"href":"https:\/\/lavoiedessansvoix.fr\/lavoie\/wp-json\/wp\/v2\/comments?post=897"}],"version-history":[{"count":1,"href":"https:\/\/lavoiedessansvoix.fr\/lavoie\/wp-json\/wp\/v2\/posts\/897\/revisions"}],"predecessor-version":[{"id":3813,"href":"https:\/\/lavoiedessansvoix.fr\/lavoie\/wp-json\/wp\/v2\/posts\/897\/revisions\/3813"}],"wp:featuredmedia":[{"embeddable":true,"href":"https:\/\/lavoiedessansvoix.fr\/lavoie\/wp-json\/wp\/v2\/media\/4482"}],"wp:attachment":[{"href":"https:\/\/lavoiedessansvoix.fr\/lavoie\/wp-json\/wp\/v2\/media?parent=897"}],"wp:term":[{"taxonomy":"category","embeddable":true,"href":"https:\/\/lavoiedessansvoix.fr\/lavoie\/wp-json\/wp\/v2\/categories?post=897"},{"taxonomy":"post_tag","embeddable":true,"href":"https:\/\/lavoiedessansvoix.fr\/lavoie\/wp-json\/wp\/v2\/tags?post=897"}],"curies":[{"name":"wp","href":"https:\/\/api.w.org\/{rel}","templated":true}]}}